{"id":122975,"date":"2025-12-27T18:17:08","date_gmt":"2025-12-27T18:17:08","guid":{"rendered":"https:\/\/www.europesays.com\/no\/122975\/"},"modified":"2025-12-27T18:17:08","modified_gmt":"2025-12-27T18:17:08","slug":"sa-mye-bruker-kommunen-pa-arets-fyrverkeri-vi-krysser-fingrene-fvn-no","status":"publish","type":"post","link":"https:\/\/www.europesays.com\/no\/122975\/","title":{"rendered":"(+) S\u00e5 mye bruker kommunen p\u00e5 \u00e5rets fyrver\u00adkeri: \u2013 Vi krysser fingrene &#8211; fvn.no"},"content":{"rendered":"<ol>\n<li><a href=\"https:\/\/news.google.com\/rss\/articles\/CBMiowFBVV95cUxQRjRpNjBydFJVLTVCX1Jjdm0xRXJMSWZRRDZnVVJXRlpFRkpZdlVWeWdqNEdISmJEdnU2eXBHUkg0amFDdlluMEFoQXVQWFVmVFE3ak5QZ01NMnc2dWk1R1ktdVJSTG44UW4wZTAyaFpOTWx5d1k4bE1kbmEtVXNzOGxYamhuQXdoc1BDZl9XaGs5UHJPbkhUbTROOWdMUFFUMUlv?oc=5\" target=\"_blank\" rel=\"nofollow noopener\">(+) S\u00e5 mye bruker kommunen p\u00e5 \u00e5rets fyrver\u00adkeri: \u2013 Vi krysser fingrene<\/a>&nbsp;&nbsp;fvn.no<\/li>\n<li><a href=\"https:\/\/news.google.com\/rss\/articles\/CBMijAFBVV95cUxPX0dfRHBMR0tiQml1dTNFRGV4ZEtpd2ZhS3dDTFVBVElCRkZNWEZLS2hTSVZOb3BVX3BpWlR4MllqQUl0cVlUdzdRckQ0dDBsQUtTTTh4RDFNbFYxM3ZKaFpRQUp1TTNaQ1lSZUIwT2xWRW1QV0hucTFGMGQyRmF6Tnc2ZDJXeGgtYXJTaw?oc=5\" target=\"_blank\" rel=\"nofollow noopener\">Oslo: Avlyser fyrverkeri nytt\u00e5rsaften<\/a>&nbsp;&nbsp;VG<\/li>\n<li><a href=\"https:\/\/news.google.com\/rss\/articles\/CBMioAFBVV95cUxOcmxOVlJvcWhQT2EwZC1QMnNLRWR4aHBzcGN4ZTRHdUMtS1lCSjdXaEhJQUxWeUQxNW5tekRlRUoxQ1l6WTR5YjMwNTRDUjhoeHVPRFRCbl9PTFpPSHdDd0pjQk56b3RMMkwwR1JKSHlOTjlpZlJLMGpLWENiOVpuSmJnUkI3TE9JR0F6cVV2QTNCYXRENzJ5MkZlM2FjUlB0?oc=5\" target=\"_blank\" rel=\"nofollow noopener\">Felles fyrverkeri i Oslo avlyst \u2013 spleisen n\u00e5dde ikke m\u00e5let \u2013 Stor-Oslo<\/a>&nbsp;&nbsp;NRK<\/li>\n<li><a href=\"https:\/\/news.google.com\/rss\/articles\/CBMiWEFVX3lxTE5tWTBVRFdlbjBkLWhTcmN5eVpTVWRUY2JNV0w3RkYzY2ItSHFJRS1uN3NfWmF3MGNvYXlwdXZOemk2eGNySUg4M3ZaREt1NDVPTFEzWjZNTUE?oc=5\" target=\"_blank\" rel=\"nofollow noopener\">Kniper 1 mill<\/a>&nbsp;&nbsp;Sol.no samler de viktigste nyhetene for deg!<\/li>\n<li><a href=\"https:\/\/news.google.com\/rss\/articles\/CBMikAFBVV95cUxPcVRzNkhYdU16cWhtZzl0NFF4bVoybEJ2TmltTXhPT2RGQXRUdlBqMHprUDlaZ2c1TnB2RU5ZZzdKLUtObHBFY193YlRqb21uREE0OWFpVzlKYmJGU1JzWS1vY1dKVHJYWXlsTEtkUU5iWUpLZ09nczVJY3NpNlFIbHkyYUZhN3JaQzJxVjJGU1o?oc=5\" target=\"_blank\" rel=\"nofollow noopener\">Ingen fyrverkeri i Rens\u00e5sen \u2013 25 \u00e5r lang tradisjon brytes<\/a>&nbsp;&nbsp;Avisa Nordland<\/li>\n<\/ol>\n","protected":false},"excerpt":{"rendered":"(+) S\u00e5 mye bruker kommunen p\u00e5 \u00e5rets fyrver\u00adkeri: \u2013 Vi krysser fingrene&nbsp;&nbsp;fvn.no Oslo: Avlyser fyrverkeri nytt\u00e5rsaften&nbsp;&nbsp;VG Felles fyrverkeri&hellip;\n","protected":false},"author":2,"featured_media":122976,"comment_status":"","ping_status":"","sticky":false,"template":"","format":"standard","meta":{"footnotes":""},"categories":[10],"tags":[20,21,24,25,10497,15,11980,22,23,13,30,28,29,14,13381,14566,16,26,27],"class_list":{"0":"post-122975","1":"post","2":"type-post","3":"status-publish","4":"format-standard","5":"has-post-thumbnail","7":"category-norge","8":"tag-breaking-news","9":"tag-breakingnews","10":"tag-featured-news","11":"tag-featurednews","12":"tag-fyrverkeri","13":"tag-headlines","14":"tag-kristiansand-kommune","15":"tag-latest-news","16":"tag-latestnews","17":"tag-news","18":"tag-no","19":"tag-norge","20":"tag-norway","21":"tag-nyheter","22":"tag-nyttarsaften","23":"tag-odderoya","24":"tag-overskrifter","25":"tag-top-stories","26":"tag-topstories"},"share_on_mastodon":{"url":"https:\/\/pubeurope.com\/@no\/115792906956336765","error":""},"_links":{"self":[{"href":"https:\/\/www.europesays.com\/no\/wp-json\/wp\/v2\/posts\/122975","targetHints":{"allow":["GET"]}}],"collection":[{"href":"https:\/\/www.europesays.com\/no\/wp-json\/wp\/v2\/posts"}],"about":[{"href":"https:\/\/www.europesays.com\/no\/wp-json\/wp\/v2\/types\/post"}],"author":[{"embeddable":true,"href":"https:\/\/www.europesays.com\/no\/wp-json\/wp\/v2\/users\/2"}],"replies":[{"embeddable":true,"href":"https:\/\/www.europesays.com\/no\/wp-json\/wp\/v2\/comments?post=122975"}],"version-history":[{"count":0,"href":"https:\/\/www.europesays.com\/no\/wp-json\/wp\/v2\/posts\/122975\/revisions"}],"wp:featuredmedia":[{"embeddable":true,"href":"https:\/\/www.europesays.com\/no\/wp-json\/wp\/v2\/media\/122976"}],"wp:attachment":[{"href":"https:\/\/www.europesays.com\/no\/wp-json\/wp\/v2\/media?parent=122975"}],"wp:term":[{"taxonomy":"category","embeddable":true,"href":"https:\/\/www.europesays.com\/no\/wp-json\/wp\/v2\/categories?post=122975"},{"taxonomy":"post_tag","embeddable":true,"href":"https:\/\/www.europesays.com\/no\/wp-json\/wp\/v2\/tags?post=122975"}],"curies":[{"name":"wp","href":"https:\/\/api.w.org\/{rel}","templated":true}]}}