{"id":122977,"date":"2025-12-27T18:19:09","date_gmt":"2025-12-27T18:19:09","guid":{"rendered":"https:\/\/www.europesays.com\/no\/122977\/"},"modified":"2025-12-27T18:19:09","modified_gmt":"2025-12-27T18:19:09","slug":"sport-ski-ikke-sikkert-det-holder-a-ga-fort","status":"publish","type":"post","link":"https:\/\/www.europesays.com\/no\/122977\/","title":{"rendered":"Sport, Ski | Ikke sikkert det holder \u00e5 g\u00e5 fort"},"content":{"rendered":"\n<p>I fotball og h\u00e5ndball, for \u00e5 nevne de to andre tr\u00f8nderske verdensidrettene i tillegg til ski, tar de ut nye lag i ett sett. Det blir nesten aldri noe leven. I langrenn gj\u00f8r de det noen helger hvert \u00e5r. Det blir br\u00e5k hver gang. Langrennstrenerne er flinke til alt, unntatt \u00e5 ta ut lag. For \u00e5 pr\u00f8ve \u00e5 sikre seg, lager de stadig nye retningslinjer og forutsetninger for laguttak. Det blir verre for hver gang.<\/p>\n<p>Utgangspunktet er enkelt: De beste skal g\u00e5.<\/p>\n<p>Trenerne vet, eller de b\u00f8r i det minste vite hvem som er i best form.<\/p>\n<p>Fordi de ikke stoler p\u00e5 det, biter de seg fast i resultatene, som ikke n\u00f8dvendigvis samsvarer med prestasjonene. En god plassering i desember er sv\u00e6rt lite \u00e5 bygge p\u00e5 til et laguttak i februar. S\u00e5 har du et moment i langrenn som de slipper \u00e5 slite med i fotball. Der er alle i troppen, og er du ikke i troppen, er du ikke tilgjengelig. I langrenn er noen i \u00abtroppen\u00bb, som vil si landslaget f\u00f8r sesongen begynner, og de har landslagstrenerne som sine personlige trenere, og for dem er det naturligvis prestisje og f\u00f8lelser med i bildet. Resultatet blir det samme hver gang:<\/p>\n<p>Landslagsl\u00f8perne skj\u00f8nnes inn, de andre ut. Da er det ikke n\u00f8dvendigvis s\u00e5 n\u00f8ye med kriteriene.<\/p>\n<p>N\u00e5 f\u00f8r Tour de Ski er tre tr\u00f8nderske l\u00f8pere i kategorien utsatt, meget utsatt eller kritisk utsatt:<\/p>\n<p>I sistnevnte gruppe finne vi Jan Thomas Jenssen, som er p\u00e5 landslaget, men som ikke har prestert. Kanskje er han tatt av nervene.<\/p>\n<p>Didrik T\u00f8nseth er utsatt, p\u00e5 grensa til kritisk utsatt, enda han har prestert s\u00e5 han burde v\u00e6rt med i verdenscupen i Gran\u00e5sen, og i Tour de Ski. Han er skj\u00f8nnet ut ved begge anledninger. Det synes urimelig, men det registreres knapt.<\/p>\n<p>S\u00e5 har vi v\u00e5r alles Emil Iversen, som alle vi andre \u2013 som ikke er landslagstrenere \u2013 vil ha med i alle l\u00f8p, s\u00e5 sant han er p\u00e5 grensa til \u00e5 v\u00e6re kvalifisert. N\u00e5 er han klart over den grensa, og reiser til Touren, som han fortjener. Der vil han f\u00e5 alle muligheter. Til \u00e5 g\u00e5 seg ut av OL-laget. Har han en d\u00e5rlig dag, vil det bli brukt mot ham. G\u00e5r han fort, vil det bli registrert som \u00e5 v\u00e6re s\u00e5nn noenlunde i rute. Han har, i st\u00f8rre grad enn de andre, kniven p\u00e5 strupen i hvert eneste renn.<\/p>\n<p>Landslagsledelsen skal i hvert fall vite at Tr\u00f8nder-Avisa kommer til \u00e5 f\u00f8lge med p\u00e5 hans vegne. Vi kommer ikke til \u00e5 akseptere nye overgrep.<\/p>\n<p>Lykke til i Touren, Emil!<\/p>\n<p>Det er dessverre ikke sikkert det holder \u00e5 g\u00e5 fort.<\/p>\n<p>   <img decoding=\"async\" width=\"5000\" height=\"3333\" fetchpriority=\"low\"  loading=\"lazy\"  src=\"https:\/\/www.europesays.com\/no\/wp-content\/uploads\/2025\/12\/JAulseth001+%281%29.jpg\" alt=\"Otto Ulseth.&#10;\" class=\"brick-c-cFOWSL\" style=\"--brick-image-ratio: 5000 \/ 3333;\"\/><\/p>\n<p>      Sportskommentator i Tr\u00f8nder-Avisa, Otto Ulseth, mener Emil Iversen fortjener en OL-billett.<br \/>\n      Foto: Johan Arnt Nesg\u00e5rd\n    <\/p>\n","protected":false},"excerpt":{"rendered":"I fotball og h\u00e5ndball, for \u00e5 nevne de to andre tr\u00f8nderske verdensidrettene i tillegg til ski, tar de&hellip;\n","protected":false},"author":2,"featured_media":122978,"comment_status":"","ping_status":"","sticky":false,"template":"","format":"standard","meta":{"footnotes":""},"categories":[59],"tags":[36,3647,398,30,28,29,526,1533,3650,83,82,12662],"class_list":{"0":"post-122977","1":"post","2":"type-post","3":"status-publish","4":"format-standard","5":"has-post-thumbnail","7":"category-sport","8":"tag-art","9":"tag-emil-iversen","10":"tag-langrenn","11":"tag-no","12":"tag-norge","13":"tag-norway","14":"tag-ol","15":"tag-opinion","16":"tag-ski","17":"tag-sport","18":"tag-sports","19":"tag-tour-de-ski"},"share_on_mastodon":{"url":"https:\/\/pubeurope.com\/@no\/115792915122353977","error":""},"_links":{"self":[{"href":"https:\/\/www.europesays.com\/no\/wp-json\/wp\/v2\/posts\/122977","targetHints":{"allow":["GET"]}}],"collection":[{"href":"https:\/\/www.europesays.com\/no\/wp-json\/wp\/v2\/posts"}],"about":[{"href":"https:\/\/www.europesays.com\/no\/wp-json\/wp\/v2\/types\/post"}],"author":[{"embeddable":true,"href":"https:\/\/www.europesays.com\/no\/wp-json\/wp\/v2\/users\/2"}],"replies":[{"embeddable":true,"href":"https:\/\/www.europesays.com\/no\/wp-json\/wp\/v2\/comments?post=122977"}],"version-history":[{"count":0,"href":"https:\/\/www.europesays.com\/no\/wp-json\/wp\/v2\/posts\/122977\/revisions"}],"wp:featuredmedia":[{"embeddable":true,"href":"https:\/\/www.europesays.com\/no\/wp-json\/wp\/v2\/media\/122978"}],"wp:attachment":[{"href":"https:\/\/www.europesays.com\/no\/wp-json\/wp\/v2\/media?parent=122977"}],"wp:term":[{"taxonomy":"category","embeddable":true,"href":"https:\/\/www.europesays.com\/no\/wp-json\/wp\/v2\/categories?post=122977"},{"taxonomy":"post_tag","embeddable":true,"href":"https:\/\/www.europesays.com\/no\/wp-json\/wp\/v2\/tags?post=122977"}],"curies":[{"name":"wp","href":"https:\/\/api.w.org\/{rel}","templated":true}]}}