{"id":122981,"date":"2025-12-27T18:30:12","date_gmt":"2025-12-27T18:30:12","guid":{"rendered":"https:\/\/www.europesays.com\/no\/122981\/"},"modified":"2025-12-27T18:30:12","modified_gmt":"2025-12-27T18:30:12","slug":"russland-patriark-kirill-patriark-kirill-avslort-hemmelig-partner-og-overdadig-livsstil","status":"publish","type":"post","link":"https:\/\/www.europesays.com\/no\/122981\/","title":{"rendered":"Russland, Patriark Kirill | Patriark Kirill avsl\u00f8rt: Hemmelig partner og overd\u00e5dig livsstil"},"content":{"rendered":"\n<p>Den russisk-ortodokse kirkens overhode, patriark Kirill, har i flere ti\u00e5r levd et dobbeltliv med en hemmelig partner, if\u00f8lge det uavhengige russiske mediet Projekt online media.<\/p>\n<p>Det er den finske rikskringkastingen <a href=\"https:\/\/yle.fi\/a\/74-20201380\" rel=\"noopener nofollow\" target=\"_blank\">Yle<\/a> som n\u00e5 siterer uavhengige russiske medier p\u00e5 de oppsiktsvekkende opplysningene om patriark Kirill.<\/p>\n<p>Som leder for den russisk-ortodokse kirken er han underlagt et strengt krav om s\u00f8libat, men nye unders\u00f8kelser tyder p\u00e5 at han har hatt en fast partner som har v\u00e6rt holdt skjult for offentligheten i en \u00e5rrekke.<\/p>\n<p><b>Les ogs\u00e5: <a class=\"simple-relation related-teaser article--c-eRUmMG article--c-eRUmMG-fZoQSp-design-nettavisen article--c-eRUmMG-gwthdJ-cv\" href=\"https:\/\/www.nettavisen.no\/advarer-trump-kina-og-russland-overtar\/s\/5-95-2797560\" rel=\"nofollow noopener\" target=\"_blank\">Advarer Trump: Kina og Russland overtar<\/a><\/b><\/p>\n<p>Avsl\u00f8ringene stopper ikke ved privatlivet, da rapportene ogs\u00e5 knytter patriarken til en livsstil preget av ekstrem luksus. Dette st\u00e5r i skarp kontrast til kirkens egne idealer om n\u00f8kternhet. Dette har tidligere v\u00e6rt rapportert om Kirill.<\/p>\n<p>Blant annet blir det pekt p\u00e5 disposisjoner av luksuseiendommer og tilgang til private yachter og jetfly, verdier som langt overstiger det man kan forvente av en religi\u00f8s leder.<\/p>\n<p><b>Les ogs\u00e5: <a class=\"simple-relation related-teaser article--c-eRUmMG article--c-eRUmMG-fZoQSp-design-nettavisen article--c-eRUmMG-gwthdJ-cv\" href=\"https:\/\/www.nettavisen.no\/stort-angrep-mot-kyiv-over-natten-angrep-med-500-droner\/s\/5-95-2798144\" rel=\"nofollow noopener\" target=\"_blank\">Stort angrep mot Kyiv over natten: \u2013 Angrep med 500 droner<\/a><\/b><\/p>\n<p>N\u00e6r Putin-st\u00f8ttespiller<\/p>\n<p>Patriark Kirill regnes som en av president Vladimir Putins aller n\u00e6rmeste st\u00f8ttespillere. Han har h\u00f8stet massiv internasjonal kritikk for \u00e5 gi sin religi\u00f8se velsignelse til Russlands krigf\u00f8ring i Ukraina, som han har omtalt som en hellig kamp mot vestlige verdier.<\/p>\n<p>If\u00f8lge journalistene bak saken bidrar de nye opplysningene til \u00e5 undergrave patriarkens moralske autoritet. Dette gjelder spesielt hans stadige forsvar for tradisjonelle familieverdier, samtidig som han selv anklages for \u00e5 ha omg\u00e5tt kirkens egne regler.<\/p>\n<p>   <img decoding=\"async\" width=\"6201\" height=\"4134\" fetchpriority=\"low\"  loading=\"lazy\"  src=\"https:\/\/www.europesays.com\/no\/wp-content\/uploads\/2025\/12\/Putin+Kirill.jpg\" alt=\"Russian President Vladimir Putin, left, and Russian Orthodox Church Patriarch Kirill congratulate each other after an Orthodox Easter service at the Christ the Savior Cathedral in Moscow, Russia, on Sunday, April 20, 2025. (Oleg Varov\/Russian Orthodox Church Press Service via AP)\" class=\"brick-c-cFOWSL\" style=\"--brick-image-ratio: 6201 \/ 4134;\"\/><\/p>\n<p>      ALLIERTE: Patriark Kirill har flere ganger velsignet Vladimir Putins krig mot Ukraina.<br \/>\n      Foto: Oleg Varov (AP \/ NTB)\n    <\/p>\n<p>Verken den russisk-ortodokse kirken eller patriarkens kontor har forel\u00f8pig valgt \u00e5 kommentere p\u00e5standene som kommer fram i saken.<\/p>\n<p>Kirill ble i 2009 valgt til \u00e5 v\u00e6re den \u00f8verste lederen for den russisk-ortodokse kirke og er imot abort og homofili. Han ble f\u00f8dt i St. Petersburg og het Vladimir Mikhajlovitsj Gundjajev f\u00f8r han tok navnet Kirill.<\/p>\n<p>    Vil du se neste video?<\/p>\n<p>    <a href=\"https:\/\/www.nettavisen.no\/nyheter\/stripper-pa-string-showbar-i-oslo-avslorer-slik-far-jeg-mest-tips-i-trusa\/v\/5-95-2772941\" class=\"recommend-poster\" data-adp-clicklabel=\"video-recommend\" data-adp-clickvalue=\"poster\" rel=\"nofollow noopener\" target=\"_blank\"><br \/>\n      <img decoding=\"async\" width=\"200\" height=\"200\" loading=\"lazy\" src=\"https:\/\/www.europesays.com\/no\/wp-content\/uploads\/2025\/12\/Stripper+til+cue.jpg\" alt=\"\" class=\"brick-c-cFOWSL\" style=\"--brick-image-ratio: 200 \/ 200;\"\/><\/p>\n<p>Stripper avsl\u00f8rer: \u2013 Slik f\u00e5r jeg mest tips i trusa1:46<\/p>\n<p>    <\/a><\/p>\n<p>        Russlands president Vladimir Putin holdt ikke tilbake p\u00e5 kritikken mot Europa, under et m\u00f8te med det russiske forsvarsdepartementet 17. desember.<br \/>\n        Klokke-skandale<\/p>\n<p>Ogs\u00e5 i 2012 havnet Kirill i sentrum for en skandale da kirken publiserte et bilde av ham som var d\u00e5rlig redigert. P\u00e5 bildet kunne man se speilbildet av en luksusklokke av merket Breguet, verdsatt til over 30.000 dollar, p\u00e5 bordflaten foran ham, selv om klokken var retusjert bort fra armen hans.<\/p>\n<p>Kirken lastet senere opp en ny versjon av bildet hvor klokken var helt fjernet. Kirill nektet den gang for \u00e5 eie en slik klokke og kalte bildet fabrikkert.<\/p>\n<p><b>Les ogs\u00e5: <a class=\"simple-relation related-teaser article--c-eRUmMG article--c-eRUmMG-fZoQSp-design-nettavisen article--c-eRUmMG-gwthdJ-cv\" href=\"https:\/\/www.nettavisen.no\/putin-raser-mot-skattesnyltere-fristelsen-oker\/s\/5-95-2795406\" rel=\"nofollow noopener\" target=\"_blank\">Putin raser mot skattesnyltere: \u2013 Fristelsen \u00f8ker<\/a><\/b><\/p>\n","protected":false},"excerpt":{"rendered":"Den russisk-ortodokse kirkens overhode, patriark Kirill, har i flere ti\u00e5r levd et dobbeltliv med en hemmelig partner, if\u00f8lge&hellip;\n","protected":false},"author":2,"featured_media":122982,"comment_status":"","ping_status":"","sticky":false,"template":"","format":"standard","meta":{"footnotes":""},"categories":[12],"tags":[20,21,24,25,15,22,23,13,30,28,29,14,16,26,27,42,43,44,45],"class_list":{"0":"post-122981","1":"post","2":"type-post","3":"status-publish","4":"format-standard","5":"has-post-thumbnail","7":"category-verden","8":"tag-breaking-news","9":"tag-breakingnews","10":"tag-featured-news","11":"tag-featurednews","12":"tag-headlines","13":"tag-latest-news","14":"tag-latestnews","15":"tag-news","16":"tag-no","17":"tag-norge","18":"tag-norway","19":"tag-nyheter","20":"tag-overskrifter","21":"tag-top-stories","22":"tag-topstories","23":"tag-verden","24":"tag-world","25":"tag-world-news","26":"tag-worldnews"},"share_on_mastodon":{"url":"https:\/\/pubeurope.com\/@no\/115792958396736915","error":""},"_links":{"self":[{"href":"https:\/\/www.europesays.com\/no\/wp-json\/wp\/v2\/posts\/122981","targetHints":{"allow":["GET"]}}],"collection":[{"href":"https:\/\/www.europesays.com\/no\/wp-json\/wp\/v2\/posts"}],"about":[{"href":"https:\/\/www.europesays.com\/no\/wp-json\/wp\/v2\/types\/post"}],"author":[{"embeddable":true,"href":"https:\/\/www.europesays.com\/no\/wp-json\/wp\/v2\/users\/2"}],"replies":[{"embeddable":true,"href":"https:\/\/www.europesays.com\/no\/wp-json\/wp\/v2\/comments?post=122981"}],"version-history":[{"count":0,"href":"https:\/\/www.europesays.com\/no\/wp-json\/wp\/v2\/posts\/122981\/revisions"}],"wp:featuredmedia":[{"embeddable":true,"href":"https:\/\/www.europesays.com\/no\/wp-json\/wp\/v2\/media\/122982"}],"wp:attachment":[{"href":"https:\/\/www.europesays.com\/no\/wp-json\/wp\/v2\/media?parent=122981"}],"wp:term":[{"taxonomy":"category","embeddable":true,"href":"https:\/\/www.europesays.com\/no\/wp-json\/wp\/v2\/categories?post=122981"},{"taxonomy":"post_tag","embeddable":true,"href":"https:\/\/www.europesays.com\/no\/wp-json\/wp\/v2\/tags?post=122981"}],"curies":[{"name":"wp","href":"https:\/\/api.w.org\/{rel}","templated":true}]}}