{"id":122994,"date":"2025-12-27T18:47:21","date_gmt":"2025-12-27T18:47:21","guid":{"rendered":"https:\/\/www.europesays.com\/no\/122994\/"},"modified":"2025-12-27T18:47:21","modified_gmt":"2025-12-27T18:47:21","slug":"store-deltar-i-telefonmote-med-zelenskyj-og-allierte-lordag","status":"publish","type":"post","link":"https:\/\/www.europesays.com\/no\/122994\/","title":{"rendered":"St\u00f8re deltar i telefonm\u00f8te med Zelenskyj og allierte l\u00f8rdag"},"content":{"rendered":"\n<p class=\"_lead_o9xde_2 _lead_xtcu6_50 layout-component text-serif-m layout-normal text-serif-l layout-component layout-wide layout-padded _wide_17hqh_1 layout-padded\">Statsminister Jonas Gahr St\u00f8re (Ap) skal snakke med Ukrainas president Volodymyr Zelenskyj og andre EU-ledere over telefon l\u00f8rdag. <\/p>\n<ul class=\"_gallery_1qa3s_23\" tabindex=\"0\">\n<li class=\"_item_1qa3s_37\" data-index=\"0\"><img fetchpriority=\"high\" decoding=\"async\" class=\"_image_foru8_23 _introGallery_foru8_43\" data-fullscreen- width=\"7274\" height=\"4849\" itemprop=\"image\" loading=\"eager\"  src=\"https:\/\/www.europesays.com\/no\/wp-content\/uploads\/2025\/12\/2adccd91-62ef-481f-ad25-0e98632b6700\"  style=\"object-position:50% 50%;aspect-ratio:var(--gallery-aspect-ratio, 16 \/ 9)\"\/>Statsminister Jonas Gahr St\u00f8re (Ap) skal delta i et telefonm\u00f8te med Zelenskyj og andre allierte l\u00f8rdag. Her avbildet ved en tidligere anledning.  Foto: Ole Berg-Rusten \/ NTB<\/li>\n<li class=\"_item_1qa3s_37\" data-index=\"1\"><img decoding=\"async\" class=\"_image_foru8_23 _introGallery_foru8_43\" data-fullscreen- width=\"5291\" height=\"3527\" itemprop=\"image\" loading=\"lazy\"  src=\"https:\/\/www.europesays.com\/no\/wp-content\/uploads\/2025\/12\/6f287db0-191e-4ef6-80b4-8c23c3af2b2b\"  style=\"object-position:50% 50%;aspect-ratio:var(--gallery-aspect-ratio, 16 \/ 9)\"\/>EU-kommisjonens leder Ursula von der Leyen er ventet \u00e5 snakke med Zelenskyj l\u00f8rdag.  Foto: Geert Vanden Wijngaert \/ AP \/ NTB<\/li>\n<\/ul>\n<p>Statsminister Jonas Gahr St\u00f8re (Ap) skal delta i et telefonm\u00f8te med Zelenskyj og andre allierte l\u00f8rdag. Her avbildet ved en tidligere anledning.  Foto: Ole Berg-Rusten \/ NTB<\/p>\n<ul aria-hidden=\"true\" class=\"_images_ntbth_112\">\n<li><a class=\"_link_ntbth_117\" href=\"https:\/\/www.vg.no\/forfatter\/ntb\" style=\"z-index:1\" title=\"NTB\" rel=\"nofollow noopener\" target=\"_blank\"><img alt=\"Bilde av NTB\" class=\"_image_ntbth_93\" fetchpriority=\"low\" loading=\"lazy\" decoding=\"async\" itemprop=\"image\"  src=\"https:\/\/www.europesays.com\/no\/wp-content\/uploads\/2025\/12\/1766861241_295_c33980b0-5d07-4027-84a1-813f90a7c8d6\"  width=\"480\"\/><\/a><\/li>\n<\/ul>\n<p> Oppdatert l\u00f8rdag 27. desember kl. 12:22     <\/p>\n<p class=\"_paragraph_o9xde_4 _paragraph_xtcu6_10 layout-component text-serif-m layout-normal text-serif-m layout-padded\">Statsminister Jonas Gahr St\u00f8re deltar p\u00e5 et digitalt m\u00f8te med Ukrainas president Volodymyr Zelenskyj og europeiske ledere i kveld, i forkant av det planlagte m\u00f8tet mellom Zelenskyj og USAs president Donald Trump i Florida i morgen s\u00f8ndag, opplyser Statsministerens kontor (SMK) til NTB.<\/p>\n<p class=\"_paragraph_o9xde_4 _paragraph_xtcu6_10 layout-component text-serif-m layout-normal text-serif-m layout-padded\">Ogs\u00e5 EU-kommisjonens leder Ursula von der Leyen skal delta i telefonm\u00f8tet<\/p>\n<p class=\"_paragraph_o9xde_4 _paragraph_xtcu6_10 layout-component text-serif-m layout-normal text-serif-m layout-padded\">Temaet for m\u00f8tet skal if\u00f8lge SMK v\u00e6re prosessen mot en v\u00e5penhvile og arbeidet med en varig og rettferdig fred i Ukraina.<\/p>\n<p class=\"_paragraph_o9xde_4 _paragraph_xtcu6_10 layout-component text-serif-m layout-normal text-serif-m layout-padded\">Volodymyr Zelenskyj skal m\u00f8te Donald Trump klokken 15 lokal tid i Florida s\u00f8ndag. <\/p>\n<p class=\"_paragraph_o9xde_4 _paragraph_xtcu6_10 layout-component text-serif-m layout-normal text-serif-m layout-padded\">Norge har gjennom julen hatt tett kontakt med b\u00e5de Ukraina, andre europeiske ledere og amerikanske myndigheter om arbeidet med en fredsplan, opplyser SMK.<\/p>\n<p class=\"_paragraph_o9xde_4 _paragraph_xtcu6_10 layout-component text-serif-m layout-normal text-serif-m layout-padded\">St\u00f8re har i l\u00f8pet av den siste uken hatt flere samtaler med Ukrainas president Zelenskyj, if\u00f8lge SMK.<\/p>\n","protected":false},"excerpt":{"rendered":"Statsminister Jonas Gahr St\u00f8re (Ap) skal snakke med Ukrainas president Volodymyr Zelenskyj og andre EU-ledere over telefon l\u00f8rdag.&hellip;\n","protected":false},"author":2,"featured_media":122995,"comment_status":"","ping_status":"","sticky":false,"template":"","format":"standard","meta":{"footnotes":""},"categories":[5],"tags":[20,21,24,25,15,19,179,22,23,17,18,13,30,28,29,14,16,26,27],"class_list":{"0":"post-122994","1":"post","2":"type-post","3":"status-publish","4":"format-standard","5":"has-post-thumbnail","7":"category-overskrifter","8":"tag-breaking-news","9":"tag-breakingnews","10":"tag-featured-news","11":"tag-featurednews","12":"tag-headlines","13":"tag-hovedoppslag","14":"tag-krigen-i-ukraina","15":"tag-latest-news","16":"tag-latestnews","17":"tag-main-news","18":"tag-mainnews","19":"tag-news","20":"tag-no","21":"tag-norge","22":"tag-norway","23":"tag-nyheter","24":"tag-overskrifter","25":"tag-top-stories","26":"tag-topstories"},"share_on_mastodon":{"url":"https:\/\/pubeurope.com\/@no\/115793025483571843","error":""},"_links":{"self":[{"href":"https:\/\/www.europesays.com\/no\/wp-json\/wp\/v2\/posts\/122994","targetHints":{"allow":["GET"]}}],"collection":[{"href":"https:\/\/www.europesays.com\/no\/wp-json\/wp\/v2\/posts"}],"about":[{"href":"https:\/\/www.europesays.com\/no\/wp-json\/wp\/v2\/types\/post"}],"author":[{"embeddable":true,"href":"https:\/\/www.europesays.com\/no\/wp-json\/wp\/v2\/users\/2"}],"replies":[{"embeddable":true,"href":"https:\/\/www.europesays.com\/no\/wp-json\/wp\/v2\/comments?post=122994"}],"version-history":[{"count":0,"href":"https:\/\/www.europesays.com\/no\/wp-json\/wp\/v2\/posts\/122994\/revisions"}],"wp:featuredmedia":[{"embeddable":true,"href":"https:\/\/www.europesays.com\/no\/wp-json\/wp\/v2\/media\/122995"}],"wp:attachment":[{"href":"https:\/\/www.europesays.com\/no\/wp-json\/wp\/v2\/media?parent=122994"}],"wp:term":[{"taxonomy":"category","embeddable":true,"href":"https:\/\/www.europesays.com\/no\/wp-json\/wp\/v2\/categories?post=122994"},{"taxonomy":"post_tag","embeddable":true,"href":"https:\/\/www.europesays.com\/no\/wp-json\/wp\/v2\/tags?post=122994"}],"curies":[{"name":"wp","href":"https:\/\/api.w.org\/{rel}","templated":true}]}}