{"id":123005,"date":"2025-12-27T18:55:59","date_gmt":"2025-12-27T18:55:59","guid":{"rendered":"https:\/\/www.europesays.com\/no\/123005\/"},"modified":"2025-12-27T18:55:59","modified_gmt":"2025-12-27T18:55:59","slug":"havnet-midt-i-dramaet-matte-jage-folk-bort","status":"publish","type":"post","link":"https:\/\/www.europesays.com\/no\/123005\/","title":{"rendered":"Havnet midt i dramaet: &#8211; M\u00e5tte jage folk bort"},"content":{"rendered":"<p>YTRE ENEBAKK (Dagbladet): &#8211; Selv om det var en brutal opplevelse, har jeg l\u00e6rt mye. Det har betydd mye for meg \u00e5 f\u00e5 s\u00e5 god kontakt med barna hennes, og all takknemligheten de har vist, sier Bernt Sveen.<\/p>\n<p>65-\u00e5ringen serverer kaffe og kringle til Dagbladet, dr\u00f8ye fem m\u00e5neder etter at han, sammen med en kvinnelig sykepleier, gjorde livreddende f\u00f8rstehjelp etter den massive bussbrannen p\u00e5 Enebakkveien 5. juli 2025.<\/p>\n<p>Han tar oss gjennom hendelsene som har brent seg fast i minnet hans den dagen.<\/p>\n<p>I full fyr\t<\/p>\n<p>Sveen var p\u00e5 vei hjem fra et motorsykkell\u00f8p i Sverige denne dagen. Han passerte f\u00f8rst bussen p\u00e5 et busstopp, f\u00f8r han stanset bilen i veiskulderen, ble passert, og tok den igjen.<\/p>\n<p>&#8211; Jeg ante fred og ingen fare, og h\u00f8rte p\u00e5 musikk i bilen. S\u00e5 s\u00e5 jeg r\u00f8yks\u00f8yla som begynte \u00e5 vokse, forklarer han.<\/p>\n<p>I det han kj\u00f8rte rundt svingen, s\u00e5 han bussen. F\u00f8rst r\u00f8yken, og s\u00e5 flammene inni bussen.<\/p>\n<p>&#8211; Jeg ga gass, kj\u00f8rte forbi bussen og vrengte bilen p\u00e5 tvers av veien for \u00e5 sperre. Deretter l\u00f8p jeg ut, beskriver han.<\/p>\n<p>        <img loading=\"lazy\" decoding=\"async\" src=\"https:\/\/www.europesays.com\/no\/wp-content\/uploads\/2025\/12\/1766861744_610_84022506.webp\" width=\"980\" height=\"667\" title=\"GIKK FORT: Bussen var overtent i l\u00f8pet av et \u00f8yeblikk, har Sveen og andre vitner beskrevet. 13 minutter etter f\u00f8rste n\u00f8dsamtale, var f\u00f8rste brannpatrulje p\u00e5 plass p\u00e5 stedet. Foto: Vilde Polle N\u00f8tnes \/ Dagbladet\" alt=\"\" class=\"\" style=\"--aspect-ratio-image: 1.47; \"\/><\/p>\n<p>\n        GIKK FORT: Bussen var overtent i l\u00f8pet av et \u00f8yeblikk, har Sveen og andre vitner beskrevet. 13 minutter etter f\u00f8rste n\u00f8dsamtale, var f\u00f8rste brannpatrulje p\u00e5 plass p\u00e5 stedet. Foto: Vilde Polle N\u00f8tnes \/ Dagbladet\n    <\/p>\n<p>I l\u00f8pet av et \u00f8yeblikk sto bussen i full fyr. S\u00e5 utfoldte kaoset seg. En mannlig passasjer sto oppreist, kraftig forbrent, og skrek.\u00a0<\/p>\n<p>En hardt skadd kvinne l\u00e5 utenfor bussen.<\/p>\n<p>&#8211; Alt gikk p\u00e5 autopilot. Jeg tenkte ikke s\u00e5 mye. Jeg var bare opptatt av \u00e5 komme meg i gang, forklarer han.<\/p>\n<p>H\u00f8rte flere eksplosjoner\t<\/p>\n<p>Mens han ga f\u00f8rstehjelp til kvinnen p\u00e5 stedet, halvannen meter fra bussen, h\u00f8rte han flere eksplosjoner fra den brennende bussen.<\/p>\n<p>&#8211; Jeg brydde meg ikke s\u00e5 mye om dem. Jeg visste at det ikke var dekkene som hadde eksplodert, og at det skulle mye til f\u00f8r dieseltanken tok fyr, forklarer han.<\/p>\n<p>En kvinne som var til stede, en sykepleier, kom til og bidro. Sammen tok de to kontroll p\u00e5 skadestedet, fordelte arbeidsoppgaver mellom seg, forklarer Sveen.<\/p>\n<p>&#8211; Jeg har tenkt mye p\u00e5 det i etterkant, hvorfor ikke flere kom til og hjalp. Jeg s\u00e5 folk som sto og s\u00e5 p\u00e5. De m\u00e5 nok ha trodd at vi hadde kontroll p\u00e5 situasjonen. Det hadde vi jo ikke. Jeg s\u00e5 flere som filmet. Det veltet et raseri opp i meg der og da. Det har blitt forsterket i etterkant.<\/p>\n<p>    Bussbrannen p\u00e5 Enebakkveien<\/p>\n<p>Ved 18-tida l\u00f8rdag 5. juli startet brannen ombord p\u00e5 550-bussen mot Enebakk kirke, like f\u00f8r kommunegrensa mellom Nordre Follo og Enebakk.<\/p>\n<p>Brannen startet som f\u00f8lge av at en 15 \u00e5r gammel gutt tente p\u00e5 bensin han hadde med seg ombord.<\/p>\n<p>Forsvareren hans har forklart at det hele var et uhell. 15-\u00e5ringen er tiltalt for uaktsom grov framkallelse av fare for allmennheten.<\/p>\n<p>75 \u00e5r gamle Fazia Begum d\u00f8de p\u00e5 sykehus av skadene etter brannen. To andre fikk alvorlige brannskader. Flere andre passasjerer fikk lettere skader.<\/p>\n<p>Den tiltalte ten\u00e5ringen satt varetektsfengslet fram til han ble l\u00f8slatt 8. desember. Saken er berammet i Follo og Nordre \u00d8stfold tingrett fra 21. januar.<\/p>\n<p>      Vis mer<br \/>\n      Vis mindre<\/p>\n<p>Brannvesenet var f\u00f8rste n\u00f8detat p\u00e5 stedet, og var framme 13 minutter etter f\u00f8rste innringing.<\/p>\n<p>Sveen forklarer at bare d\u00f8ra framme p\u00e5 bussen var \u00e5pen. Brannvesenet har i en rapport i etterkant, omtalt av <a href=\"https:\/\/www.tv2.no\/nyheter\/innenriks\/de-dramatiske-minuttene-hvis-det-var-noen-igjen-sa-var-de-tapt\/17904986\/\" rel=\"nofollow noopener\" target=\"_blank\">TV 2<\/a>, beskrevet at det oppsto trengsel om bord p\u00e5 bussen.\u00a0<\/p>\n<p>Det var i starten ukjent om alle passasjerene hadde kommet seg ut, har b\u00e5de Sveen og brannvesenet beskrevet. Det viste det seg at de hadde.<\/p>\n<p>M\u00f8tte familien\t<\/p>\n<p> Kvinnen han fors\u00f8kte \u00e5 redde var Fazia Begum. 75-\u00e5ringen omkom p\u00e5 sykehus natt til mandag 7. juli.<\/p>\n<p>&#8211; Jeg tenkte mye p\u00e5 henne de f\u00f8rste dagene. Da beskjeden kom om at hun var d\u00f8d, raste verden sammen, forteller Sveen.<\/p>\n<p>        <img loading=\"lazy\" decoding=\"async\" src=\"https:\/\/www.europesays.com\/no\/wp-content\/uploads\/2025\/12\/1766861746_856_84022648.webp\" width=\"667\" height=\"627\" title=\"OMKOM: 75 \u00e5r gamle Fazia Begum omkom av skadene etter bussbrannen p\u00e5 Enebakkveien. Foto: Privat\" alt=\"\" class=\"\" style=\"--aspect-ratio-image: 1.06; \"\/><\/p>\n<p>\n        OMKOM: 75 \u00e5r gamle Fazia Begum omkom av skadene etter bussbrannen p\u00e5 Enebakkveien. Foto: Privat\n    <\/p>\n<p>I etterkant kom Sveen i kontakt med familien til Fazia. F\u00f8rst dattera, som han via jungeltelegrafen fikk h\u00f8re at ville m\u00f8te ham, og seinere de andre barna.<\/p>\n<p>Det f\u00f8rste m\u00f8tet varte i tre timer.<\/p>\n<p>&#8211; Jeg fikk &#8230;<\/p>\n<p>Han blir stille et \u00f8yeblikk. Ordene kommer ikke gratis.\u00a0<\/p>\n<p>&#8211; Jeg fikk for f\u00f8rste gang vite hvem hun var. Hva hun hadde betydd for barna sine, og hvilken fantastisk dame hun hadde v\u00e6rt. Det ga sterke inntrykk, og det var vel starten p\u00e5 helbredingen for min del, sier han.<\/p>\n<p>        <img loading=\"lazy\" decoding=\"async\" src=\"https:\/\/www.europesays.com\/no\/wp-content\/uploads\/2025\/12\/1766861748_535_84020972.webp\" width=\"980\" height=\"706\" title=\"STERKT: Bernt Sveen forteller st\u00f8dig og rolig om hendelsene han havnet opp i 5. juli. Men han er tydelig ber\u00f8rt n\u00e5r han beskriver m\u00f8tet og b\u00e5ndet han har dannet med Fazia Begums etterlatte familie. Foto: J\u00f8rn H. Moen \/ Dagbladet\" alt=\"\" class=\"\" style=\"--aspect-ratio-image: 1.39; \"\/><\/p>\n<p>\n        STERKT: Bernt Sveen forteller st\u00f8dig og rolig om hendelsene han havnet opp i 5. juli. Men han er tydelig ber\u00f8rt n\u00e5r han beskriver m\u00f8tet og b\u00e5ndet han har dannet med Fazia Begums etterlatte familie. Foto: J\u00f8rn H. Moen \/ Dagbladet\n    <\/p>\n<p>&#8211; Jeg fikk vite at hun engasjerte seg for barn, ungdom, ensomme eldre, og ikke minst familien sin, sier Sveen.<\/p>\n<p>Fazia Begum var aktiv i R\u00f8de Kors, Frelsesarmeen og moskeen lokalt.\u00a0<\/p>\n<p>&#8211; V\u00e5r mor viet livet sitt til \u00e5 hjelpe andre mennesker. Hun var et varmt, omsorgsfullt og dypt engasjert menneske &#8211; alltid til stede for dem rundt seg, b\u00e5de i familien og i samfunnet, beskrev familien i en uttalelse til pressen da d\u00f8dsfallet ble kjent.\u00a0<\/p>\n<p>&#8211; Hennes raushet og medmenneskelighet har satt spor i utallige liv.<\/p>\n<p>        <img loading=\"lazy\" decoding=\"async\" src=\"https:\/\/www.europesays.com\/no\/wp-content\/uploads\/2025\/12\/1766861750_875_84022646.webp\" width=\"980\" height=\"657\" title=\"TOK FARVEL: Begravelsesseremonien til Fazia Begum ble avholdt i Central Jamaat-e-Ahl-e-Sunnat moskeen i Oslo 11. juli. Foto: Amanda Pedersen Giske \/ NTB\" alt=\"\" class=\"\" style=\"--aspect-ratio-image: 1.49; \"\/><\/p>\n<p>\n        TOK FARVEL: Begravelsesseremonien til Fazia Begum ble avholdt i Central Jamaat-e-Ahl-e-Sunnat moskeen i Oslo 11. juli. Foto: Amanda Pedersen Giske \/ NTB\n    <\/p>\n<p>Sterke inntrykk\t<\/p>\n<p>Bernt Sveen er en h\u00f8y og kraftig mann, som har v\u00e6rt ute en vinternatt selv. Myndig oppsyn, tatoveringer p\u00e5 forarmen, og en r\u00f8st som b\u00e6rer n\u00e5r den m\u00e5.<\/p>\n<p>Fysisk kom han uskadd fra brannen, med unntak av noen mindre skader p\u00e5 hendene etter at han brukte dem til brannslukking.\u00a0<\/p>\n<p>Inntrykkene etter brannen har imidlertid v\u00e6rt sterke. Sveen forteller at han har bearbeidet i samtaler med kona, en liten kameratkrets, i skuret og p\u00e5 banen med motorsyklene sine, og i skauen med to livlige pomeranian-hunder.<\/p>\n<p>Sveen har brukt mye tid p\u00e5 \u00e5 gruble etter brannen. Over hendelsesforl\u00f8pet under brannen, hvorfor han handlet som han gjorde.<\/p>\n<p>&#8211; Det eneste jeg kan si, er at jeg er veldig glad for at jeg gjorde det jeg gjorde.\u00a0<\/p>\n<p>        <img loading=\"lazy\" decoding=\"async\" src=\"https:\/\/www.europesays.com\/no\/wp-content\/uploads\/2025\/12\/1766861752_561_84020971.webp\" width=\"980\" height=\"657\" title=\"STOR MANN, SM\u00c5 HUNDER: Her, p\u00e5 den gamle husmannsplassen i skogen i Ytre Enebakk, har Sveen bearbeidet inntrykkene etter brannen. Det har han gjort i samtale med kona, en liten, men n\u00e6r kameratkrets, og i skogen de to pomeranian-hundene My og Aisha. Foto: J\u00f8rn H. Moen \/ Dagbladet\" alt=\"\" class=\"\" style=\"--aspect-ratio-image: 1.49; \"\/><\/p>\n<p>\n        STOR MANN, SM\u00c5 HUNDER: Her, p\u00e5 den gamle husmannsplassen i skogen i Ytre Enebakk, har Sveen bearbeidet inntrykkene etter brannen. Det har han gjort i samtale med kona, en liten, men n\u00e6r kameratkrets, og i skogen de to pomeranian-hundene My og Aisha. Foto: J\u00f8rn H. Moen \/ Dagbladet\n    <\/p>\n<p>Ikke f\u00f8rste m\u00f8te\t<\/p>\n<p>Bernt Sveen har selv hatt flere brutale m\u00f8ter med d\u00f8den f\u00f8r bussbrannen. Det tror han kan ha spilt inn p\u00e5 hvordan han forholdt seg den dagen.<\/p>\n<p>&#8211; Jeg har funnet mora mi d\u00f8d, og s\u00f8stera mi, av overdose. Jeg hadde en samboer som tok sitt eget liv, som jeg ga livreddende f\u00f8rstehjelp. Jeg har ogs\u00e5 v\u00e6rt til stede under motorsykkelulykker, b\u00e5de i Norge og Thailand, forklarer han.<\/p>\n<p>&#8211; Jeg har tenkt etter brannen at m\u00e5ten jeg reagerte p\u00e5, kanskje har sammenheng med det jeg har opplevd selv.<\/p>\n<p>En 15 \u00e5r gammel gutt er tiltalt for uaktsom grov framkallelse av fare for allmennheten etter brannen.\u00a0<\/p>\n<p>Han har gjennom sin forsvarer Ole-Kristian Ringens uttalt at det hele var et uhell.<\/p>\n<p>I etterkant av hendelsen har 15-\u00e5ringen og hans familie mottatt hets p\u00e5 nett, til den grad at politiet har m\u00e5ttet g\u00e5 ut og be folk om \u00e5 slutte.<\/p>\n<p>&#8211; Politiet vil p\u00e5 sterkeste oppfordre til \u00e5 avst\u00e5 fra dette, uttalte de i en pressemelding uka etter.<\/p>\n<p>Ut mot hets\t<\/p>\n<p>Sveen tar ogs\u00e5 et knallhardt oppgj\u00f8r med hetsen den siktede 15-\u00e5ringen og hans familie har mottatt i sosiale medier i etterkant av episoden.<\/p>\n<p>&#8211; Jeg har reagert voldsomt p\u00e5 hvordan voksne folk kan sette seg ned \u00e5 skrive om en gutt p\u00e5 15 \u00e5r. Han er et barn. Han har hatt store problemer med kriminalitet og rus lenge, sier Sveen.<\/p>\n<p>        <img loading=\"lazy\" decoding=\"async\" src=\"https:\/\/www.europesays.com\/no\/wp-content\/uploads\/2025\/12\/1766861753_450_84020970.webp\" width=\"980\" height=\"657\" title=\"V\u00c6RT UTE EN VINTERNATT: Bernt Sveen har hatt et t\u00f8ft liv, og vokste opp under harde forhold. Det tror han kan ha hatt en innvirkning p\u00e5 hvordan han agerte den dagen. Foto: J\u00f8rn H. Moen \/ Dagbladet\" alt=\"\" class=\"\" style=\"--aspect-ratio-image: 1.49; \"\/><\/p>\n<p>\n        V\u00c6RT UTE EN VINTERNATT: Bernt Sveen har hatt et t\u00f8ft liv, og vokste opp under harde forhold. Det tror han kan ha hatt en innvirkning p\u00e5 hvordan han agerte den dagen. Foto: J\u00f8rn H. Moen \/ Dagbladet\n    <\/p>\n<p>Selv har ogs\u00e5 Sveen vokst opp under t\u00f8ffe omstendigheter. Han havnet som ten\u00e5ring selv utp\u00e5 med rus, og var inne og ute av fengsel for narkotikaforhold fra han var 21, til han var 30 \u00e5r.<\/p>\n<p>Sveen fikk hjelp av Tyrilistiftelsen da han slapp ut av fengsel, og var i ettertid med p\u00e5 \u00e5 grunnlegge rehabiliteringstilbudet Stifinneren i 1992.<\/p>\n<p>&#8211; Hvordan voksne folk kan spy ut s\u00e5 mye ondskap, forst\u00e5r jeg ikke. Jeg har ingen negative tanker om gutten, eller sinne rettet mot ham. Jeg skulle gjerne ha m\u00f8tt ham, f\u00e5tt pratet med ham, og sett om det var noe jeg kunne hjulpet ham med, sier Sveen.<\/p>\n<p>Hardere samfunn\t<\/p>\n<p>Han har grublet mye over det han beskriver som en hardning av samfunnet i etterkant av hendelsen.<\/p>\n<p>&#8211; Samfunnet er veldig polarisert i dag. Det er ikke alle familier som f\u00e5r den beste oppf\u00f8lgingen. Utviklingen vi ser med ungdomskriminalitet, tror jeg handler om mangel p\u00e5 kj\u00e6rlighet og tilh\u00f8righet. Jeg er veldig glad for at jeg vokste opp p\u00e5 70-tallet. Da var vi fri i forhold til de som er unge i dag.<\/p>\n<p>Han setter dette i sammenheng b\u00e5de med hetsen gutten og hans familie har f\u00e5tt, guttens skjebne, og det faktum at folk if\u00f8lge Bernts beretning tok stilling for \u00e5 se p\u00e5, framfor \u00e5 hjelpe, da det brant.<\/p>\n<p>&#8211; Jeg synes vi har blitt mye mer kyniske. M\u00e5ten vi behandler hverandre p\u00e5 har endret seg, sier Sveen.<\/p>\n<p>&#8211; Vi har mye \u00e5 g\u00e5 p\u00e5 n\u00e5r det gjelder \u00e5 v\u00e6re rause mot hverandre. Pr\u00f8ve \u00e5 forst\u00e5 hvor ting begynner, og hvordan det utvikler seg den veien det gj\u00f8r, sier Sveen.<\/p>\n<p>    <a itemprop=\"url\" href=\"https:\/\/www.dagbladet.no\/nyheter\/familien-i-sorg-tristeste-jeg-har-opplevd\/83324276\" rel=\"nofollow noopener\" target=\"_blank\"><\/p>\n<p>        <img loading=\"lazy\" decoding=\"async\" src=\"https:\/\/www.europesays.com\/no\/wp-content\/uploads\/2025\/12\/1766861754_755_83324618.webp\" width=\"980\" height=\"441\" title=\"Familien i sorg: - Tristeste jeg har opplevd\" alt=\"\" class=\"lazyload\" style=\"--aspect-ratio-image: 2.22; \"\/><\/p>\n<p>        Familien i sorg: &#8211; Tristeste jeg har opplevd<\/p>\n<p>    <\/a><\/p>\n<p>\u00a0&#8211; Tar bilder og filmer\t<\/p>\n<p>Sveen reagerer p\u00e5 at ikke flere kom til, og det han beskriver som flere som hadde mobilene framme, som enten filmet, kikket eller tok bilder, i stedet for \u00e5 hjelpe til.\u00a0<\/p>\n<p>&#8211; Jeg m\u00e5tte jage flere av dem fysisk bort, sier Sveen frustrert.<\/p>\n<p>Marius Hansen er utrykningsleder i Follo brannvesen IKS, og var sammen med to kollegaer f\u00f8rst p\u00e5 stedet blant n\u00f8detatene, 13 minutter etter f\u00f8rste n\u00f8dsamtale.<\/p>\n<p>Han opplyser at en av dem som filmet p\u00e5 stedet, sendte direkte til AMK-sentralen og samarbeidet med n\u00f8detatene. Selv husker han ikke andre tilfeller av filming fra denne hendelsen.<\/p>\n<p>&#8211; Men vi s\u00e5 nok ikke mye p\u00e5 publikum, legger han til.<\/p>\n<p>Samtidig p\u00e5peker han at ulykkesfilming og fotografering er langt fra ukjent for brannvesenet i slike situasjoner.<\/p>\n<p>&#8211; Om det ikke er film, er det foto. Ved trafikkulykker med mange forbipasserende er det mange som tar bilder og filmer. Det er ikke \u00f8nskelig, men det er vanskelig for oss \u00e5 gj\u00f8re noe med der og da, sier han.<\/p>\n<p>&#8211; Plikter \u00e5 hjelpe\t<\/p>\n<p>Samtidig er det ogs\u00e5 mange som hjelper til, slik Sveen og sykepleieren gjorde.<\/p>\n<p>&#8211; Vi opplever mange sivilister som hjelper til. Det er ofte de som filmer og holder seg passive som omtales, men det er mange som vil hjelpe til, og som gj\u00f8r det, sier han.<\/p>\n<p>&#8211; Man har en plikt til \u00e5 hjelpe, men ikke alle klarer det.<\/p>\n<p>        <img loading=\"lazy\" decoding=\"async\" itemprop=\"image\" src=\"https:\/\/www.europesays.com\/no\/wp-content\/uploads\/2025\/12\/1766861755_419_84022551.webp\" width=\"180\" height=\"180\" alt=\"Marius Hansen\"\/><\/p>\n<p>            Marius Hansen<br \/>\n            Marius<br \/>\n            Hansen        <\/p>\n<p>Brannmester i Follo brannvesen IKS, og del av f\u00f8rste patrulje p\u00e5 stedet under bussbrannen<\/p>\n<p>Dagbladet har spurt Hansen hva man skal gj\u00f8re n\u00e5r man er f\u00f8rste p\u00e5 plass ved et skadested.<\/p>\n<p>&#8211; F\u00f8rsteinnsats for sivilister er \u00e5 lage et trygt skadested. Hvis ikke er det stor sannsynlighet for at nye skader oppst\u00e5r. Det inneb\u00e6rer \u00e5 sette opp varseltrekant, og gjerne sette bilen p\u00e5 tvers for \u00e5 sperre veien. Fram til n\u00f8detatene kommer er det ikke farlig at veien er stengt, forklarer han.<\/p>\n<p>Deretter skal man ringe 110, 112 eller 113.<\/p>\n<p>&#8211; Da f\u00e5r man ogs\u00e5 st\u00f8tte p\u00e5 telefonen, og hjelp rundt hva man skal gj\u00f8re. AMK-sentralen er utrolig flinke til \u00e5 geleide folk med tanke p\u00e5 helseoppdrag, hva man skal gj\u00f8re og ikke, forklarer han.<\/p>\n<p>        <img loading=\"lazy\" decoding=\"async\" src=\"https:\/\/www.europesays.com\/no\/wp-content\/uploads\/2025\/12\/1766861757_609_84022622.webp\" width=\"980\" height=\"657\" title=\"RING N\u00d8DETATENE: Er du f\u00f8rste person p\u00e5 et skadested, ber brannmester Marius Hansen deg om \u00e5 f\u00f8rst sikre skadestedet, og deretter ringe til en bl\u00e5lysetat. Foto: Hans O. Torgersen \/ NTB\" alt=\"\" class=\"\" style=\"--aspect-ratio-image: 1.49; \"\/><\/p>\n<p>\n        RING N\u00d8DETATENE: Er du f\u00f8rste person p\u00e5 et skadested, ber brannmester Marius Hansen deg om \u00e5 f\u00f8rst sikre skadestedet, og deretter ringe til en bl\u00e5lysetat. Foto: Hans O. Torgersen \/ NTB\n    <\/p>\n<p>N\u00e5r n\u00f8detatene kommer, er neste steg \u00e5 informere dem.<\/p>\n<p>&#8211; Da er du den som har mest informasjon, sier han.<\/p>\n<p class=\"italic m-italic\" data-lab-italic=\"italic\">&#8211; Er det noe man absolutt ikke m\u00e5 gj\u00f8re?<\/p>\n<p>&#8211; Ved akutt sykdom, eller skade, er det verste man kan gj\u00f8re \u00e5 ikke gj\u00f8re noe. Ring n\u00f8detatene s\u00e5 f\u00e5r man god veiledning, og mulighet til \u00e5 gj\u00f8re en forskjell.<\/p>\n<p>    <a itemprop=\"url\" href=\"https:\/\/www.dagbladet.no\/nyheter\/slar-alarm-ikke-godt-nok\/83319194\" rel=\"nofollow noopener\" target=\"_blank\"><\/p>\n<p>        <img loading=\"lazy\" decoding=\"async\" src=\"https:\/\/www.europesays.com\/no\/wp-content\/uploads\/2025\/12\/1766861758_418_83319393.webp\" width=\"980\" height=\"441\" title=\"Sl\u00e5r alarm: - Ikke godt nok\" alt=\"\" class=\"lazyload\" style=\"--aspect-ratio-image: 2.22; \"\/><\/p>\n<p>        Sl\u00e5r alarm: &#8211; Ikke godt nok<\/p>\n<p>    <\/a><\/p>\n<p>&#8211; Blir utrustet\t<\/p>\n<p>I 2020 ble landets f\u00f8rste tilbud for oppf\u00f8lging av personer som har v\u00e6rt til stede eller bidratt med f\u00f8rstehjelp ved alvorlige akutte hendelser opprettet, under kompetansesenteret Rakos ved Stavanger universitetssykehus.<\/p>\n<p>Prosjektleder for tilbudet, Anna Moe \u00d8vsteb\u00f8, som ogs\u00e5 skriver doktorgrad om oppf\u00f8lging av f\u00f8rstehjelpere ved Senter for Krisepsykologi ved UiB, sier det er flere faktorer som p\u00e5virker hvem som griper inn i en krisesituasjon.<\/p>\n<p>&#8211; S\u00e6rlig n\u00e5r det er en st\u00f8rre gruppe, er det st\u00f8rre sjanse for at noen ikke gj\u00f8r noe. Er man alene eller sammen med f\u00e5 andre er det st\u00f8rre sjans for at man gj\u00f8r noe. Heldigvis er det ogs\u00e5 som oftest noen som faktisk klarer \u00e5 handle dersom det er mange til stede, sier \u00d8vsteb\u00f8.<\/p>\n<p>        <img loading=\"lazy\" decoding=\"async\" itemprop=\"image\" src=\"https:\/\/www.europesays.com\/no\/wp-content\/uploads\/2025\/12\/1766861759_597_84022547.webp\" width=\"180\" height=\"180\" alt=\"Anna Moe \u00d8vsteb\u00f8\"\/><\/p>\n<p>            Anna Moe \u00d8vsteb\u00f8<br \/>\n            Anna Moe<br \/>\n            \u00d8vsteb\u00f8        <\/p>\n<p>Prosjektleder for oppf\u00f8lgingstilbudet ved SUS, og doktorgradsstipendiat ved UiB<\/p>\n<p>Hun forklarer at noen opplever en sterk aktivering i slike situasjoner og f\u00f8ler seg rustet til \u00e5 hjelpe, mens andre kan fryse til.<\/p>\n<p>\u00d8vsteb\u00f8s erfaring er at mange av dem som faktisk bidrar, ofte er forberedt.<\/p>\n<p>Hun forteller at det krever mindre hjernekapasitet \u00e5 handle n\u00e5r man har \u00f8vd, for eksempel ved \u00e5 ha tatt et f\u00f8rstehjelpskurs. Personlighet kan ogs\u00e5 spille inn. If\u00f8lge \u00d8vsteb\u00f8 h\u00e5ndterer personer med god selvtillit ofte situasjonen bedre, b\u00e5de der og da og i etterkant.<\/p>\n<p>Bystander-effekten\t<\/p>\n<p>Det kan v\u00e6re flere \u00e5rsaker til at enkelte velger \u00e5 ikke gripe inn i en slik situasjon, forklarer doktorgradsstipendiat Anna Moe \u00d8vsteb\u00f8.<\/p>\n<p>Samtidig kan bystander-effekten gj\u00f8re at folk lar v\u00e6re \u00e5 gripe inn n\u00e5r mange er til stede, fordi ansvaret oppleves som delt, og man tenker at andre tar tak.<\/p>\n<p>Flere som hjelper til i slike situasjoner, kan ogs\u00e5 oppleve ettervirkninger i etterkant, forteller \u00d8vsteb\u00f8. Det kan handle om sterke inntrykk, konsentrasjonsvansker, at man lett skvetter av h\u00f8ye lyder og frykt for at nye alvorlige ting skal skje.<\/p>\n<p>&#8211; Enkelte unng\u00e5r ting som minner om hendelsen, som stedet der det skjedde eller kl\u00e6rne man hadde p\u00e5, sier hun.<\/p>\n<p>\u00d8vsteb\u00f8 understreker at mange av reaksjonene er normale, og at de for mange g\u00e5r over etter de f\u00f8rste ukene.<\/p>\n<p>&#8211; Det er ikke alle som trenger hjelp, og vi skal ikke tvinge det p\u00e5 folk. Men for mange vil det oppleves som verdifullt \u00e5 kunne snakke med noen, sier hun.<\/p>\n<p>    Trenger du noen \u00e5 snakke med?<\/p>\n<p>Oppf\u00f8lgingstilbud til f\u00f8rstehjelpere i regi av Stavanger universitetssykehus gjelder for hele landet.\u00a0<\/p>\n<p>Alle som har v\u00e6rt til stede under en alvorlig hendelse, som en ulykke, et selvmord, eller et selvmordsfors\u00f8k, ogs\u00e5 de som ikke har gitt f\u00f8rstehjelp, <a href=\"https:\/\/www.helse-stavanger.no\/fag-og-forskning\/kompetansetjenester\/rakos\/prosjekter\/forstehjelpere\/\" rel=\"nofollow noopener\" target=\"_blank\">kan kontakte dem<\/a>.\u00a0<\/p>\n<p>De kan n\u00e5s p\u00e5 telefon 02415.<\/p>\n<p>      Vis mer<br \/>\n      Vis mindre<\/p>\n<p>I retten i januar\t<\/p>\n<p>Dagbladet har v\u00e6rt i kontakt med Hilde Lenz, bistandsadvokat for den ene skadde forn\u00e6rmede.<\/p>\n<p>Hun \u00f8nsker ikke \u00e5 kommentere saken<\/p>\n<p>Det gj\u00f8r heller ikke Ole-Kristian Ringnes, forsvarer for den tiltalte ten\u00e5ringsgutten.<\/p>\n<p>Fazia Begums etterlatte er orientert om denne saken via sin bistandsadvokat Anne Marie Sundby.<\/p>\n<p>Saken skal opp i retten 21. januar.\u00a0<\/p>\n","protected":false},"excerpt":{"rendered":"YTRE ENEBAKK (Dagbladet): &#8211; Selv om det var en brutal opplevelse, har jeg l\u00e6rt mye. Det har betydd&hellip;\n","protected":false},"author":2,"featured_media":123006,"comment_status":"","ping_status":"","sticky":false,"template":"","format":"standard","meta":{"footnotes":""},"categories":[5],"tags":[20,21,24,25,15,19,2539,22,23,17,18,13,30,28,29,14,16,26,27],"class_list":{"0":"post-123005","1":"post","2":"type-post","3":"status-publish","4":"format-standard","5":"has-post-thumbnail","7":"category-overskrifter","8":"tag-breaking-news","9":"tag-breakingnews","10":"tag-featured-news","11":"tag-featurednews","12":"tag-headlines","13":"tag-hovedoppslag","14":"tag-innenriks","15":"tag-latest-news","16":"tag-latestnews","17":"tag-main-news","18":"tag-mainnews","19":"tag-news","20":"tag-no","21":"tag-norge","22":"tag-norway","23":"tag-nyheter","24":"tag-overskrifter","25":"tag-top-stories","26":"tag-topstories"},"share_on_mastodon":{"url":"https:\/\/pubeurope.com\/@no\/115793060737491654","error":""},"_links":{"self":[{"href":"https:\/\/www.europesays.com\/no\/wp-json\/wp\/v2\/posts\/123005","targetHints":{"allow":["GET"]}}],"collection":[{"href":"https:\/\/www.europesays.com\/no\/wp-json\/wp\/v2\/posts"}],"about":[{"href":"https:\/\/www.europesays.com\/no\/wp-json\/wp\/v2\/types\/post"}],"author":[{"embeddable":true,"href":"https:\/\/www.europesays.com\/no\/wp-json\/wp\/v2\/users\/2"}],"replies":[{"embeddable":true,"href":"https:\/\/www.europesays.com\/no\/wp-json\/wp\/v2\/comments?post=123005"}],"version-history":[{"count":0,"href":"https:\/\/www.europesays.com\/no\/wp-json\/wp\/v2\/posts\/123005\/revisions"}],"wp:featuredmedia":[{"embeddable":true,"href":"https:\/\/www.europesays.com\/no\/wp-json\/wp\/v2\/media\/123006"}],"wp:attachment":[{"href":"https:\/\/www.europesays.com\/no\/wp-json\/wp\/v2\/media?parent=123005"}],"wp:term":[{"taxonomy":"category","embeddable":true,"href":"https:\/\/www.europesays.com\/no\/wp-json\/wp\/v2\/categories?post=123005"},{"taxonomy":"post_tag","embeddable":true,"href":"https:\/\/www.europesays.com\/no\/wp-json\/wp\/v2\/tags?post=123005"}],"curies":[{"name":"wp","href":"https:\/\/api.w.org\/{rel}","templated":true}]}}