{"id":123011,"date":"2025-12-27T19:17:24","date_gmt":"2025-12-27T19:17:24","guid":{"rendered":"https:\/\/www.europesays.com\/no\/123011\/"},"modified":"2025-12-27T19:17:24","modified_gmt":"2025-12-27T19:17:24","slug":"mosjoen-sandnessjoen-flere-tusen-stromlose-pa-helgeland","status":"publish","type":"post","link":"https:\/\/www.europesays.com\/no\/123011\/","title":{"rendered":"Mosj\u00f8en, Sandnessj\u00f8en | Flere tusen str\u00f8ml\u00f8se p\u00e5 Helgeland"},"content":{"rendered":"\n<p>\u2013 Vi ber folk om \u00e5 ha t\u00e5lmodighet, for dette vil ta tid, sier Frode Dorp, kommunikasjonssjef Linea.<\/p>\n<p>L\u00f8rdags morgen er det meldt om flere str\u00f8mbrudd i Vefsn, Leirfjord og Grane.<\/p>\n<p>\u2013 Det har v\u00e6rt lite feil i l\u00f8pet av natta, men f\u00f8r klokken seks eskalerte det med feil og vindstyrke. Det er n\u00e5 tre regionale feil, og n\u00e5r de faller ut blir det mange str\u00f8ml\u00f8se. Vi har ogs\u00e5 b\u00e5de h\u00f8yspent- og lavspent feil, forteller kommunikasjonssjefen.<\/p>\n<p>If\u00f8lge str\u00f8mbruddskartet til Linea er det rundt 330 uten str\u00f8m i Leirfjord, 150 uten str\u00f8m i Vefsn og 341 uten str\u00f8m i Grane. Tallene kan derimot v\u00e6re mye h\u00f8yere enn det som vises.<\/p>\n<p>P\u00e5 grunn av s\u00e5 mange feil p\u00e5 str\u00f8mnettet s\u00e5 tar det tid for datasystemet \u00e5 oppdatere seg.<\/p>\n<p>\u2013 Vi har kontroll p\u00e5 feilsituasjoner, selv om det ikke vises p\u00e5 str\u00f8mnettet. Slik det er n\u00e5 kan jeg ikke si hvor mange som er str\u00f8ml\u00f8se for tallet endrer seg hvert sekund, men det er flere tusen som er str\u00f8ml\u00f8se p\u00e5 Helgeland, sier Dorp.<\/p>\n<p>Han ber folk om forst\u00e5else og t\u00e5lmodighet i dag.<\/p>\n<p>\u2013 Vi kommer til \u00e5 sende ut mannskap med en gang det er forsvarlig, men vi m\u00e5 tenke p\u00e5 egen sikkerhet.<\/p>\n","protected":false},"excerpt":{"rendered":"\u2013 Vi ber folk om \u00e5 ha t\u00e5lmodighet, for dette vil ta tid, sier Frode Dorp, kommunikasjonssjef Linea.&hellip;\n","protected":false},"author":2,"featured_media":4133,"comment_status":"","ping_status":"","sticky":false,"template":"","format":"standard","meta":{"footnotes":""},"categories":[10],"tags":[36,20,21,24,25,2450,15,22,23,2688,1068,13,30,28,29,14,16,1953,1510,243,26,27,553],"class_list":{"0":"post-123011","1":"post","2":"type-post","3":"status-publish","4":"format-standard","5":"has-post-thumbnail","7":"category-norge","8":"tag-art","9":"tag-breaking-news","10":"tag-breakingnews","11":"tag-featured-news","12":"tag-featurednews","13":"tag-grane","14":"tag-headlines","15":"tag-latest-news","16":"tag-latestnews","17":"tag-leirfjord","18":"tag-mosjoen","19":"tag-news","20":"tag-no","21":"tag-norge","22":"tag-norway","23":"tag-nyheter","24":"tag-overskrifter","25":"tag-sandnessjoen","26":"tag-story","27":"tag-strom","28":"tag-top-stories","29":"tag-topstories","30":"tag-vaer"},"share_on_mastodon":{"url":"https:\/\/pubeurope.com\/@no\/115793142922238016","error":""},"_links":{"self":[{"href":"https:\/\/www.europesays.com\/no\/wp-json\/wp\/v2\/posts\/123011","targetHints":{"allow":["GET"]}}],"collection":[{"href":"https:\/\/www.europesays.com\/no\/wp-json\/wp\/v2\/posts"}],"about":[{"href":"https:\/\/www.europesays.com\/no\/wp-json\/wp\/v2\/types\/post"}],"author":[{"embeddable":true,"href":"https:\/\/www.europesays.com\/no\/wp-json\/wp\/v2\/users\/2"}],"replies":[{"embeddable":true,"href":"https:\/\/www.europesays.com\/no\/wp-json\/wp\/v2\/comments?post=123011"}],"version-history":[{"count":0,"href":"https:\/\/www.europesays.com\/no\/wp-json\/wp\/v2\/posts\/123011\/revisions"}],"wp:featuredmedia":[{"embeddable":true,"href":"https:\/\/www.europesays.com\/no\/wp-json\/wp\/v2\/media\/4133"}],"wp:attachment":[{"href":"https:\/\/www.europesays.com\/no\/wp-json\/wp\/v2\/media?parent=123011"}],"wp:term":[{"taxonomy":"category","embeddable":true,"href":"https:\/\/www.europesays.com\/no\/wp-json\/wp\/v2\/categories?post=123011"},{"taxonomy":"post_tag","embeddable":true,"href":"https:\/\/www.europesays.com\/no\/wp-json\/wp\/v2\/tags?post=123011"}],"curies":[{"name":"wp","href":"https:\/\/api.w.org\/{rel}","templated":true}]}}