{"id":123014,"date":"2025-12-27T19:25:08","date_gmt":"2025-12-27T19:25:08","guid":{"rendered":"https:\/\/www.europesays.com\/no\/123014\/"},"modified":"2025-12-27T19:25:08","modified_gmt":"2025-12-27T19:25:08","slug":"det-har-gjort-noe-med-meg-a-flytte-hovedkontoret-til-trondheim-adressa-no","status":"publish","type":"post","link":"https:\/\/www.europesays.com\/no\/123014\/","title":{"rendered":"\u2013 Det har gjort noe med meg \u00e5 flytte hoved\u00adkontoret til Trond\u00adheim &#8211; adressa.no"},"content":{"rendered":"<ol>\n<li><a href=\"https:\/\/news.google.com\/rss\/articles\/CBMitAFBVV95cUxQb1hub1N0OVlVeHFGb1V4bzNHcWtGcUhZcHlHOHBiczBCbmhLd0V3ZWJsdEZzbTdiYUh6bzBaUl9HQVZDRjNLQUFrbjM2cERCaENTcGt5MWNxLVlweVNHM3ZJWGxxUkx6SFBNQWF3Rm8wWHVmalN2c2Rydk9XOUIwVlNFWVgtUDZDcDV0VG54X2dWMVEwZjZOcC12a19yN0p6aDVtUG9MSzFka1U0dFA4SUh5Wlk?oc=5\" target=\"_blank\" rel=\"nofollow noopener\">\u2013 Det har gjort noe med meg \u00e5 flytte hoved\u00adkontoret til Trond\u00adheim<\/a>&nbsp;&nbsp;adressa.no<\/li>\n<li><a href=\"https:\/\/news.google.com\/rss\/articles\/CBMidkFVX3lxTE0xcVhTRHZsWUVVWjlYakotUktsUUVxamNOX19VLUdzci11c2VuenFmWmp1STQ4MmFuWVFMLU1OLXExTVFkaU5KRHh3cUczQzY4UTdSOFB3RTRWSFVzS1FIbFJYamRHMnJuU0NuOVZtbGFkM2V6UkE?oc=5\" target=\"_blank\" rel=\"nofollow noopener\">Forlenger driften p\u00e5 Nordlandsbanen<\/a>&nbsp;&nbsp;Avisa Nordland<\/li>\n<li><a href=\"https:\/\/news.google.com\/rss\/articles\/CBMimwFBVV95cUxQN1hhRVBnVm1BR0Q0Z2dESHFFNG5BNUhQcHdLa0RhMDA3RTBlMVhkdTJadTc5bUxzdXBRdnpTanlVRHMxNGtVSEpyRXhFcy03c3FiQ3dQODFvVGN0bjVkV3pvMnljdXZDenJLeFhPcVhHS2NjSnE1YVpoNnJ0bEx6M01NRzZmTGZPVmJESlJVR2dVVmJRTGF3dFdHcw?oc=5\" target=\"_blank\" rel=\"nofollow noopener\">SJ Norge f\u00e5r fortsette p\u00e5 Raumabanen i nye \u00e5r<\/a>&nbsp;&nbsp;andalsnes-avis.no<\/li>\n<li><a href=\"https:\/\/news.google.com\/rss\/articles\/CBMiekFVX3lxTE1CRHpCZUxNVTFOa2tMUXhvUDJCcTBWam5USXFHQTk4LXR1VE96RlRlNDFsUzRZY1RMTEJGWFdZWWNzazdGLXlJQ3hOX1BJRGZFUmNZQUdKY3dVVGVVLVRPRlpGeUFVTXA4Q1Vad1FHanFKNTRjU3dGY2N3?oc=5\" target=\"_blank\" rel=\"nofollow noopener\">F\u00e5r kj\u00f8re togene i fem \u00e5r til<\/a>&nbsp;&nbsp;vigga.no<\/li>\n<li><a href=\"https:\/\/news.google.com\/rss\/articles\/CBMipAFBVV95cUxPYXNCSHVLR2NYVTItZkREZEtUcHZlZHF1Si1URXdsSVl6ckVRN3BROVVLRFlGdjYta3FXU2pJdnl1UFhjZ2hmTFpRQVo0a3daZVNaTFRZTE9qQ2I0SlRScmV0ZEF5U2dOOFprZWhYYlphSlQwd3NSSEV3Y3RfWUExemI2cXFpNVdmOVEwbVBMcjRrWVRvYm9jU1djb3lORGppZjV1bQ?oc=5\" target=\"_blank\" rel=\"nofollow noopener\">F\u00e5r kj\u00f8re Dovrebanen ut 2030. Dette sier SJ Norge om nye togavganger<\/a>&nbsp;&nbsp;mn24.no<\/li>\n<\/ol>\n","protected":false},"excerpt":{"rendered":"\u2013 Det har gjort noe med meg \u00e5 flytte hoved\u00adkontoret til Trond\u00adheim&nbsp;&nbsp;adressa.no Forlenger driften p\u00e5 Nordlandsbanen&nbsp;&nbsp;Avisa Nordland SJ&hellip;\n","protected":false},"author":2,"featured_media":123015,"comment_status":"","ping_status":"","sticky":false,"template":"","format":"standard","meta":{"footnotes":""},"categories":[5],"tags":[20,21,3725,9222,24,25,15,19,8059,6677,22,23,17,18,11398,11397,13,30,450,28,29,14,16,14569,14567,14568,5147,449,26,27],"class_list":{"0":"post-123014","1":"post","2":"type-post","3":"status-publish","4":"format-standard","5":"has-post-thumbnail","7":"category-overskrifter","8":"tag-breaking-news","9":"tag-breakingnews","10":"tag-buss-for-tog","11":"tag-dovrebanen","12":"tag-featured-news","13":"tag-featurednews","14":"tag-headlines","15":"tag-hovedoppslag","16":"tag-jernbanedirektoratet","17":"tag-jon-ivar-nygard","18":"tag-latest-news","19":"tag-latestnews","20":"tag-main-news","21":"tag-mainnews","22":"tag-merakerbanen","23":"tag-nattog","24":"tag-news","25":"tag-no","26":"tag-nordlandsbanen","27":"tag-norge","28":"tag-norway","29":"tag-nyheter","30":"tag-overskrifter","31":"tag-raumabanen","32":"tag-rikke-lind","33":"tag-rorosbanen","34":"tag-sj","35":"tag-sj-norge","36":"tag-top-stories","37":"tag-topstories"},"share_on_mastodon":{"url":"https:\/\/pubeurope.com\/@no\/115793174413213514","error":""},"_links":{"self":[{"href":"https:\/\/www.europesays.com\/no\/wp-json\/wp\/v2\/posts\/123014","targetHints":{"allow":["GET"]}}],"collection":[{"href":"https:\/\/www.europesays.com\/no\/wp-json\/wp\/v2\/posts"}],"about":[{"href":"https:\/\/www.europesays.com\/no\/wp-json\/wp\/v2\/types\/post"}],"author":[{"embeddable":true,"href":"https:\/\/www.europesays.com\/no\/wp-json\/wp\/v2\/users\/2"}],"replies":[{"embeddable":true,"href":"https:\/\/www.europesays.com\/no\/wp-json\/wp\/v2\/comments?post=123014"}],"version-history":[{"count":0,"href":"https:\/\/www.europesays.com\/no\/wp-json\/wp\/v2\/posts\/123014\/revisions"}],"wp:featuredmedia":[{"embeddable":true,"href":"https:\/\/www.europesays.com\/no\/wp-json\/wp\/v2\/media\/123015"}],"wp:attachment":[{"href":"https:\/\/www.europesays.com\/no\/wp-json\/wp\/v2\/media?parent=123014"}],"wp:term":[{"taxonomy":"category","embeddable":true,"href":"https:\/\/www.europesays.com\/no\/wp-json\/wp\/v2\/categories?post=123014"},{"taxonomy":"post_tag","embeddable":true,"href":"https:\/\/www.europesays.com\/no\/wp-json\/wp\/v2\/tags?post=123014"}],"curies":[{"name":"wp","href":"https:\/\/api.w.org\/{rel}","templated":true}]}}