{"id":123018,"date":"2025-12-27T19:33:10","date_gmt":"2025-12-27T19:33:10","guid":{"rendered":"https:\/\/www.europesays.com\/no\/123018\/"},"modified":"2025-12-27T19:33:10","modified_gmt":"2025-12-27T19:33:10","slug":"lillehammer-sport-joakim-eidsa-arnestad-gjor-comeback-for-lillehammer-ishockeyklubb-etter-at-han-la-opp","status":"publish","type":"post","link":"https:\/\/www.europesays.com\/no\/123018\/","title":{"rendered":"Lillehammer, Sport | Joakim Eidsa Arnestad gj\u00f8r comeback for Lillehammer Ishockeyklubb etter at han la opp"},"content":{"rendered":"\n<p>Det var etter fjor\u00e5rets sesong at hockeylegenden takket for seg etter manglende motivasjon for \u00e5 g\u00e5 p\u00e5 en ny sesong.<\/p>\n<p>N\u00e5 har han signert for klubben og er klar for \u00e5 ta poeng igjen for klubben han elsker. Han kan allerede bli klar i s\u00f8ndagens kamp mot Stjernen.<\/p>\n<p>\u2013 Jeg fikk lysten til \u00e5 spille igjen for en stund siden, og n\u00e5 l\u00f8ste det seg med jobben og for klubben. Da var det naturlig \u00e5 gripe muligheten, sier Arnestad i en pressemelding.<\/p>\n<p>Han synes det er godt \u00e5 v\u00e6re tilbake i hockeymilj\u00f8et.<\/p>\n<p>\u2013 Det er fint \u00e5 komme inn i garderoben igjen og m\u00f8te gutta. Jeg har blitt tatt veldig godt imot p\u00e5 en veldig fin m\u00e5te. Jeg har f\u00e5tt trent p\u00e5 is en periode og det har gitt mersmak, sier Arnestad.<\/p>\n<p>Til sammen har han spilt over 1.000 kamper for klubben gjennom 20 \u00e5r.<\/p>\n<p>Str\u00e5lende forn\u00f8yd med signeringen<\/p>\n<p>Nick Dineen, daglig leder for hockeyklubben, er str\u00e5lende forn\u00f8yd med signeringen.<\/p>\n<p>\u2013 Vi er veldig glade for \u00e5 ha Eidsa tilbake. Erfaringen og lederegenskapene hans vil v\u00e6re viktige for \u00e5 stabilisere et ungt lag inn mot avslutningen av sesongen, sier Dineen i en pressemelding.<\/p>\n<p>   <img decoding=\"async\" width=\"7580\" height=\"5053\" fetchpriority=\"low\"  loading=\"lazy\"  src=\"https:\/\/www.europesays.com\/no\/wp-content\/uploads\/2025\/12\/MS3_0017.jpg\" alt=\"\" class=\"brick-c-cFOWSL\" style=\"--brick-image-ratio: 7580 \/ 5053;\"\/><\/p>\n<p>      Nick Dineen er meget forn\u00f8yd med \u00e5 f\u00e5 tilbake Arnestad i stallen sin.<br \/>\n      Foto: J\u00f8rgen Karlsen\n    <\/p>\n<p>Ogs\u00e5 hovedtrener Johan \u00c5kman ser store fordeler med comebacket.<\/p>\n<p>\u2013 Han vil bidra med kultur og erfaring. Jeg h\u00e5per han kan ta et stort ansvar for \u00e5 stabilisere spillet v\u00e5rt, sier \u00c5kman i pressemeldingen.<\/p>\n<p>Kan v\u00e6re klar mot Stjernen<\/p>\n<p>At klubben f\u00e5r en rutinert spiller tilbake kan komme godt med etter at klubben st\u00e5r med fem strake tap \u2013 <a href=\"https:\/\/www.gd.no\/na-topper-liam-lista-motstanderens-nokkelspiller-er-utestengt\/s\/5-18-2427445\" rel=\"Follow nofollow noopener\" target=\"_blank\">n\u00e5 sist mot Stavanger<\/a>.<\/p>\n<p>Kaptein Christian Fosse tror comebacket vil l\u00f8fte laget.<\/p>\n<p>\u2013 Vi f\u00e5r tilf\u00f8rt b\u00e5de kvalitet og trygghet. Ikke bare p\u00e5 isen, men ogs\u00e5 p\u00e5 trening, sier Fosse.<\/p>\n<p>Neste kamp for hockeyklubben er mot Stjernen 28. desember \u2013 da kanskje med Arnestad p\u00e5 isen igjen.<\/p>\n","protected":false},"excerpt":{"rendered":"Det var etter fjor\u00e5rets sesong at hockeylegenden takket for seg etter manglende motivasjon for \u00e5 g\u00e5 p\u00e5 en&hellip;\n","protected":false},"author":2,"featured_media":123019,"comment_status":"","ping_status":"","sticky":false,"template":"","format":"standard","meta":{"footnotes":""},"categories":[59],"tags":[36,1427,5516,30,28,29,83,82,1510],"class_list":{"0":"post-123018","1":"post","2":"type-post","3":"status-publish","4":"format-standard","5":"has-post-thumbnail","7":"category-sport","8":"tag-art","9":"tag-lillehammer","10":"tag-lillehammer-ishockeyklubb","11":"tag-no","12":"tag-norge","13":"tag-norway","14":"tag-sport","15":"tag-sports","16":"tag-story"},"share_on_mastodon":{"url":"https:\/\/pubeurope.com\/@no\/115793205990092853","error":""},"_links":{"self":[{"href":"https:\/\/www.europesays.com\/no\/wp-json\/wp\/v2\/posts\/123018","targetHints":{"allow":["GET"]}}],"collection":[{"href":"https:\/\/www.europesays.com\/no\/wp-json\/wp\/v2\/posts"}],"about":[{"href":"https:\/\/www.europesays.com\/no\/wp-json\/wp\/v2\/types\/post"}],"author":[{"embeddable":true,"href":"https:\/\/www.europesays.com\/no\/wp-json\/wp\/v2\/users\/2"}],"replies":[{"embeddable":true,"href":"https:\/\/www.europesays.com\/no\/wp-json\/wp\/v2\/comments?post=123018"}],"version-history":[{"count":0,"href":"https:\/\/www.europesays.com\/no\/wp-json\/wp\/v2\/posts\/123018\/revisions"}],"wp:featuredmedia":[{"embeddable":true,"href":"https:\/\/www.europesays.com\/no\/wp-json\/wp\/v2\/media\/123019"}],"wp:attachment":[{"href":"https:\/\/www.europesays.com\/no\/wp-json\/wp\/v2\/media?parent=123018"}],"wp:term":[{"taxonomy":"category","embeddable":true,"href":"https:\/\/www.europesays.com\/no\/wp-json\/wp\/v2\/categories?post=123018"},{"taxonomy":"post_tag","embeddable":true,"href":"https:\/\/www.europesays.com\/no\/wp-json\/wp\/v2\/tags?post=123018"}],"curies":[{"name":"wp","href":"https:\/\/api.w.org\/{rel}","templated":true}]}}