{"id":123028,"date":"2025-12-27T19:46:09","date_gmt":"2025-12-27T19:46:09","guid":{"rendered":"https:\/\/www.europesays.com\/no\/123028\/"},"modified":"2025-12-27T19:46:09","modified_gmt":"2025-12-27T19:46:09","slug":"ukraina-har-bred-europeisk-stotte-nar-zelenskyj-moter-trump","status":"publish","type":"post","link":"https:\/\/www.europesays.com\/no\/123028\/","title":{"rendered":"\u2013 Ukraina har bred europeisk st\u00f8tte n\u00e5r Zelenskyj m\u00f8ter Trump"},"content":{"rendered":"\n<p class=\"_lead_o9xde_2 _lead_xtcu6_50 layout-component text-serif-m layout-normal text-serif-l layout-component layout-wide layout-padded _wide_17hqh_1 layout-padded\">Statsminister Jonas Gahr St\u00f8re (Ap) sier s\u00f8ndagens m\u00f8te i Florida vil vise om det er grunnlag for \u00e5 g\u00e5 videre med en forhandlet l\u00f8sning med Russland.<\/p>\n<p><img alt=\"Ukrainas president Volodymyr Zelenskyj har Europa i ryggen n\u00e5r han s\u00f8ndag m\u00f8ter USAs president Donald Trump, sier statsminister Jonas Gahr St\u00f8re (Ap).  Foto: Ole Berg-Rusten \/ NTB\" class=\"_image_qp4xg_65 layout-component layout-wide\" data-fullscreen- data-track-element-type=\"Article image fullscreen\" data-track-name=\"ImageFullscreen\" fetchpriority=\"high\" decoding=\"sync\" loading=\"eager\" height=\"3744\" itemprop=\"image\"  src=\"https:\/\/www.europesays.com\/no\/wp-content\/uploads\/2025\/12\/00cdd3b4-e51d-4b8f-bb5a-95fc8a3e7442\"  style=\"object-position:0% 0%\" width=\"5616\"\/>Ukrainas president Volodymyr Zelenskyj har Europa i ryggen n\u00e5r han s\u00f8ndag m\u00f8ter USAs president Donald Trump, sier statsminister Jonas Gahr St\u00f8re (Ap).  Foto: Ole Berg-Rusten \/ NTB<\/p>\n<ul aria-hidden=\"true\" class=\"_images_ntbth_112\">\n<li><a class=\"_link_ntbth_117\" href=\"https:\/\/www.vg.no\/forfatter\/ntb\" style=\"z-index:1\" title=\"NTB\" rel=\"nofollow noopener\" target=\"_blank\"><img alt=\"Bilde av NTB\" class=\"_image_ntbth_93\" fetchpriority=\"low\" loading=\"lazy\" decoding=\"async\" itemprop=\"image\"  src=\"https:\/\/www.europesays.com\/no\/wp-content\/uploads\/2025\/12\/1766864769_336_c33980b0-5d07-4027-84a1-813f90a7c8d6\"  width=\"480\"\/><\/a><\/li>\n<\/ul>\n<p> Oppdatert l\u00f8rdag 27. desember kl. 20:21     <\/p>\n<p class=\"_paragraph_o9xde_4 _paragraph_xtcu6_10 layout-component text-serif-m layout-normal text-serif-m layout-padded\">S\u00f8ndag skal nemlig Ukrainas president Volodymyr Zelenskyj m\u00f8te USAs president Donald Trump i Florida. I forkant av dette var St\u00f8re og andre europeiske ledere i digitalt m\u00f8te med Zelenskyj, Canadas statsminister Mark Carney og Natos generalsekret\u00e6r Mark Rutte.<\/p>\n<p class=\"_paragraph_o9xde_4 _paragraph_xtcu6_10 layout-component text-serif-m layout-normal text-serif-m layout-padded\">\u2013 Vi gikk gjennom det omfattende diplomatiske arbeidet som p\u00e5g\u00e5r for \u00e5 bidra til en slutt p\u00e5 krigen og en varig og rettferdig fredsl\u00f8sning. Ukraina har bred europeisk st\u00f8tte n\u00e5r president Zelenskyj i morgen m\u00f8ter president Trump i USA, sier statsministeren til NTB.<\/p>\n<p class=\"_paragraph_o9xde_4 _paragraph_xtcu6_10 layout-component text-serif-m layout-normal text-serif-m layout-padded\">St\u00f8re understreker at det er n\u00e6r og god kontakt mellom europeiske og amerikanske representanter om saken.<\/p>\n<p class=\"_paragraph_o9xde_4 _paragraph_xtcu6_10 layout-component text-serif-m layout-normal text-serif-m layout-padded\">\u2013 M\u00f8tet mellom Trump og Zelenskyj vil vise om det er grunnlag for \u00e5 komme videre med en forhandlet l\u00f8sning med Russland. Norge vil sammen med v\u00e5re europeiske partnere bidra til en v\u00e5penhvile og en endelig fredsavtale, sier St\u00f8re.<\/p>\n","protected":false},"excerpt":{"rendered":"Statsminister Jonas Gahr St\u00f8re (Ap) sier s\u00f8ndagens m\u00f8te i Florida vil vise om det er grunnlag for \u00e5&hellip;\n","protected":false},"author":2,"featured_media":123029,"comment_status":"","ping_status":"","sticky":false,"template":"","format":"standard","meta":{"footnotes":""},"categories":[12],"tags":[20,21,55,24,25,15,201,179,22,23,13,30,28,29,14,16,26,27,42,488,43,44,45],"class_list":{"0":"post-123028","1":"post","2":"type-post","3":"status-publish","4":"format-standard","5":"has-post-thumbnail","7":"category-verden","8":"tag-breaking-news","9":"tag-breakingnews","10":"tag-donald-trump","11":"tag-featured-news","12":"tag-featurednews","13":"tag-headlines","14":"tag-jonas-gahr-store","15":"tag-krigen-i-ukraina","16":"tag-latest-news","17":"tag-latestnews","18":"tag-news","19":"tag-no","20":"tag-norge","21":"tag-norway","22":"tag-nyheter","23":"tag-overskrifter","24":"tag-top-stories","25":"tag-topstories","26":"tag-verden","27":"tag-volodymyr-zelenskyj","28":"tag-world","29":"tag-world-news","30":"tag-worldnews"},"share_on_mastodon":{"url":"https:\/\/pubeurope.com\/@no\/115793257309507099","error":""},"_links":{"self":[{"href":"https:\/\/www.europesays.com\/no\/wp-json\/wp\/v2\/posts\/123028","targetHints":{"allow":["GET"]}}],"collection":[{"href":"https:\/\/www.europesays.com\/no\/wp-json\/wp\/v2\/posts"}],"about":[{"href":"https:\/\/www.europesays.com\/no\/wp-json\/wp\/v2\/types\/post"}],"author":[{"embeddable":true,"href":"https:\/\/www.europesays.com\/no\/wp-json\/wp\/v2\/users\/2"}],"replies":[{"embeddable":true,"href":"https:\/\/www.europesays.com\/no\/wp-json\/wp\/v2\/comments?post=123028"}],"version-history":[{"count":0,"href":"https:\/\/www.europesays.com\/no\/wp-json\/wp\/v2\/posts\/123028\/revisions"}],"wp:featuredmedia":[{"embeddable":true,"href":"https:\/\/www.europesays.com\/no\/wp-json\/wp\/v2\/media\/123029"}],"wp:attachment":[{"href":"https:\/\/www.europesays.com\/no\/wp-json\/wp\/v2\/media?parent=123028"}],"wp:term":[{"taxonomy":"category","embeddable":true,"href":"https:\/\/www.europesays.com\/no\/wp-json\/wp\/v2\/categories?post=123028"},{"taxonomy":"post_tag","embeddable":true,"href":"https:\/\/www.europesays.com\/no\/wp-json\/wp\/v2\/tags?post=123028"}],"curies":[{"name":"wp","href":"https:\/\/api.w.org\/{rel}","templated":true}]}}