{"id":123032,"date":"2025-12-27T19:48:13","date_gmt":"2025-12-27T19:48:13","guid":{"rendered":"https:\/\/www.europesays.com\/no\/123032\/"},"modified":"2025-12-27T19:48:13","modified_gmt":"2025-12-27T19:48:13","slug":"etterlysning-hund-hunden-bamse-15-frastjalet-har-du-opplysninger-sa-ringer-du-politiet","status":"publish","type":"post","link":"https:\/\/www.europesays.com\/no\/123032\/","title":{"rendered":"Etterlysning, Hund | Hunden Bamse (15) frastj\u00e5let: \u2013 Har du opplysninger s\u00e5 ringer du politiet"},"content":{"rendered":"\n<p>En sort og hvit hund har blitt frastj\u00e5let utenfor Mega p\u00e5 Carl Berner l\u00f8rdag ettermiddag, ca. klokken 14, if\u00f8lge politiet. <\/p>\n<p><b>N\u00e5 ber de etter tips i h\u00e5p om \u00e5 gjenforene hunden med eieren sin:<\/b><\/p>\n<p>\u2013 Det er en krysning av Border Collie og Flatcoat retriever. Hunden heter Bamse og er 15 \u00e5r. Den b\u00e6rer et sort l\u00e6rhalsb\u00e5nd med eiers telefonnummer, skriver operasjonsleder Rune Hekkelstrand klokken 1824. <\/p>\n<p><b>Opplysninger politiet har f\u00e5tt tilsier at en kvinne i 40-\u00e5rene skal ha tatt hunden. Hun har tilknytning til omr\u00e5det Sinsen\/Carl Berger og Brugata\/Storgata, if\u00f8lge politiet.<\/b><\/p>\n<p>\u2013 Har du opplysninger i saken s\u00e5 ringer du politiet, s\u00e5 skal vi s\u00f8rge for at hund og eier blir gjenforent, skriver Hekkelstrand.<\/p>\n","protected":false},"excerpt":{"rendered":"En sort og hvit hund har blitt frastj\u00e5let utenfor Mega p\u00e5 Carl Berner l\u00f8rdag ettermiddag, ca. klokken 14,&hellip;\n","protected":false},"author":2,"featured_media":123033,"comment_status":"","ping_status":"","sticky":false,"template":"","format":"standard","meta":{"footnotes":""},"categories":[5],"tags":[36,20,21,10587,24,25,15,19,2078,22,23,17,18,13,30,28,29,14,16,48,1510,26,27],"class_list":{"0":"post-123032","1":"post","2":"type-post","3":"status-publish","4":"format-standard","5":"has-post-thumbnail","7":"category-overskrifter","8":"tag-art","9":"tag-breaking-news","10":"tag-breakingnews","11":"tag-etterlysning","12":"tag-featured-news","13":"tag-featurednews","14":"tag-headlines","15":"tag-hovedoppslag","16":"tag-hund","17":"tag-latest-news","18":"tag-latestnews","19":"tag-main-news","20":"tag-mainnews","21":"tag-news","22":"tag-no","23":"tag-norge","24":"tag-norway","25":"tag-nyheter","26":"tag-overskrifter","27":"tag-savnet","28":"tag-story","29":"tag-top-stories","30":"tag-topstories"},"share_on_mastodon":{"url":"https:\/\/pubeurope.com\/@no\/115793264838899125","error":""},"_links":{"self":[{"href":"https:\/\/www.europesays.com\/no\/wp-json\/wp\/v2\/posts\/123032","targetHints":{"allow":["GET"]}}],"collection":[{"href":"https:\/\/www.europesays.com\/no\/wp-json\/wp\/v2\/posts"}],"about":[{"href":"https:\/\/www.europesays.com\/no\/wp-json\/wp\/v2\/types\/post"}],"author":[{"embeddable":true,"href":"https:\/\/www.europesays.com\/no\/wp-json\/wp\/v2\/users\/2"}],"replies":[{"embeddable":true,"href":"https:\/\/www.europesays.com\/no\/wp-json\/wp\/v2\/comments?post=123032"}],"version-history":[{"count":0,"href":"https:\/\/www.europesays.com\/no\/wp-json\/wp\/v2\/posts\/123032\/revisions"}],"wp:featuredmedia":[{"embeddable":true,"href":"https:\/\/www.europesays.com\/no\/wp-json\/wp\/v2\/media\/123033"}],"wp:attachment":[{"href":"https:\/\/www.europesays.com\/no\/wp-json\/wp\/v2\/media?parent=123032"}],"wp:term":[{"taxonomy":"category","embeddable":true,"href":"https:\/\/www.europesays.com\/no\/wp-json\/wp\/v2\/categories?post=123032"},{"taxonomy":"post_tag","embeddable":true,"href":"https:\/\/www.europesays.com\/no\/wp-json\/wp\/v2\/tags?post=123032"}],"curies":[{"name":"wp","href":"https:\/\/api.w.org\/{rel}","templated":true}]}}