{"id":123037,"date":"2025-12-27T19:56:11","date_gmt":"2025-12-27T19:56:11","guid":{"rendered":"https:\/\/www.europesays.com\/no\/123037\/"},"modified":"2025-12-27T19:56:11","modified_gmt":"2025-12-27T19:56:11","slug":"reiseliv-wideroe-kansellerer-alle-flyginger-til-og-fra-leknes-pa-sondag","status":"publish","type":"post","link":"https:\/\/www.europesays.com\/no\/123037\/","title":{"rendered":"Reiseliv, Wider\u00f8e | Kansellerer alle flyginger til og fra Leknes p\u00e5 s\u00f8ndag"},"content":{"rendered":"\n<p>L\u00f8rdag ble det m\u00e5lt vind opp mot 50 m\/s p\u00e5 Leknes lufthavn. Det f\u00f8rste til at begge vindm\u00e5lerne takket for seg.<\/p>\n<p>  <a href=\"https:\/\/www.lofotposten.no\/5-29-1264578\" class=\"related-teaser default-story-teaser article--c-eRUmMG article--c-eRUmMG-jKCPdD-design-default article--c-eRUmMG-kpKLOW-cv\" rel=\"nofollow noopener\" target=\"_blank\"><\/p>\n<p>\n            Les ogs\u00e5<\/p>\n<p>              Meteorologen: \u2013 Vindm\u00e5lerne t\u00e5lte ikke vindkastene\n        <\/p>\n<p>  <\/a><br \/>\n  Jobbes med nye vindm\u00e5lere<\/p>\n<p>Lufthavnsjef Terje Mikal Worum sa l\u00f8rdag ettermiddag til Lofotposten at det st\u00e5r en vindm\u00e5ler i s\u00f8renden og en i nordenden.<\/p>\n<p>N\u00e5r vindm\u00e5lerne ikke virker kan heller ikke lufthavna driftes som normalt. Det jobbes med \u00e5 f\u00e5 erstattet vindm\u00e5lerne. N\u00e5r nye vindm\u00e5lere er p\u00e5 plass er ikke klart.<\/p>\n<p>\u2013 Vi jobber med en avklaring p\u00e5 dette. Utfordringen er \u00e5 f\u00e5 b\u00e5de personell med den rette kompetansen og materiell hit til Leknes. Jobben m\u00e5 ogs\u00e5 kunne utf\u00f8res p\u00e5 en m\u00e5te som ivaretar sikkerheten til involvert personell, sier Worum til Lofotposten l\u00f8rdag kveld.<\/p>\n<p>Innstiller<\/p>\n<p>Kommunikasjonsr\u00e5dgiver Lina Lindegaard Carlsen i Wider\u00f8e sier til Lofotposten l\u00f8rdag kveld at Wider\u00f8e har innstilt alle sine flyginger til og fra Leknes s\u00f8ndag.<\/p>\n<p>\u2013 Det skyldes problemene med vindm\u00e5lerne. Vanligvis ruter om vi flygingene til Svolv\u00e6r, men siden v\u00e6rprognosene er \u00e5 usikre ogs\u00e5 s\u00f8ndag s\u00e5 har vi valgt \u00e5 innstille all trafikk til \u00e5 fra Leknes s\u00f8ndag. Det beklager vi p\u00e5 det sterkeste, sier Lindegaard Carlsen.<\/p>\n<p>Pr\u00f8ver \u00e5 finne alternativer<\/p>\n<p>Hun forteller at de gj\u00f8r det de kan for \u00e5 finne alternativer.<\/p>\n<p>\u2013 Vi gj\u00f8r det vi kan for \u00e5 finne alternativer til v\u00e5re passasjerer, men det er ikke enkelt ut fra de r\u00e5dende v\u00e6rforholdene og i tillegg s\u00e5 er det stort sett fulle fly til og fra Lofoten. Vi synes det er kjedelig, og som sagt vi gj\u00f8r det vi kan for \u00e5 finne alternativer, sl\u00e5r hun fast.<\/p>\n<p>Alle passasjerene som er rammet er blitt kontaktet av Wider\u00f8e.<\/p>\n","protected":false},"excerpt":{"rendered":"L\u00f8rdag ble det m\u00e5lt vind opp mot 50 m\/s p\u00e5 Leknes lufthavn. Det f\u00f8rste til at begge vindm\u00e5lerne&hellip;\n","protected":false},"author":2,"featured_media":9634,"comment_status":"","ping_status":"","sticky":false,"template":"","format":"standard","meta":{"footnotes":""},"categories":[10],"tags":[36,20,21,24,25,15,22,23,1458,14571,13,30,28,29,14,16,1209,1510,26,27,299],"class_list":{"0":"post-123037","1":"post","2":"type-post","3":"status-publish","4":"format-standard","5":"has-post-thumbnail","7":"category-norge","8":"tag-art","9":"tag-breaking-news","10":"tag-breakingnews","11":"tag-featured-news","12":"tag-featurednews","13":"tag-headlines","14":"tag-latest-news","15":"tag-latestnews","16":"tag-leknes","17":"tag-leknes-lufthavn","18":"tag-news","19":"tag-no","20":"tag-norge","21":"tag-norway","22":"tag-nyheter","23":"tag-overskrifter","24":"tag-reiseliv","25":"tag-story","26":"tag-top-stories","27":"tag-topstories","28":"tag-wideroe"},"share_on_mastodon":{"url":"https:\/\/pubeurope.com\/@no\/115793296368322540","error":""},"_links":{"self":[{"href":"https:\/\/www.europesays.com\/no\/wp-json\/wp\/v2\/posts\/123037","targetHints":{"allow":["GET"]}}],"collection":[{"href":"https:\/\/www.europesays.com\/no\/wp-json\/wp\/v2\/posts"}],"about":[{"href":"https:\/\/www.europesays.com\/no\/wp-json\/wp\/v2\/types\/post"}],"author":[{"embeddable":true,"href":"https:\/\/www.europesays.com\/no\/wp-json\/wp\/v2\/users\/2"}],"replies":[{"embeddable":true,"href":"https:\/\/www.europesays.com\/no\/wp-json\/wp\/v2\/comments?post=123037"}],"version-history":[{"count":0,"href":"https:\/\/www.europesays.com\/no\/wp-json\/wp\/v2\/posts\/123037\/revisions"}],"wp:featuredmedia":[{"embeddable":true,"href":"https:\/\/www.europesays.com\/no\/wp-json\/wp\/v2\/media\/9634"}],"wp:attachment":[{"href":"https:\/\/www.europesays.com\/no\/wp-json\/wp\/v2\/media?parent=123037"}],"wp:term":[{"taxonomy":"category","embeddable":true,"href":"https:\/\/www.europesays.com\/no\/wp-json\/wp\/v2\/categories?post=123037"},{"taxonomy":"post_tag","embeddable":true,"href":"https:\/\/www.europesays.com\/no\/wp-json\/wp\/v2\/tags?post=123037"}],"curies":[{"name":"wp","href":"https:\/\/api.w.org\/{rel}","templated":true}]}}