{"id":123038,"date":"2025-12-27T19:57:19","date_gmt":"2025-12-27T19:57:19","guid":{"rendered":"https:\/\/www.europesays.com\/no\/123038\/"},"modified":"2025-12-27T19:57:19","modified_gmt":"2025-12-27T19:57:19","slug":"nyheter-politi-politiet-sokte-etter-person-pa-togspor","status":"publish","type":"post","link":"https:\/\/www.europesays.com\/no\/123038\/","title":{"rendered":"Nyheter, Politi | Politiet s\u00f8kte etter person p\u00e5 togspor"},"content":{"rendered":"\n<p>Politiet mottok tirsdag ettermiddag melding om at en person befant seg p\u00e5 togsporet ved Akkerhaugen, langs S\u00f8rlandsbanen. Hendelsen f\u00f8rte til at togstopp ble iverksatt.<\/p>\n<p>&#8211; Vi fikk melding om observasjon av en person p\u00e5 sporet, sier operasjonsleder ved S\u00f8r-\u00d8st politidistrikt. <\/p>\n<p>&#8211; V\u00e5re patruljer rykket ut og foretok et s\u00f8k i og langs sporet i omr\u00e5det.<\/p>\n<p>S\u00f8ket ble gjennomf\u00f8rt uten at den aktuelle personen ble funnet. Politiet har avsluttet sin innsats p\u00e5 stedet.<\/p>\n<p>Togtrafikken p\u00e5 strekningen ble stanset fra klokken 14:13. Etter at politiet hadde gjennoms\u00f8kt omr\u00e5det og ikke funnet personen, ble det gitt klarsignal for \u00e5 gjenoppta togtrafikken. Tog kj\u00f8rer n\u00e5 med redusert hastighet av sikkerhetshensyn.<\/p>\n","protected":false},"excerpt":{"rendered":"Politiet mottok tirsdag ettermiddag melding om at en person befant seg p\u00e5 togsporet ved Akkerhaugen, langs S\u00f8rlandsbanen. Hendelsen&hellip;\n","protected":false},"author":2,"featured_media":1273,"comment_status":"","ping_status":"","sticky":false,"template":"","format":"standard","meta":{"footnotes":""},"categories":[5],"tags":[36,20,21,24,25,15,19,22,23,17,18,13,30,28,29,14,16,254,1510,1923,26,27],"class_list":{"0":"post-123038","1":"post","2":"type-post","3":"status-publish","4":"format-standard","5":"has-post-thumbnail","7":"category-overskrifter","8":"tag-art","9":"tag-breaking-news","10":"tag-breakingnews","11":"tag-featured-news","12":"tag-featurednews","13":"tag-headlines","14":"tag-hovedoppslag","15":"tag-latest-news","16":"tag-latestnews","17":"tag-main-news","18":"tag-mainnews","19":"tag-news","20":"tag-no","21":"tag-norge","22":"tag-norway","23":"tag-nyheter","24":"tag-overskrifter","25":"tag-politi","26":"tag-story","27":"tag-tog","28":"tag-top-stories","29":"tag-topstories"},"share_on_mastodon":{"url":"https:\/\/pubeurope.com\/@no\/115793300224015467","error":""},"_links":{"self":[{"href":"https:\/\/www.europesays.com\/no\/wp-json\/wp\/v2\/posts\/123038","targetHints":{"allow":["GET"]}}],"collection":[{"href":"https:\/\/www.europesays.com\/no\/wp-json\/wp\/v2\/posts"}],"about":[{"href":"https:\/\/www.europesays.com\/no\/wp-json\/wp\/v2\/types\/post"}],"author":[{"embeddable":true,"href":"https:\/\/www.europesays.com\/no\/wp-json\/wp\/v2\/users\/2"}],"replies":[{"embeddable":true,"href":"https:\/\/www.europesays.com\/no\/wp-json\/wp\/v2\/comments?post=123038"}],"version-history":[{"count":0,"href":"https:\/\/www.europesays.com\/no\/wp-json\/wp\/v2\/posts\/123038\/revisions"}],"wp:featuredmedia":[{"embeddable":true,"href":"https:\/\/www.europesays.com\/no\/wp-json\/wp\/v2\/media\/1273"}],"wp:attachment":[{"href":"https:\/\/www.europesays.com\/no\/wp-json\/wp\/v2\/media?parent=123038"}],"wp:term":[{"taxonomy":"category","embeddable":true,"href":"https:\/\/www.europesays.com\/no\/wp-json\/wp\/v2\/categories?post=123038"},{"taxonomy":"post_tag","embeddable":true,"href":"https:\/\/www.europesays.com\/no\/wp-json\/wp\/v2\/tags?post=123038"}],"curies":[{"name":"wp","href":"https:\/\/api.w.org\/{rel}","templated":true}]}}