{"id":123039,"date":"2025-12-27T20:05:09","date_gmt":"2025-12-27T20:05:09","guid":{"rendered":"https:\/\/www.europesays.com\/no\/123039\/"},"modified":"2025-12-27T20:05:09","modified_gmt":"2025-12-27T20:05:09","slug":"den-74-utgaven-av-hoppuka-er-i-gang-robin-pedersen-har-enna-ikke-fatt-skiene","status":"publish","type":"post","link":"https:\/\/www.europesays.com\/no\/123039\/","title":{"rendered":"Den 74. utgaven av Hoppuka er i gang. Robin Pedersen har enn\u00e5 ikke f\u00e5tt skiene."},"content":{"rendered":"<p>Over halve Sverige rammes av stormen Johannes l\u00f8rdag, og i Finland bl\u00e5ste fly av rullebanen. Tidligere l\u00f8rdag veltet den ikoniske G\u00e4vlebukken.<\/p>\n<p>En rekke svenske medier, deriblant\u00a0<a href=\"https:\/\/www.svt.se\/nyheter\/inrikes\/stormen-johannes-drar-in-over-sverige-smhi-varnar?inlagg=849cf5b93ab01601313525dcc95b6717\" target=\"_blank\" rel=\"nofollow noopener\">SVT<\/a>\u00a0, har lagt ut et bilde av at julebukken i G\u00e4vle bukker under for stormen. G\u00e4vlebocken er ellers mest kjent for at den ofte blir brent ned en gang f\u00f8r jul, en skjebne den har unnsluppet i \u00e5r.<\/p>\n<p>En person d\u00f8de av skadene etter \u00e5 ha blitt klemt fast under et tre utenfor byen Sandviken like ved.\u00a0<\/p>\n<p>L\u00f8rdag kveld melder <a href=\"https:\/\/www.aftonbladet.se\/nyheter\/a\/m0Rva4\/hur-paverkar-stormen-johannes-dig\" rel=\"nofollow noopener\" target=\"_blank\">Aftonbladet<\/a> om enda et d\u00f8dsfall som f\u00f8lge av stormen\u00a0\u00abJohannes\u00bb. En mann som arbeidet med opprydningsarbeid ble klemt unyder et tre i H\u00e4rn\u00f6sand, bekrefter str\u00f8mselskapet Hemab overfor avisa.<\/p>\n<p>Over 40.000 husstander har mistet str\u00f8mmen, skriver SVT.<\/p>\n<p>&#8211; Det er m\u00f8rkt, det bl\u00e5ser heftig og det er veldig bl\u00f8tt ute, sier pressesjef i Ellevio, Jesper Liver\u00f6d til SVT om arbeidet med \u00e5 f\u00e5 fikset str\u00f8mlinjene.<\/p>\n<p>Redningstjenesten i Sverige har mange oppdrag &#8211; og m\u00e5 derfor priotere l\u00f8rdag kveld.<\/p>\n<p>&#8211; Det er mye \u00e5 gj\u00f8re. Vi har 700 saker som er blitt innkalt til oss, sier alarm- og kontrolloperat\u00f8r Jimmy Andersson Taylor i redningstjenesten til Aftonbladet.<\/p>\n<p>Antallet alarmer gj\u00f8r det vanskelig for n\u00f8detatene \u00e5 n\u00e5 alle.<\/p>\n<p>        Tusenvis har mistet str\u00f8mmen i Nordland som f\u00f8lge av uv\u00e6ret. Politiet ber folk holde seg inne. Video: Snapmap\/Tips<\/p>\n<p>&#8211; Dette betyr at vi prioriterer \u00e5 redde liv.<\/p>\n<p>Fly fikk problemer<\/p>\n<p>Sveriges meteorologiske institutt SMHI advarer om kraftige vindkast med tidvis stormbyger for store deler av Norrland, nordre Dalarna og nord\u00f8stre Svealand. Uv\u00e6ret har f\u00e5tt navnet Johannes, og det ventes \u00e5 for\u00e5rsake store trafikkforstyrrelser.<\/p>\n<p>Allerede i forkant av uv\u00e6ret stengte trafikkvesenet i Sverige togtrafikken mellom Br\u00e4cke og Storlien i en periode hvor mange juleferierende hadde tenkt \u00e5 st\u00e5 p\u00e5 ski i J\u00e4mtlandsfjellene. Trafikkvesenet oppfordrer folk til ikke \u00e5 dra ut p\u00e5 veiene med mindre det er helt n\u00f8dvendig.<\/p>\n<p>Ogs\u00e5 i Finland, der stormen har f\u00e5tt navnet Hannes, merkes den kraftige vinden. Her er ogs\u00e5 flere tusen husstander uten str\u00f8m. P\u00e5 flyplassen ved nordlysdestinasjonen Kittila bl\u00e5ste to passasjerfly av rullebanen. Ett av flyene hadde anslagsvis 150 passasjerer om bord. Ingen ble skadet i ulykken.<\/p>\n<p>Raser mot bilister<\/p>\n<p>Trafikverket i Sverige g\u00e5r ogs\u00e5 hardt ut mot bilister som trosser advarsler og tar til veiene l\u00f8rdag.<\/p>\n<p>&#8211; Det er alt for mange biler ute og kj\u00f8rer. Da tar man ikke de oransje farevarslene p\u00e5 alvor, sier pressetalsperson Denny Josefsson til <a href=\"https:\/\/www.aftonbladet.se\/nyheter\/a\/XMgadW\/hesa-fredrik-tjuter-i-gavle-vma-utfardat-i-flera-lan\" rel=\"nofollow noopener\" target=\"_blank\">Aftonbladet<\/a>.<\/p>\n<p>Tidligere l\u00f8rdag gikk Trafikverket, politiet og SMHI ut med en oppfordring om \u00e5 holde seg inne l\u00f8rdag.<\/p>\n","protected":false},"excerpt":{"rendered":"Over halve Sverige rammes av stormen Johannes l\u00f8rdag, og i Finland bl\u00e5ste fly av rullebanen. Tidligere l\u00f8rdag veltet&hellip;\n","protected":false},"author":2,"featured_media":123040,"comment_status":"","ping_status":"","sticky":false,"template":"","format":"standard","meta":{"footnotes":""},"categories":[5],"tags":[20,21,24,25,15,770,19,22,23,17,18,13,30,28,29,14,16,14572,14573,83,26,27],"class_list":{"0":"post-123039","1":"post","2":"type-post","3":"status-publish","4":"format-standard","5":"has-post-thumbnail","7":"category-overskrifter","8":"tag-breaking-news","9":"tag-breakingnews","10":"tag-featured-news","11":"tag-featurednews","12":"tag-headlines","13":"tag-hopp","14":"tag-hovedoppslag","15":"tag-latest-news","16":"tag-latestnews","17":"tag-main-news","18":"tag-mainnews","19":"tag-news","20":"tag-no","21":"tag-norge","22":"tag-norway","23":"tag-nyheter","24":"tag-overskrifter","25":"tag-robin-pedersen","26":"tag-rune-velta","27":"tag-sport","28":"tag-top-stories","29":"tag-topstories"},"share_on_mastodon":{"url":"https:\/\/pubeurope.com\/@no\/115793331648153304","error":""},"_links":{"self":[{"href":"https:\/\/www.europesays.com\/no\/wp-json\/wp\/v2\/posts\/123039","targetHints":{"allow":["GET"]}}],"collection":[{"href":"https:\/\/www.europesays.com\/no\/wp-json\/wp\/v2\/posts"}],"about":[{"href":"https:\/\/www.europesays.com\/no\/wp-json\/wp\/v2\/types\/post"}],"author":[{"embeddable":true,"href":"https:\/\/www.europesays.com\/no\/wp-json\/wp\/v2\/users\/2"}],"replies":[{"embeddable":true,"href":"https:\/\/www.europesays.com\/no\/wp-json\/wp\/v2\/comments?post=123039"}],"version-history":[{"count":0,"href":"https:\/\/www.europesays.com\/no\/wp-json\/wp\/v2\/posts\/123039\/revisions"}],"wp:featuredmedia":[{"embeddable":true,"href":"https:\/\/www.europesays.com\/no\/wp-json\/wp\/v2\/media\/123040"}],"wp:attachment":[{"href":"https:\/\/www.europesays.com\/no\/wp-json\/wp\/v2\/media?parent=123039"}],"wp:term":[{"taxonomy":"category","embeddable":true,"href":"https:\/\/www.europesays.com\/no\/wp-json\/wp\/v2\/categories?post=123039"},{"taxonomy":"post_tag","embeddable":true,"href":"https:\/\/www.europesays.com\/no\/wp-json\/wp\/v2\/tags?post=123039"}],"curies":[{"name":"wp","href":"https:\/\/api.w.org\/{rel}","templated":true}]}}