{"id":123053,"date":"2025-12-27T20:24:08","date_gmt":"2025-12-27T20:24:08","guid":{"rendered":"https:\/\/www.europesays.com\/no\/123053\/"},"modified":"2025-12-27T20:24:08","modified_gmt":"2025-12-27T20:24:08","slug":"ukraina-norge-eide-mens-ukraina-feirer-jul-bomber-putin-sivile","status":"publish","type":"post","link":"https:\/\/www.europesays.com\/no\/123053\/","title":{"rendered":"Ukraina, Norge | Eide: \u2013 Mens Ukraina feirer jul, bomber Putin sivile"},"content":{"rendered":"\n<p>\u2013 Mens Ukraina feirer jul, bomber Putin sivile. Ukraina forsvarer seg modig og fortjener v\u00e5r sterkeste st\u00f8tte, skriver Eide p\u00e5 <a href=\"https:\/\/x.com\/espenbartheide\/status\/2004934876907315295?s=46\" rel=\"nofollow\">X<\/a>.<\/p>\n<p>Minst en person ble drept og 20 s\u00e5ret i angrepene, if\u00f8lge ukrainske myndigheter. I tillegg er mer enn en million husstander uten str\u00f8m. <\/p>\n<p>Utenriksministeren legger til at s\u00f8ndagens m\u00f8te mellom Ukrainas president Volodymyr Zelenskyj og USAs president Donald Trump kommer til \u00e5 komme inn p\u00e5 vanskelige sp\u00f8rsm\u00e5l.<\/p>\n<p>\u2013 Ukrainske og amerikanske forhandlere jobber hardt for \u00e5 f\u00e5 slutt p\u00e5 Russlands krig og komme fram til en rettferdig og varig fred, skriver Eide.<\/p>\n<p>Trump-m\u00f8te<\/p>\n<p>S\u00f8ndag kveld skal Ukrainas president Volodymyr Zelenskyj m\u00f8te USAs president Donald Trump i Florida. I forkant av dette var St\u00f8re og andre europeiske ledere i digitalt m\u00f8te med Zelenskyj, Canadas statsminister Mark Carney og Natos generalsekret\u00e6r Mark Rutte.<\/p>\n<p>\u2013 Vi gikk gjennom det omfattende diplomatiske arbeidet som p\u00e5g\u00e5r for \u00e5 bidra til en slutt p\u00e5 krigen og en varig og rettferdig fredsl\u00f8sning. Ukraina har bred europeisk st\u00f8tte n\u00e5r president Zelenskyj i morgen m\u00f8ter president Trump i USA, sier statsministeren til NTB.<\/p>\n<p>St\u00f8re understreker at det er n\u00e6r og god kontakt mellom europeiske og amerikanske representanter om saken.<\/p>\n<p>\u2013 M\u00f8tet mellom Trump og Zelenskyj vil vise om det er grunnlag for \u00e5 komme videre med en forhandlet l\u00f8sning med Russland. Norge vil sammen med v\u00e5re europeiske partnere bidra til en v\u00e5penhvile og en endelig fredsavtale, sier St\u00f8re. <\/p>\n<p>(\u00a9NTB)<\/p>\n<p>(\u00a9NTB)<\/p>\n","protected":false},"excerpt":{"rendered":"\u2013 Mens Ukraina feirer jul, bomber Putin sivile. Ukraina forsvarer seg modig og fortjener v\u00e5r sterkeste st\u00f8tte, skriver&hellip;\n","protected":false},"author":2,"featured_media":123054,"comment_status":"","ping_status":"","sticky":false,"template":"","format":"standard","meta":{"footnotes":""},"categories":[12],"tags":[20,21,24,25,15,22,23,13,30,28,29,14,16,26,27,42,43,44,45],"class_list":{"0":"post-123053","1":"post","2":"type-post","3":"status-publish","4":"format-standard","5":"has-post-thumbnail","7":"category-verden","8":"tag-breaking-news","9":"tag-breakingnews","10":"tag-featured-news","11":"tag-featurednews","12":"tag-headlines","13":"tag-latest-news","14":"tag-latestnews","15":"tag-news","16":"tag-no","17":"tag-norge","18":"tag-norway","19":"tag-nyheter","20":"tag-overskrifter","21":"tag-top-stories","22":"tag-topstories","23":"tag-verden","24":"tag-world","25":"tag-world-news","26":"tag-worldnews"},"share_on_mastodon":{"url":"https:\/\/pubeurope.com\/@no\/115793406388242100","error":""},"_links":{"self":[{"href":"https:\/\/www.europesays.com\/no\/wp-json\/wp\/v2\/posts\/123053","targetHints":{"allow":["GET"]}}],"collection":[{"href":"https:\/\/www.europesays.com\/no\/wp-json\/wp\/v2\/posts"}],"about":[{"href":"https:\/\/www.europesays.com\/no\/wp-json\/wp\/v2\/types\/post"}],"author":[{"embeddable":true,"href":"https:\/\/www.europesays.com\/no\/wp-json\/wp\/v2\/users\/2"}],"replies":[{"embeddable":true,"href":"https:\/\/www.europesays.com\/no\/wp-json\/wp\/v2\/comments?post=123053"}],"version-history":[{"count":0,"href":"https:\/\/www.europesays.com\/no\/wp-json\/wp\/v2\/posts\/123053\/revisions"}],"wp:featuredmedia":[{"embeddable":true,"href":"https:\/\/www.europesays.com\/no\/wp-json\/wp\/v2\/media\/123054"}],"wp:attachment":[{"href":"https:\/\/www.europesays.com\/no\/wp-json\/wp\/v2\/media?parent=123053"}],"wp:term":[{"taxonomy":"category","embeddable":true,"href":"https:\/\/www.europesays.com\/no\/wp-json\/wp\/v2\/categories?post=123053"},{"taxonomy":"post_tag","embeddable":true,"href":"https:\/\/www.europesays.com\/no\/wp-json\/wp\/v2\/tags?post=123053"}],"curies":[{"name":"wp","href":"https:\/\/api.w.org\/{rel}","templated":true}]}}