{"id":123055,"date":"2025-12-27T20:26:23","date_gmt":"2025-12-27T20:26:23","guid":{"rendered":"https:\/\/www.europesays.com\/no\/123055\/"},"modified":"2025-12-27T20:26:23","modified_gmt":"2025-12-27T20:26:23","slug":"milliardmannen-wirtz-apnet-malkontoen-i-liverpool-seier","status":"publish","type":"post","link":"https:\/\/www.europesays.com\/no\/123055\/","title":{"rendered":"Milliardmannen Wirtz \u00e5pnet m\u00e5lkontoen i Liverpool-seier"},"content":{"rendered":"<p>Ryan Gravenberch straffet tabelljumbo Wolverhampton med et kontant skudd p\u00e5 pasning fra Jeremie Frimpong like f\u00f8r pause.<\/p>\n<p>Og f\u00f8r hjemmepublikummet rakk \u00e5 sette seg etter jubelen p\u00e5 kampens f\u00f8rste m\u00e5l, skulle de f\u00e5 nok en grunn til \u00e5 juble. Denne gangen enda h\u00f8yere.<\/p>\n<p>Milliardmannen Florian Wirtz \u00f8kte nemlig ledelsen under ett minutt senere med sitt f\u00f8rste PL-m\u00e5l for r\u00f8dtr\u00f8yene.\u00a0<\/p>\n<p>P\u00e5 lekkert ble tyskeren spilt opp av Hugo Ekitike f\u00f8r han tuppet ballen i m\u00e5l til \u00f8red\u00f8vende jubel p\u00e5 Anfield.\u00a0<\/p>\n<p>Kampen endte til slutt 2-1.<\/p>\n<p>\u2013 Det var bra i dag, innleder matchvinneren til Viaplay og fortsetter:<\/p>\n<p>\u2013 Selvf\u00f8lgelig har jeg \u00f8nsket \u00e5 score flere m\u00e5l og m\u00e5linvolveringer. Til syvende og sist handler det om \u00e5 finne min plass i Liverpool. Det blir bedre hver dag. Jeg er veldig glad i dag, fortsetter han.<\/p>\n<p>Tyskeren kom til Liverpool med skyh\u00f8ye forventninger. Til tross for manglende m\u00e5l f\u00f8r Wolves-kampen har ikke de nye utfordringene etter overgangen fra Tyskland overrasket han.<\/p>\n<p>\u2013 Nei, for jeg visste at det ville bli vanskeligere her fra f\u00f8r. For en spiller som meg er det mange motstandere rundt meg til en hver tid. Jeg m\u00e5 bli vant til dette, og det f\u00f8ler jeg at jeg blir bedre p\u00e5.<\/p>\n<p>Jota-hyllest  <\/p>\n<p>Det var en spesiell ramme rundt kampen. Avd\u00f8de Diogo Jotas to s\u00f8nner var maskoter, mens enke\u00a0Rute Cardoso stod stolt og biv\u00e5net \u00f8yeblikket fra sidelinjen.<\/p>\n<p>      <img class=\"image__img lazyload\" itemprop=\"image\" title=\"Foto: OLI SCARFF \/ AFP \/ NTB\" alt=\"R\u00d8RENDE BILDER: Virgil van Dijk tok seg tid til maskotene f\u00f8r avspark. Dinis og Duarte, de to laveste guttene, er s\u00f8nnene til mannen p\u00e5 banneret i bakgrunnen, Diogo Jota, Foto: OLI SCARFF \/ AFP \/ NTB\" width=\"675\" height=\"500\" bad-src=\"https:\/\/www.europesays.com\/no\/wp-content\/uploads\/2025\/12\/18415671.webp\" fetchpriority=\"auto\" \/><\/p>\n<p>      R\u00d8RENDE BILDER: Virgil van Dijk tok seg tid til maskotene f\u00f8r avspark. Dinis og Duarte, de to laveste guttene, er s\u00f8nnene til mannen p\u00e5 banneret i bakgrunnen, Diogo Jota,<br \/>\n         Foto: OLI SCARFF \/ AFP \/ NTB<\/p>\n<p>      <img class=\"image__img lazyload\" itemprop=\"image\" title=\"Foto: OLI SCARFF \/ AFP \/ NTB\" alt=\"R\u00d8RENDE: Det ble en stor dag for Jota-familien. Foto: OLI SCARFF \/ AFP \/ NTB\" width=\"675\" height=\"500\" bad-src=\"https:\/\/www.europesays.com\/no\/wp-content\/uploads\/2025\/12\/18415661.webp\" fetchpriority=\"auto\" \/><\/p>\n<p>      R\u00d8RENDE: Det ble en stor dag for Jota-familien.<br \/>\n         Foto: OLI SCARFF \/ AFP \/ NTB<\/p>\n<p>      <img class=\"image__img lazyload\" itemprop=\"image\" title=\"Foto: Peter Byrne \/ Pa Photos \/ NTB\" alt=\"ENKE: Rute Cardosa biv\u00e5net det hele fra sidelinjen. Foto: Peter Byrne \/ Pa Photos \/ NTB\" width=\"675\" height=\"500\" bad-src=\"https:\/\/www.europesays.com\/no\/wp-content\/uploads\/2025\/12\/18415662.webp\" fetchpriority=\"auto\" \/><\/p>\n<p>      ENKE: Rute Cardosa biv\u00e5net det hele fra sidelinjen.<br \/>\n         Foto: Peter Byrne \/ Pa Photos \/ NTB<\/p>\n<p>      <img class=\"image__img lazyload\" itemprop=\"image\" title=\"Foto: OLI SCARFF \/ AFP \/ NTB\" alt=\"HYLLES: Liverpool-supporterne applauderte og viste sin st\u00f8tte til portugiserens familie. Foto: OLI SCARFF \/ AFP \/ NTB\" width=\"978\" height=\"652\" bad-src=\"https:\/\/www.europesays.com\/no\/wp-content\/uploads\/2025\/12\/18415663.webp\" fetchpriority=\"auto\" \/><\/p>\n<p>      HYLLES: Liverpool-supporterne applauderte og viste sin st\u00f8tte til portugiserens familie.<br \/>\n         Foto: OLI SCARFF \/ AFP \/ NTB<\/p>\n<p>      <img class=\"image__img lazyload\" itemprop=\"image\" title=\"Foto: Peter Byrne \/ Pa Photos \/ NTB\" alt=\"WOLVES-HELT: Det samme gjorde Wolverhampton-supporterne. Foto: Peter Byrne \/ Pa Photos \/ NTB\" width=\"675\" height=\"540\" bad-src=\"https:\/\/www.europesays.com\/no\/wp-content\/uploads\/2025\/12\/18415664.webp\" fetchpriority=\"auto\" \/><\/p>\n<p>      WOLVES-HELT: Det samme gjorde Wolverhampton-supporterne.<br \/>\n         Foto: Peter Byrne \/ Pa Photos \/ NTB<\/p>\n<p>F\u00f8rsteomgangen var som ventet spill mot ett m\u00e5l, lenge uten uttelling i form av nettkjenning.<\/p>\n<p>Men i det t\u00f8rste hjemmesupporterne begynte \u00e5 ta den taktiske turen mot baren minutter f\u00f8r f\u00f8rsteomgangen n\u00e6rmet seg slutten, slo Liverpool til.<\/p>\n<p>Frimpong tok med seg ballen inn i sekstenmeteren og helt ned til sekstenmeteren f\u00f8r han la innlegget diagonalt ut i feltet.\u00a0<\/p>\n<p>Der dukket landsmann Gravenberch opp og kontrollert plasserte ballen i hj\u00f8rnet.<\/p>\n<p>S\u00e5 var det mannen som kostet rundt halvannen milliard sin tur.<\/p>\n<p>Ekitike mottok ballen p\u00e5 midtbanen, tok den med seg og spilte Wirtz opp alene med Jose S\u00e0 i Wolves-buret. Alene med keeperen var tyskeren iskald og tuppet inn 2-0-scoringen.<\/p>\n<p>      <img class=\"image__img lazyload\" itemprop=\"image\" title=\"Foto: Peter Byrne \/ Pa Photos \/ NTB\" alt=\"ETTERLENGTET: \u00d8yeblikket Florian Wirtz og Liverpool har lengtet etter. Foto: Peter Byrne \/ Pa Photos \/ NTB\" width=\"978\" height=\"661\" bad-src=\"https:\/\/www.europesays.com\/no\/wp-content\/uploads\/2025\/12\/18415693.webp\" fetchpriority=\"auto\" \/><\/p>\n<p>      ETTERLENGTET: \u00d8yeblikket Florian Wirtz og Liverpool har lengtet etter.<br \/>\n         Foto: Peter Byrne \/ Pa Photos \/ NTB<\/p>\n<p>      <img class=\"image__img lazyload\" itemprop=\"image\" title=\"Foto: OLI SCARFF \/ AFP \/ NTB\" alt=\"ETTERLENGTET: \u00d8yeblikket Florian Wirtz og Liverpool har lengtet etter. Foto: OLI SCARFF \/ AFP \/ NTB\" width=\"978\" height=\"652\" bad-src=\"https:\/\/www.europesays.com\/no\/wp-content\/uploads\/2025\/12\/18415694.webp\" fetchpriority=\"auto\" \/><\/p>\n<p>      ETTERLENGTET: \u00d8yeblikket Florian Wirtz og Liverpool har lengtet etter.<br \/>\n         Foto: OLI SCARFF \/ AFP \/ NTB<\/p>\n<p>      <img class=\"image__img lazyload\" itemprop=\"image\" title=\"Foto: OLI SCARFF \/ AFP \/ NTB\" alt=\"ETTERLENGTET: \u00d8yeblikket Florian Wirtz og Liverpool har lengtet etter. Foto: OLI SCARFF \/ AFP \/ NTB\" width=\"675\" height=\"500\" bad-src=\"https:\/\/www.europesays.com\/no\/wp-content\/uploads\/2025\/12\/18415695.webp\" fetchpriority=\"auto\" \/><\/p>\n<p>      ETTERLENGTET: \u00d8yeblikket Florian Wirtz og Liverpool har lengtet etter.<br \/>\n         Foto: OLI SCARFF \/ AFP \/ NTB<\/p>\n<p>Slo tilbake<\/p>\n<p>Etter hvilen slo bortelaget tidlig tilbake. Etter en corner var det til slutt Santiago Bueno som prikket inn reduseringen.<\/p>\n<p>Etter timen kom b\u00e5de J\u00f8rgen Strand Larsen og David M\u00f8ller Wolfe inn fra benken.<\/p>\n<p>Andreomgangen ble av det jevnere slaget.<\/p>\n<p>Tabelljumboen la press p\u00e5 Liverpool, og hjemmelagets spillere s\u00e5 mer og mer nerv\u00f8se ut.<\/p>\n<p>Men n\u00e5r bortelaget ikke maktet \u00e5 score flere m\u00e5l er det Liverpool som kan juble etter \u00e5rets siste hjemmekamp.<\/p>\n<p>Dermed ser tabellen slik ut:<\/p>\n","protected":false},"excerpt":{"rendered":"Ryan Gravenberch straffet tabelljumbo Wolverhampton med et kontant skudd p\u00e5 pasning fra Jeremie Frimpong like f\u00f8r pause. Og&hellip;\n","protected":false},"author":2,"featured_media":123056,"comment_status":"","ping_status":"","sticky":false,"template":"","format":"standard","meta":{"footnotes":""},"categories":[5],"tags":[20,21,24,25,15,19,22,23,17,18,13,30,28,29,14,16,26,27],"class_list":{"0":"post-123055","1":"post","2":"type-post","3":"status-publish","4":"format-standard","5":"has-post-thumbnail","7":"category-overskrifter","8":"tag-breaking-news","9":"tag-breakingnews","10":"tag-featured-news","11":"tag-featurednews","12":"tag-headlines","13":"tag-hovedoppslag","14":"tag-latest-news","15":"tag-latestnews","16":"tag-main-news","17":"tag-mainnews","18":"tag-news","19":"tag-no","20":"tag-norge","21":"tag-norway","22":"tag-nyheter","23":"tag-overskrifter","24":"tag-top-stories","25":"tag-topstories"},"share_on_mastodon":{"url":"https:\/\/pubeurope.com\/@no\/115793414289033721","error":""},"_links":{"self":[{"href":"https:\/\/www.europesays.com\/no\/wp-json\/wp\/v2\/posts\/123055","targetHints":{"allow":["GET"]}}],"collection":[{"href":"https:\/\/www.europesays.com\/no\/wp-json\/wp\/v2\/posts"}],"about":[{"href":"https:\/\/www.europesays.com\/no\/wp-json\/wp\/v2\/types\/post"}],"author":[{"embeddable":true,"href":"https:\/\/www.europesays.com\/no\/wp-json\/wp\/v2\/users\/2"}],"replies":[{"embeddable":true,"href":"https:\/\/www.europesays.com\/no\/wp-json\/wp\/v2\/comments?post=123055"}],"version-history":[{"count":0,"href":"https:\/\/www.europesays.com\/no\/wp-json\/wp\/v2\/posts\/123055\/revisions"}],"wp:featuredmedia":[{"embeddable":true,"href":"https:\/\/www.europesays.com\/no\/wp-json\/wp\/v2\/media\/123056"}],"wp:attachment":[{"href":"https:\/\/www.europesays.com\/no\/wp-json\/wp\/v2\/media?parent=123055"}],"wp:term":[{"taxonomy":"category","embeddable":true,"href":"https:\/\/www.europesays.com\/no\/wp-json\/wp\/v2\/categories?post=123055"},{"taxonomy":"post_tag","embeddable":true,"href":"https:\/\/www.europesays.com\/no\/wp-json\/wp\/v2\/tags?post=123055"}],"curies":[{"name":"wp","href":"https:\/\/api.w.org\/{rel}","templated":true}]}}