{"id":123057,"date":"2025-12-27T20:31:12","date_gmt":"2025-12-27T20:31:12","guid":{"rendered":"https:\/\/www.europesays.com\/no\/123057\/"},"modified":"2025-12-27T20:31:12","modified_gmt":"2025-12-27T20:31:12","slug":"fns-sikkerhetsrad-holder-hastemote-om-israels-anerkjennelse","status":"publish","type":"post","link":"https:\/\/www.europesays.com\/no\/123057\/","title":{"rendered":"FNs sikkerhetsr\u00e5d holder hastem\u00f8te om Israels anerkjennelse"},"content":{"rendered":"<p>        John Minchillo\n    <\/p>\n<p>    FNs sikkerhetsr\u00e5d innkaller til m\u00f8te allerede mandag ettermiddag New York-tid for \u00e5 diskutere Israels anerkjennelse av Somaliland.<\/p>\n<p>\nDet melder blant andre de israelske mediene <a href=\"https:\/\/www.haaretz.com\/israel-news\/2025-12-27\/ty-article-live\/.premium\/senior-official-allegedly-told-ex-netanyahu-aide-he-could-silence-idf-leak-investigation\/0000019b-5e11-d2b2-affb-5e7f114c0000?liveBlogItemId=806147225#806147225\" target=\"_blank\" rel=\"nofollow noopener\">Haaretz <\/a><br \/>\nog <a href=\"https:\/\/www.ynetnews.com\/category\/3089\" target=\"_blank\" rel=\"nofollow noopener\">Ynet<\/a>.<\/p>\n<p>Det er Somalia, som har formannskapet i sikkerhetsr\u00e5det i januar, som har bedt om m\u00f8tet. Det ventes if\u00f8lge den israelske storavisen Ynet \u00e5 finne sted klokka 15:00 New York-tid mandag.<\/p>\n<p>Somaliland ligger nord i Somalia og var tidligere britisk koloni, mens resten av Somalia var italiensk koloni. Somaliland erkl\u00e6rte uavhengighet i 1991, men er fortsatt internasjonalt anerkjent som en del av Somalia. <\/p>\n","protected":false},"excerpt":{"rendered":"John Minchillo FNs sikkerhetsr\u00e5d innkaller til m\u00f8te allerede mandag ettermiddag New York-tid for \u00e5 diskutere Israels anerkjennelse av&hellip;\n","protected":false},"author":2,"featured_media":123058,"comment_status":"","ping_status":"","sticky":false,"template":"","format":"standard","meta":{"footnotes":""},"categories":[12],"tags":[20,21,24,25,15,22,23,13,30,28,29,14,16,26,27,42,43,44,45],"class_list":{"0":"post-123057","1":"post","2":"type-post","3":"status-publish","4":"format-standard","5":"has-post-thumbnail","7":"category-verden","8":"tag-breaking-news","9":"tag-breakingnews","10":"tag-featured-news","11":"tag-featurednews","12":"tag-headlines","13":"tag-latest-news","14":"tag-latestnews","15":"tag-news","16":"tag-no","17":"tag-norge","18":"tag-norway","19":"tag-nyheter","20":"tag-overskrifter","21":"tag-top-stories","22":"tag-topstories","23":"tag-verden","24":"tag-world","25":"tag-world-news","26":"tag-worldnews"},"share_on_mastodon":{"url":"https:\/\/pubeurope.com\/@no\/115793433978657828","error":""},"_links":{"self":[{"href":"https:\/\/www.europesays.com\/no\/wp-json\/wp\/v2\/posts\/123057","targetHints":{"allow":["GET"]}}],"collection":[{"href":"https:\/\/www.europesays.com\/no\/wp-json\/wp\/v2\/posts"}],"about":[{"href":"https:\/\/www.europesays.com\/no\/wp-json\/wp\/v2\/types\/post"}],"author":[{"embeddable":true,"href":"https:\/\/www.europesays.com\/no\/wp-json\/wp\/v2\/users\/2"}],"replies":[{"embeddable":true,"href":"https:\/\/www.europesays.com\/no\/wp-json\/wp\/v2\/comments?post=123057"}],"version-history":[{"count":0,"href":"https:\/\/www.europesays.com\/no\/wp-json\/wp\/v2\/posts\/123057\/revisions"}],"wp:featuredmedia":[{"embeddable":true,"href":"https:\/\/www.europesays.com\/no\/wp-json\/wp\/v2\/media\/123058"}],"wp:attachment":[{"href":"https:\/\/www.europesays.com\/no\/wp-json\/wp\/v2\/media?parent=123057"}],"wp:term":[{"taxonomy":"category","embeddable":true,"href":"https:\/\/www.europesays.com\/no\/wp-json\/wp\/v2\/categories?post=123057"},{"taxonomy":"post_tag","embeddable":true,"href":"https:\/\/www.europesays.com\/no\/wp-json\/wp\/v2\/tags?post=123057"}],"curies":[{"name":"wp","href":"https:\/\/api.w.org\/{rel}","templated":true}]}}