{"id":123059,"date":"2025-12-27T20:35:27","date_gmt":"2025-12-27T20:35:27","guid":{"rendered":"https:\/\/www.europesays.com\/no\/123059\/"},"modified":"2025-12-27T20:35:27","modified_gmt":"2025-12-27T20:35:27","slug":"anders-baasmo-mottar-wenche-foss-aerespris-pa-grand-hotel","status":"publish","type":"post","link":"https:\/\/www.europesays.com\/no\/123059\/","title":{"rendered":"Anders Baasmo mottar Wenche Foss&#8217; \u00e6respris p\u00e5 Grand Hotel"},"content":{"rendered":"<p>Familie, venner og kolleger stilte i hopetall under \u00e5rets utdeling av Wenche Foss&#8217; \u00e6respris p\u00e5 \u00e6rverdige Grand Hotel i Oslo. <\/p>\n<p>    <a itemprop=\"url\" href=\"https:\/\/www.seher.no\/kjendis\/ny-start-for-forholdet\/83990045\" rel=\"nofollow noopener\" target=\"_blank\"><\/p>\n<p>        <img loading=\"lazy\" decoding=\"async\" src=\"https:\/\/www.europesays.com\/no\/wp-content\/uploads\/2025\/12\/1766867709_720_83990206.webp\" width=\"980\" height=\"441\" title=\"Ny start for forholdet\" alt=\"\" class=\"lazyload\" style=\"--aspect-ratio-image: 2.22; \"\/><\/p>\n<p>        Ny start for forholdet<\/p>\n<p>    <\/a><\/p>\n<p>Den prestisjefylte prisen gikk i \u00e5r til Anders Baasmo (49), en av Norges mest brukte og allsidige skuespillere. Anders nyter stor respekt for ut\u00f8velsen av sitt yrke, og fremst i rekken av gratulanter og beundrere var hans egen familie, som ville hylle gullgutten p\u00e5 den store dagen.<\/p>\n<p>        <img loading=\"lazy\" decoding=\"async\" src=\"https:\/\/www.europesays.com\/no\/wp-content\/uploads\/2025\/12\/84005587.webp\" width=\"667\" height=\"514\" title=\"ENSTEMMIG JURY:&#10;Se og H\u00f8rs ansvarlige redakt\u00f8r Ulf Andr\u00e9 Andersen,&#10;Ellen Horn og Fabian Stang&#10;utgj\u00f8r juryen som deler ut&#10;Wenche Foss\u2019 \u00e6respris&#10;rundt skuespillerens&#10;f\u00f8dselsdag, 5. desember.&#10;Prisen er p\u00e5 100 000&#10;kroner. Foto: Tore Skaar\" alt=\"\" class=\"\" style=\"--aspect-ratio-image: 1.30; \"\/><\/p>\n<p>\n        ENSTEMMIG JURY:<br \/>\nSe og H\u00f8rs ansvarlige redakt\u00f8r Ulf Andr\u00e9 Andersen,<br \/>\nEllen Horn og Fabian Stang<br \/>\nutgj\u00f8r juryen som deler ut<br \/>\nWenche Foss\u2019 \u00e6respris<br \/>\nrundt skuespillerens<br \/>\nf\u00f8dselsdag, 5. desember.<br \/>\nPrisen er p\u00e5 100 000<br \/>\nkroner. Foto: Tore Skaar\n    <\/p>\n<p class=\"font-weight-bold m-font-weight-bold\" data-lab-font_weight=\"font-weight-bold\">&#8211; Jeg er kjempestolt. Egentlig er jeg alltid stolt av Anders &#8211; uansett. Men det er selvf\u00f8lgelig kjempestas med akkurat denne prisen, sier samboeren Marie Blokhus (43), som ogs\u00e5 er en prisbel\u00f8nnet skuespiller.<\/p>\n<p>    <a itemprop=\"url\" href=\"https:\/\/www.seher.no\/kjendis\/havet-inn-pa-boligsalg-igjen\/83996590\" rel=\"nofollow noopener\" target=\"_blank\"><\/p>\n<p>        <img loading=\"lazy\" decoding=\"async\" src=\"https:\/\/www.europesays.com\/no\/wp-content\/uploads\/2025\/12\/82669884.webp\" width=\"980\" height=\"441\" title=\"H\u00e5vet inn p\u00e5 boligsalg - igjen!\" alt=\"\" class=\"lazyload\" style=\"--aspect-ratio-image: 2.22; \"\/><\/p>\n<p>        H\u00e5vet inn p\u00e5 boligsalg &#8211; igjen!<\/p>\n<p>    <\/a><\/p>\n<p>&#8211; Wenche Foss var en bauta og et forbilde, s\u00e5 vi er veldig glade p\u00e5 Anders&#8217; vegne, og jeg vet at han er veldig, veldig stolt selv, smiler hun til Se og H\u00f8r.\u00a0<\/p>\n<p>De to m\u00f8ttes under innspillingen av filmen \u00abB\u00f8rning 2\u00bb i 2016, og har siden v\u00e6rt et par.<\/p>\n<p>        OVERRASKER: Vi har tatt en titt p\u00e5 noen av TV-\u00f8yeblikkene vi husker ekstra godt fra \u00e5ret som har g\u00e5tt. Video: \u00abTeam P\u00f8lsa\u00bb\/NRK, \u00abJakten p\u00e5 kj\u00e6rligheten\u00bb\/TV 2, \u00abBedre sex\u00bb\/Viaplay, \u00abOppdrag M\/S Bj\u00f8rvika\u00bb\/Viaplay<\/p>\n<p>Det er ikke bare p\u00e5 scenen eller foran kamera prisvinneren gir av seg selv, kan Marie fortelle til Se og H\u00f8rs lesere.<\/p>\n<p class=\"font-weight-bold m-font-weight-bold\" data-lab-font_weight=\"font-weight-bold\">&#8211; Anders har s\u00e5 mange gode egenskaper. Han er veldig snill, og veldig \u00e6rlig, p\u00e5 en fin m\u00e5te &#8211; og det er noe jeg setter stor pris p\u00e5, for hans \u00e6rlighet gj\u00f8r at jeg ogs\u00e5 l\u00e6rer nye ting om meg selv, mener hun.\u00a0<\/p>\n<p class=\"font-weight-light m-font-weight-light\" data-lab-font_weight=\"font-weight-light\">\u2013 Han er dessuten sv\u00e6rt morsom!<\/p>\n<p>        <img loading=\"lazy\" decoding=\"async\" src=\"https:\/\/www.europesays.com\/no\/wp-content\/uploads\/2025\/12\/84005584.webp\" width=\"686\" height=\"700\" title=\"STOLT \u00d8YEBLIKK: Anders i&#10;det han mottok den gjeve prisen, med&#10;jurymedlem Fabian Stang applauderende i bakgrunnen. Foto: Tore Skaar\" alt=\"\" class=\"\" style=\"--aspect-ratio-image: 0.98; \"\/><\/p>\n<p>\n        STOLT \u00d8YEBLIKK: Anders i<br \/>\ndet han mottok den gjeve prisen, med<br \/>\njurymedlem Fabian Stang applauderende i bakgrunnen. Foto: Tore Skaar\n    <\/p>\n<p>Anders&#8217; to s\u00f8stre Ingrid (52) og Ragnhild (45) representerte den n\u00e6re familien ved prisutdelingen. De er ikke noe mindre kry av broren sin.<\/p>\n<p>&#8211; F\u00f8rste gang vi s\u00e5 talentet hans var da han hadde en rolle i musikalen \u00abHair\u00bb p\u00e5 ungdomsskolen. Plutselig oppdaget vi at vi hadde en bror som b\u00e5de kunne synge og spille skuespill, forteller s\u00f8strene oppr\u00f8mt.<\/p>\n<p>        <img loading=\"lazy\" decoding=\"async\" src=\"https:\/\/www.europesays.com\/no\/wp-content\/uploads\/2025\/12\/84005590.webp\" width=\"667\" height=\"587\" title=\"S\u00d8SKENKJ\u00c6RLIGHET: Anders\u2019 s\u00f8stre&#10;Ingrid (t.v.) og Ragnhild kan fortelle om en&#10;omsorgsfull bror, som de er sv\u00e6rt stolte av. Foto: Tore Skaar\" alt=\"\" class=\"\" style=\"--aspect-ratio-image: 1.14; \"\/><\/p>\n<p>\n        S\u00d8SKENKJ\u00c6RLIGHET: Anders\u2019 s\u00f8stre<br \/>\nIngrid (t.v.) og Ragnhild kan fortelle om en<br \/>\nomsorgsfull bror, som de er sv\u00e6rt stolte av. Foto: Tore Skaar\n    <\/p>\n<p>Ingrid og Ragnhild forteller om en jordn\u00e6r og familiekj\u00e6r bror.<\/p>\n<p class=\"font-weight-bold m-font-weight-bold\" data-lab-font_weight=\"font-weight-bold\">&#8211; Anders er ekstremt omsorgsfull. og tar vare p\u00e5 sine egne. Vi tre s\u00f8sknene er veldig n\u00e6re. Om mulig er vi blitt enda litt n\u00e6rere etter at mamma d\u00f8de for noen \u00e5r siden. I dag er vi alle litt ekstra r\u00f8rt, for vi vet at hun ville ha syntes det var fantastisk om hun fikk oppleve denne dagen, sier s\u00f8strene med et anstr\u00f8k av vemod.<\/p>\n<p>        SLIK VAR \u00c5RET: 2025 var preget av offisielle oppdrag, utfordringer og store overskrifter. Reporter: Caroline Vagle. Video: Kine Falch<\/p>\n<p>Wenche Foss&#8217; \u00e6respris b\u00e6rer sitt navn etter den folkekj\u00e6re skuespilleren som gikk bort i 2011. Den skal g\u00e5 til en person, organisasjon eller institusjon som gjenspeiler Wenches livsglede, formidlingsevne og engasjement. Ellen Horn (74) sitter i juryen.\u00a0<\/p>\n<p>    <a itemprop=\"url\" href=\"https:\/\/www.seher.no\/kjendis\/vi-har-noe-a-fortelle\/84000259\" rel=\"nofollow noopener\" target=\"_blank\"><\/p>\n<p>        <img loading=\"lazy\" decoding=\"async\" src=\"https:\/\/www.europesays.com\/no\/wp-content\/uploads\/2025\/12\/1766867716_259_84000307.webp\" width=\"147\" height=\"98\" title=\"- Vi har noe \u00e5 fortelle\" alt=\"\" class=\"lazyload\" style=\"--aspect-ratio-image: 1.50; \"\/><\/p>\n<p>        &#8211; Vi har noe \u00e5 fortelle<\/p>\n<p>    <\/a><\/p>\n<p>I talen vektla hun Anders Baasmos allsidighet og formidable formidlingsevne.<\/p>\n<p class=\"font-weight-bold m-font-weight-bold\" data-lab-font_weight=\"font-weight-bold\">&#8211; Helt siden han fikk sitt gjennombrudd i filmen \u00abBuddy\u00bb har han truffet oss, preget oss og bergtatt oss. Han er en skuespiller det st\u00e5r respekt av. Juryen er veldig trygge p\u00e5 at Wenche ville ha jublet med oss hvis hun hadde v\u00e6rt her i dag, sa hun engasjert.<\/p>\n<p>        <img loading=\"lazy\" decoding=\"async\" src=\"https:\/\/www.europesays.com\/no\/wp-content\/uploads\/2025\/12\/84005581.webp\" width=\"667\" height=\"474\" title=\"POPUL\u00c6R PRISVINNER: Hele Norges&#10;kulturelite ville v\u00e6re med&#10;da Anders Baasmo fikk&#10;sin fortjente \u00e6respris.&#10;Foran (f.v.): Hege Sch\u00f8yen, Robert Stoltenberg,&#10;Sven Nordin, Liv Ullmann,&#10;Ellen Horn og Trond Espen&#10;Seim. Bak (f.v.): Thorbj\u00f8rn&#10;Harr, Espen Reboli&#10;Bjerke, Sara Khorami, Ole&#10;Alexander Halstensg\u00e5rd,&#10;Mads Ousdal, Jan Gunnar&#10;R\u00f8ise og Mattis Herman&#10;Nyquist. Foto: Espen Solli\" alt=\"\" class=\"\" style=\"--aspect-ratio-image: 1.41; \"\/><\/p>\n<p>\n        POPUL\u00c6R PRISVINNER: Hele Norges<br \/>\nkulturelite ville v\u00e6re med<br \/>\nda Anders Baasmo fikk<br \/>\nsin fortjente \u00e6respris.<br \/>\nForan (f.v.): Hege Sch\u00f8yen, Robert Stoltenberg,<br \/>\nSven Nordin, Liv Ullmann,<br \/>\nEllen Horn og Trond Espen<br \/>\nSeim. Bak (f.v.): Thorbj\u00f8rn<br \/>\nHarr, Espen Reboli<br \/>\nBjerke, Sara Khorami, Ole<br \/>\nAlexander Halstensg\u00e5rd,<br \/>\nMads Ousdal, Jan Gunnar<br \/>\nR\u00f8ise og Mattis Herman<br \/>\nNyquist. Foto: Espen Solli\n    <\/p>\n<p>Wenches s\u00f8nn, tidligere Oslo-ordf\u00f8rer Fabian Stang (70), sitter ogs\u00e5 i juryen, og ser likheter mellom sin ber\u00f8mte mor og \u00e5rets prisvinner.<\/p>\n<p>&#8211; Mor var en formidler av b\u00e5de det alvorlige drama og det humoristiske i b\u00e5de film, TV og teater. I tillegg hadde hun et betydelig engasjement for medmennesker. Anders oppfyller alle kriteriene p\u00e5 en utmerket m\u00e5te, sier Fabian til Se og H\u00f8r.<\/p>\n<p>        <img loading=\"lazy\" decoding=\"async\" src=\"https:\/\/www.europesays.com\/no\/wp-content\/uploads\/2025\/12\/84005583.webp\" width=\"686\" height=\"954\" title=\"DRONNINGEN OG&#10;PRINSEN: Liv Ullmann&#10;er en av Anders\u2019 st\u00f8rste&#10;beundrere, og gledet seg stort&#10;over at hennes favorittskuespiller ble \u00e5rets vinner av&#10;Wenche Foss\u2019 \u00e6respris. Foto: Tore Skaar\" alt=\"\" class=\"\" style=\"--aspect-ratio-image: 0.72; \"\/><\/p>\n<p>\n        DRONNINGEN OG<br \/>\nPRINSEN: Liv Ullmann<br \/>\ner en av Anders\u2019 st\u00f8rste<br \/>\nbeundrere, og gledet seg stort<br \/>\nover at hennes favorittskuespiller ble \u00e5rets vinner av<br \/>\nWenche Foss\u2019 \u00e6respris. Foto: Tore Skaar\n    <\/p>\n<p>\u00c5rets pris deler Anders stolt med Tigerstadsteatret &#8211; et ambulerende teater som jobber for at alle barn og unge skal f\u00e5 oppleve teaterkunst, uavhengig av familiens inntekt.<\/p>\n<p class=\"font-weight-bold m-font-weight-bold\" data-lab-font_weight=\"font-weight-bold\">&#8211; Det er en stor \u00e6re for meg \u00e5 motta \u00e5rets pris, og ikke minst \u00e5 dele prisen med Tigerstadsteatret, sa en tydelig r\u00f8rt Anders i sin takketale.<\/p>\n<p>        OVERRASKELSE: Juleshowet \u00abJulefest\u00bb er n\u00e5 p\u00e5 turn\u00e9 \u2013 med Anders Baasmo, Reidun S\u00e6ther og Trond Nagell-Dahl i spissen. Da de gjestet Chat Noir s\u00f8ndag, ventet det en helt spesiell overraskelse i salen. Video: Tor Kvello \/ Kine Falch.<\/p>\n<p>Han skjenket ogs\u00e5 noen tanker til sitt opphav.<\/p>\n<p>&#8211; Dette er noe moren min ville v\u00e6rt veldig stolt av, for hun var stor fan av Wenche. Siden hun gikk bort for noen \u00e5r siden, er det ekstra stas at mine s\u00f8stre Ingrid og Ragnhild er med i dag. Og n\u00e5r min mor ikke kunne stille, er jeg glad for \u00e5 ha min reservemamma eller \u00abscenemor\u00bb her i dag, sa han muntert, og rettet blikket mot Liv Ullmann (86), som var hjertelig til stede for \u00e5 feire sin favorittskuespiller.<\/p>\n<p>        <img loading=\"lazy\" decoding=\"async\" src=\"https:\/\/www.europesays.com\/no\/wp-content\/uploads\/2025\/12\/84005576.webp\" width=\"667\" height=\"534\" title=\"ET HJERTE FOR UNGDOMMEN:&#10;Anders Baasmo delte \u00e5rets pris med Tigerstadsteatret \u2013 et opps\u00f8kende teater som brenner for&#10;at all ungdom skal ha tilgang p\u00e5 gode teateropplevelser. Teatersjef Hilde Brinchmann (42) kom&#10;for \u00e5 motta prisen. Foto: Tore Skaar\" alt=\"\" class=\"\" style=\"--aspect-ratio-image: 1.25; \"\/><\/p>\n<p>\n        ET HJERTE FOR UNGDOMMEN:<br \/>\nAnders Baasmo delte \u00e5rets pris med Tigerstadsteatret \u2013 et opps\u00f8kende teater som brenner for<br \/>\nat all ungdom skal ha tilgang p\u00e5 gode teateropplevelser. Teatersjef Hilde Brinchmann (42) kom<br \/>\nfor \u00e5 motta prisen. Foto: Tore Skaar\n    <\/p>\n<p>Anders og Liv utviklet et n\u00e6rt vennskap etter at de spilte sammen i Eugene O\u2019Neills \u00abLang dags ferd mot natt\u00bb i 2010 \u2013 som mor og s\u00f8nn. Senere regisserte hun ham i Anton Tsjekhovs klassiker \u00abOnkel Vanja\u00bb.<\/p>\n<p>&#8211; Anders er en av de fineste skuespillerne jeg har jobbet med, og en av mine beste venner, utbryter Liv og tar kj\u00e6rlig tak i Anders&#8217; arm. <\/p>\n<p>    <a itemprop=\"url\" href=\"https:\/\/www.seher.no\/kjendis\/bekrefter-bruddet\/84004784\" rel=\"nofollow noopener\" target=\"_blank\"><\/p>\n<p>        <img loading=\"lazy\" decoding=\"async\" src=\"https:\/\/www.europesays.com\/no\/wp-content\/uploads\/2025\/12\/1766867721_578_84004842.webp\" width=\"147\" height=\"98\" title=\"Bekrefter bruddet\" alt=\"\" class=\"lazyload\" style=\"--aspect-ratio-image: 1.50; \"\/><\/p>\n<p>        Bekrefter bruddet <\/p>\n<p>    <\/a><\/p>\n<p>&#8211; Anders er en som str\u00e5ler, og har en absolutt \u00e6rlighet inni seg. Ansiktet, stemmen, f\u00f8lelsene! Han har et lys som kommer innenfra. Han er en fullverdig skuespiller, og en fortjent vinner, sier hun til Se og H\u00f8r med overbevisning.<\/p>\n<p>        <img loading=\"lazy\" decoding=\"async\" src=\"https:\/\/www.europesays.com\/no\/wp-content\/uploads\/2025\/12\/84005574.webp\" width=\"667\" height=\"1001\" title=\"KLARE FOR FEIRING: Sven&#10;Nordin (68) hygget seg med kona Torhild&#10;Strand. Sven mottok Wenche Foss\u2019&#10;\u00e6respris i 2016. Foto: Tore Skaar\" alt=\"\" class=\"\" style=\"--aspect-ratio-image: 0.67; \"\/><\/p>\n<p>\n        KLARE FOR FEIRING: Sven<br \/>\nNordin (68) hygget seg med kona Torhild<br \/>\nStrand. Sven mottok Wenche Foss\u2019<br \/>\n\u00e6respris i 2016. Foto: Tore Skaar\n    <\/p>\n<p>Liv forteller om et vennskap av det spesielle slaget.<\/p>\n<p>&#8211; N\u00e5r vi ringer hverandre, tar den andre aldri telefonen, men venter for \u00e5 h\u00f8re p\u00e5 meldingen som er lagt igjen. Vi skal gi hverandre noe, forteller Liv og smiler. <\/p>\n<p>        SETTES UT: Emil Gukild og Simon Nitsche prater om den ukjente fortiden. Video: Student-TV i Volda, R\u00f8d L\u00f8per\/ Nora Skavhaug\/ Thea Hope<\/p>\n<p>&#8211; Det startet med at vi ikke hadde tid til \u00e5 svare, s\u00e5 vi la isteden igjen en melding, med en anekdote eller hilsen. Det ble et m\u00f8nster. S\u00e5 n\u00e5 venter vi bare spent p\u00e5 meldingen, og hva den andre har \u00e5 formidle. Det kan v\u00e6re alt fra en sang til hva som opptar oss i hverdagen.<\/p>\n<p>        <img loading=\"lazy\" decoding=\"async\" src=\"https:\/\/www.europesays.com\/no\/wp-content\/uploads\/2025\/12\/84005588.webp\" width=\"667\" height=\"567\" title=\"FULL JUBEL: Anders&#10;Baasmo ville gjerne ha et bilde&#10;med familien og den engasjerte&#10;gjengen som utgj\u00f8r Tigerstadsteatret. Foto: Tore Skaar\" alt=\"\" class=\"\" style=\"--aspect-ratio-image: 1.18; \"\/><\/p>\n<p>\n        FULL JUBEL: Anders<br \/>\nBaasmo ville gjerne ha et bilde<br \/>\nmed familien og den engasjerte<br \/>\ngjengen som utgj\u00f8r Tigerstadsteatret. Foto: Tore Skaar\n    <\/p>\n<p>Anders Baasmo er den f\u00f8rste som har vunnet alle de tre store skuespillerprisene i Norge: Heddaprisen, Amanda- prisen og Gullruten. \u00c5 motta Wenche Foss&#8217; \u00e6respris gj\u00f8r ham spesielt stolt.<\/p>\n<p>&#8211; Den topper kanskje det hele, for det handler om mer enn \u00e9n rolle, sier han til Se og H\u00f8r. <\/p>\n<p>        N\u00c6RE VENNER: Liv Ullmann hyller Anders Baasmo etter at han mottok Wenche Foss\u2019 \u00e6respris. Video: Espen Solli \/ Kine Falch<\/p>\n<p>&#8211; Jeg hadde gleden av \u00e5 bli kjent med Wenche da jeg jobbet med henne p\u00e5 hennes aller siste skuespillerjobb, og fikk den st\u00f8rste respekt for dama. Kjemien var der umiddelbart, og hun inviterte meg hjem til seg, minnes Anders med et smil. <\/p>\n<p>        <img loading=\"lazy\" decoding=\"async\" src=\"https:\/\/www.europesays.com\/no\/wp-content\/uploads\/2025\/12\/84005577.webp\" width=\"686\" height=\"1112\" title=\"TRIVELIG TRIO: Fabian&#10;Stang i hyggelig lag med&#10;datteren Amanda-Sofia (18) og&#10;s\u00f8nnen Fabian Emil (43). Foto: Tore Skaar\" alt=\"\" class=\"\" style=\"--aspect-ratio-image: 0.62; \"\/><\/p>\n<p>\n        TRIVELIG TRIO: Fabian<br \/>\nStang i hyggelig lag med<br \/>\ndatteren Amanda-Sofia (18) og<br \/>\ns\u00f8nnen Fabian Emil (43). Foto: Tore Skaar\n    <\/p>\n<p>&#8211; Det er noen f\u00e5 vi har hatt med en slik aura, som samtidig er en ekstremt dyktig skuespiller, mener han. <\/p>\n<p>&#8211; Jeg rakk \u00e5 se Wenche p\u00e5 scenen rett f\u00f8r hun ga seg, og det var helt magnetisk. Det er en stor \u00e6re for meg \u00e5 f\u00e5 v\u00e6re en del av det \u00e5 holde Wenche Foss&#8217; minne i live, sier en ydmyk Anders.<\/p>\n<p>        <img loading=\"lazy\" decoding=\"async\" src=\"https:\/\/www.europesays.com\/no\/wp-content\/uploads\/2025\/12\/84005580.webp\" width=\"667\" height=\"1001\" title=\"ROSER KOLLEGAEN: Hege Sch\u00f8yen&#10;(68) og Robert Stoltenberg (60) er tidligere&#10;mottagere av Wenche&#10;Foss\u2019 \u00e6respris. - Anders er en av v\u00e5re&#10;aller beste skuespillere.&#10;Vi er imponert over det&#10;enorme spennet hans.&#10;Han har p\u00e5 alle m\u00e5ter&#10;fortjent \u00e5rets \u00e6respris,&#10;mener de. Foto: Tore Skaar\" alt=\"\" class=\"\" style=\"--aspect-ratio-image: 0.67; \"\/><\/p>\n<p>\n        ROSER KOLLEGAEN: Hege Sch\u00f8yen<br \/>\n(68) og Robert Stoltenberg (60) er tidligere<br \/>\nmottagere av Wenche<br \/>\nFoss\u2019 \u00e6respris. &#8211; Anders er en av v\u00e5re<br \/>\naller beste skuespillere.<br \/>\nVi er imponert over det<br \/>\nenorme spennet hans.<br \/>\nHan har p\u00e5 alle m\u00e5ter<br \/>\nfortjent \u00e5rets \u00e6respris,<br \/>\nmener de. Foto: Tore Skaar\n    <\/p>\n<p>Liv, som kjente Wenche godt, er ikke i tvil om hvordan venninnen ville ha reagert p\u00e5 valget av \u00e5rets prisvinner.<\/p>\n<p>&#8211; Hvis hun er et eller annet sted og f\u00f8lger med, vet jeg at hun er veldig glad n\u00e5!<\/p>\n","protected":false},"excerpt":{"rendered":"Familie, venner og kolleger stilte i hopetall under \u00e5rets utdeling av Wenche Foss&#8217; \u00e6respris p\u00e5 \u00e6rverdige Grand Hotel&hellip;\n","protected":false},"author":2,"featured_media":123060,"comment_status":"","ping_status":"","sticky":false,"template":"","format":"standard","meta":{"footnotes":""},"categories":[58],"tags":[8011,4104,71,479,12207,30,28,29,72,13302],"class_list":{"0":"post-123059","1":"post","2":"type-post","3":"status-publish","4":"format-standard","5":"has-post-thumbnail","7":"category-underholdning","8":"tag-anders-baasmo-christiansen","9":"tag-eksklusivt","10":"tag-entertainment","11":"tag-kjendis","12":"tag-marie-blokhus","13":"tag-no","14":"tag-norge","15":"tag-norway","16":"tag-underholdning","17":"tag-wenche-foss-aerespris"},"share_on_mastodon":{"url":"https:\/\/pubeurope.com\/@no\/115793450164313792","error":""},"_links":{"self":[{"href":"https:\/\/www.europesays.com\/no\/wp-json\/wp\/v2\/posts\/123059","targetHints":{"allow":["GET"]}}],"collection":[{"href":"https:\/\/www.europesays.com\/no\/wp-json\/wp\/v2\/posts"}],"about":[{"href":"https:\/\/www.europesays.com\/no\/wp-json\/wp\/v2\/types\/post"}],"author":[{"embeddable":true,"href":"https:\/\/www.europesays.com\/no\/wp-json\/wp\/v2\/users\/2"}],"replies":[{"embeddable":true,"href":"https:\/\/www.europesays.com\/no\/wp-json\/wp\/v2\/comments?post=123059"}],"version-history":[{"count":0,"href":"https:\/\/www.europesays.com\/no\/wp-json\/wp\/v2\/posts\/123059\/revisions"}],"wp:featuredmedia":[{"embeddable":true,"href":"https:\/\/www.europesays.com\/no\/wp-json\/wp\/v2\/media\/123060"}],"wp:attachment":[{"href":"https:\/\/www.europesays.com\/no\/wp-json\/wp\/v2\/media?parent=123059"}],"wp:term":[{"taxonomy":"category","embeddable":true,"href":"https:\/\/www.europesays.com\/no\/wp-json\/wp\/v2\/categories?post=123059"},{"taxonomy":"post_tag","embeddable":true,"href":"https:\/\/www.europesays.com\/no\/wp-json\/wp\/v2\/tags?post=123059"}],"curies":[{"name":"wp","href":"https:\/\/api.w.org\/{rel}","templated":true}]}}