{"id":123061,"date":"2025-12-27T20:40:08","date_gmt":"2025-12-27T20:40:08","guid":{"rendered":"https:\/\/www.europesays.com\/no\/123061\/"},"modified":"2025-12-27T20:40:08","modified_gmt":"2025-12-27T20:40:08","slug":"redningsaksjon-valdresflye-henter-ut-inneblast-skiloper-oppland-arbeiderblad","status":"publish","type":"post","link":"https:\/\/www.europesays.com\/no\/123061\/","title":{"rendered":"Redningsaksjon, Valdresflye | Henter ut innebl\u00e5st skil\u00f8per &#8211; Oppland Arbeiderblad"},"content":{"rendered":"<ol>\n<li><a href=\"https:\/\/news.google.com\/rss\/articles\/CBMibkFVX3lxTE1OT1BybzBRS0pwV0EtSng0MUNWaFFVU25JTzBkNXpxQVRRUGtkeVlsYVNoWUota0JIbS0za3hnRmJmWUtOZkM1enhQNndaUkY4TVlvXzQtRkxoMENSMU15V0JFU0JtVXBrbzV5c3R3?oc=5\" target=\"_blank\" rel=\"nofollow noopener\">Redningsaksjon, Valdresflye | Henter ut innebl\u00e5st skil\u00f8per<\/a>&nbsp;&nbsp;Oppland Arbeiderblad<\/li>\n<li><a href=\"https:\/\/news.google.com\/rss\/articles\/CBMiiwFBVV95cUxNZHJRN3lVQUJBRVEyZnUwWUtBUzV5VVN0a1pGSEs3amlHaWt1U0VOWHhsTTZjZVo1RnlvWjhmUE9GVzRweDRqUEJDZFBTWGJ6ckZPaGFMQTlnQUoyLVJRMjRyclFWS3p6S2NkREh4Q1N3QWFtemVrUjg1RVFFSlhaUmsxWUw1R1NqcnNV?oc=5\" target=\"_blank\" rel=\"nofollow noopener\">Fjellovergangen Valdresflye er vinterstengt<\/a>&nbsp;&nbsp;NRK<\/li>\n<li><a href=\"https:\/\/news.google.com\/rss\/articles\/CBMiXkFVX3lxTE9mb0doR05sTThJWE1XOE5YVUtlcThQa3RqbWlTTlRaa3Z0ZmpRNmZncGs4RURuQkZNbWczUnNkTGtvcUdVazJhN2l0Rk9Yb1VRbEtQcTU4SGFNNlhkekE?oc=5\" target=\"_blank\" rel=\"nofollow noopener\">Valdresflye, Vinterstenging | Stengt til p\u00e5ske<\/a>&nbsp;&nbsp;Oppland Arbeiderblad<\/li>\n<li><a href=\"https:\/\/news.google.com\/rss\/articles\/CBMihwFBVV95cUxPMjNqYWJEWTdjM3ZkdmxnQUY4aW5Od3l0SFpaWUpTdy1La2lHY2tTaEpuSjRqdUNXRkhIeDVudlRwTlJGNTFhQm5WUFpidFJOdkJfRUtYVkpfOHU2V0I2STRRM1Z4azh5NXVROHJnVVRIeHBBeG5qOE1yZDJodE9WSGhydjRlcjg?oc=5\" target=\"_blank\" rel=\"nofollow noopener\">Fylkesveg over Valdresflye er stengt<\/a>&nbsp;&nbsp;Avisa Valdres<\/li>\n<li><a href=\"https:\/\/news.google.com\/rss\/articles\/CBMilwFBVV95cUxQcjFLUTdGMkI2OUdabF9TOExxMWpZbHFEN3FXZzBLWGlJZkZuSkVWSU5JYnc1dlh1VDNjaVdwSzRmU1pRbzRTcmtHb0doczVKVmQxZGNsWWF5bWpJUFdOcnFhdU9iV3Z1b25YZ2NELXEzT1F6WEg0TU4zU3RVNzBLRW5HYXdmc3VBWlI3Q0NfOUJsUDBJSkI4?oc=5\" target=\"_blank\" rel=\"nofollow noopener\">V\u00e5g\u00e5, Trafikk | &#8211; Vil v\u00e6re \u00e5pen til over nytt\u00e5r om v\u00e6rvarselet sl\u00e5r til<\/a>&nbsp;&nbsp;Norddalen<\/li>\n<\/ol>\n","protected":false},"excerpt":{"rendered":"Redningsaksjon, Valdresflye | Henter ut innebl\u00e5st skil\u00f8per&nbsp;&nbsp;Oppland Arbeiderblad Fjellovergangen Valdresflye er vinterstengt&nbsp;&nbsp;NRK Valdresflye, Vinterstenging | Stengt til p\u00e5ske&nbsp;&nbsp;Oppland&hellip;\n","protected":false},"author":2,"featured_media":4217,"comment_status":"","ping_status":"","sticky":false,"template":"","format":"standard","meta":{"footnotes":""},"categories":[5],"tags":[20,21,24,25,15,19,22,23,17,18,13,30,28,29,14,16,26,27],"class_list":{"0":"post-123061","1":"post","2":"type-post","3":"status-publish","4":"format-standard","5":"has-post-thumbnail","7":"category-overskrifter","8":"tag-breaking-news","9":"tag-breakingnews","10":"tag-featured-news","11":"tag-featurednews","12":"tag-headlines","13":"tag-hovedoppslag","14":"tag-latest-news","15":"tag-latestnews","16":"tag-main-news","17":"tag-mainnews","18":"tag-news","19":"tag-no","20":"tag-norge","21":"tag-norway","22":"tag-nyheter","23":"tag-overskrifter","24":"tag-top-stories","25":"tag-topstories"},"share_on_mastodon":{"url":"https:\/\/pubeurope.com\/@no\/115793469355211639","error":""},"_links":{"self":[{"href":"https:\/\/www.europesays.com\/no\/wp-json\/wp\/v2\/posts\/123061","targetHints":{"allow":["GET"]}}],"collection":[{"href":"https:\/\/www.europesays.com\/no\/wp-json\/wp\/v2\/posts"}],"about":[{"href":"https:\/\/www.europesays.com\/no\/wp-json\/wp\/v2\/types\/post"}],"author":[{"embeddable":true,"href":"https:\/\/www.europesays.com\/no\/wp-json\/wp\/v2\/users\/2"}],"replies":[{"embeddable":true,"href":"https:\/\/www.europesays.com\/no\/wp-json\/wp\/v2\/comments?post=123061"}],"version-history":[{"count":0,"href":"https:\/\/www.europesays.com\/no\/wp-json\/wp\/v2\/posts\/123061\/revisions"}],"wp:featuredmedia":[{"embeddable":true,"href":"https:\/\/www.europesays.com\/no\/wp-json\/wp\/v2\/media\/4217"}],"wp:attachment":[{"href":"https:\/\/www.europesays.com\/no\/wp-json\/wp\/v2\/media?parent=123061"}],"wp:term":[{"taxonomy":"category","embeddable":true,"href":"https:\/\/www.europesays.com\/no\/wp-json\/wp\/v2\/categories?post=123061"},{"taxonomy":"post_tag","embeddable":true,"href":"https:\/\/www.europesays.com\/no\/wp-json\/wp\/v2\/tags?post=123061"}],"curies":[{"name":"wp","href":"https:\/\/api.w.org\/{rel}","templated":true}]}}