{"id":123062,"date":"2025-12-27T20:42:24","date_gmt":"2025-12-27T20:42:24","guid":{"rendered":"https:\/\/www.europesays.com\/no\/123062\/"},"modified":"2025-12-27T20:42:24","modified_gmt":"2025-12-27T20:42:24","slug":"hver-gang-vi-motes-jevnaker","status":"publish","type":"post","link":"https:\/\/www.europesays.com\/no\/123062\/","title":{"rendered":"Hver gang vi m\u00f8tes, Jevnaker"},"content":{"rendered":"\n<p>Duoen slo gjennom i 2012, og har siden vokst raskt til \u00e5 bli kjente fjes for mange. I dag spiller de for utsolgte stadioner, men tilbake i 2014 gjestet 12 \u00e5ringene Potetfestivalen i Gran.<\/p>\n<p>\u2013 Det husker jeg. Jeg husker ikke helt hvordan det ser ut, men jeg syntes det var et artig navn. Alts\u00e5 n\u00e5r du er tolv \u00e5r og f\u00e5r beskjed om at du skal opptre p\u00e5 Potetfestivalen, det h\u00f8res jo litt spesielt ut, sier Marcus.<\/p>\n<p>   <img decoding=\"async\" width=\"3200\" height=\"2131\" fetchpriority=\"low\"  loading=\"lazy\"  src=\"https:\/\/www.europesays.com\/no\/wp-content\/uploads\/2025\/12\/12kulpotettorsdag_04_07_unt.jpg\" alt=\"\" class=\"brick-c-cFOWSL\" style=\"--brick-image-ratio: 3200 \/ 2131;\"\/><\/p>\n<p>      SOM TO DR\u00c5PER VANN: Marcus og Martinus under Potetestivalen i Gran i 2014.<br \/>\n      Foto: Amund Reidem\n    <\/p>\n<p>    Vil du se neste video?<\/p>\n<p>    <a href=\"https:\/\/www.hadeland.no\/bilkortesje-for-frank-tore-bekkasen\/v\/5-21-1436162\" class=\"recommend-poster\" data-adp-clicklabel=\"video-recommend\" data-adp-clickvalue=\"poster\" rel=\"nofollow noopener\" target=\"_blank\"><br \/>\n      <img decoding=\"async\" width=\"200\" height=\"200\" loading=\"lazy\" src=\"https:\/\/www.europesays.com\/no\/wp-content\/uploads\/2025\/12\/v-i-ec389ffc-9fab-4360-8687-8907c6bcb691-1.jpg\" alt=\"\" class=\"brick-c-cFOWSL\" style=\"--brick-image-ratio: 200 \/ 200;\"\/><\/p>\n<p>Bilkortesje for Frank Tore Bekk\u00e5sen5:59<\/p>\n<p>    <\/a><\/p>\n<p>\u2013 Veldig forn\u00f8yd<\/p>\n<p>I h\u00f8st var de tilbake p\u00e5 Hadeland, denne gangen p\u00e5 Thorbj\u00f8rnrud hotell p\u00e5 Jevnaker for innspilling av programmet \u00abHver gang vi m\u00f8tes\u00bb.<\/p>\n<p>\u2013 Vi hadde h\u00f8rt at det pleide \u00e5 v\u00e6re i nord, der vi kommer fra. Da det ble flyttet, tenkte vi det ville bli i Oslo-omr\u00e5det, men jeg ble s\u00e5 overrasket. Det var en utrolig fin lokasjon. Vi fikk sett alt, det var et s\u00e5 vakkert sted, og jeg er veldig forn\u00f8yd med at vi var der, sier Martinus.<\/p>\n<p>   <img decoding=\"async\" width=\"8256\" height=\"5504\" fetchpriority=\"low\"  loading=\"lazy\"  src=\"https:\/\/www.europesays.com\/no\/wp-content\/uploads\/2025\/12\/_DSC5686.jpg\" alt=\"\" class=\"brick-c-cFOWSL\" style=\"--brick-image-ratio: 8256 \/ 5504;\"\/><\/p>\n<p>      JEVNAKER: Marcus og Martinus ble positivt overrasket da de kom til Thorbj\u00f8rnrud p\u00e5 Jevnaker. \u2013 Jeg husker at jeg fikk en f\u00f8lelse av at jeg kom til \u00e5 trives allerede d jeg kom inn p\u00e5 hotellet. Alt var veldig fint tilrettelagt for oss, sier Marcus (til h\u00f8yre).<br \/>\n      Foto: Vegard Breie\n    <\/p>\n<p>En av utfluktene de husker godt, var en b\u00e5ttur ut p\u00e5 Randsfjorden.<\/p>\n<p>\u2013 Det var veldig fint. Det var perfekt v\u00e6r, og vi fikk litt tid til \u00e5 slappe av og se utover vannet, sier Marcus.<\/p>\n<p>   <img decoding=\"async\" width=\"8256\" height=\"5504\" fetchpriority=\"low\"  loading=\"lazy\"  src=\"https:\/\/www.europesays.com\/no\/wp-content\/uploads\/2025\/12\/_DSC0238.jpg\" alt=\"\" class=\"brick-c-cFOWSL\" style=\"--brick-image-ratio: 8256 \/ 5504;\"\/><\/p>\n<p>      ELEVER: \u2013 En av utfluktene var til en idrettshall, og da var det plutselig veldig mange elever der, sier Marcus (til h\u00f8yre) og Martinus.<br \/>\n      Foto: Vegard Breie\n    <\/p>\n<p>  \u2013 Bromance<\/p>\n<p>Tvillingene hadde stor respekt for de andre deltakerne, og var spesielt spente p\u00e5 \u00e5 tolke Espen Linds sanger.<\/p>\n<p>\u2013 Sp\u00f8r du meg, s\u00e5 var det en helt perfekt gjeng, og vi passet s\u00e5 godt sammen, sier Marcus, og fortsetter:<\/p>\n<p>\u2013 Vi vet hva Espen Lind har \u00e5 bringe til bordet; han har jobbet med de st\u00f8rste artistene i verden, og s\u00e5 skal han plutselig sitte der og h\u00f8re p\u00e5 oss tolke en av l\u00e5tene hans. Det er jo en stor kontrast, men det gikk s\u00e5 bra. Vi fikk en veldig god kjemi med ham.<\/p>\n<p>\u2013 Det ble en bromance, legger broren til.<\/p>\n<p>   <img decoding=\"async\" width=\"8256\" height=\"5504\" fetchpriority=\"low\"  loading=\"lazy\"  src=\"https:\/\/www.europesays.com\/no\/wp-content\/uploads\/2025\/12\/_DSC7318.jpg\" alt=\"\" class=\"brick-c-cFOWSL\" style=\"--brick-image-ratio: 8256 \/ 5504;\"\/><\/p>\n<p>      \u2013 Sp\u00f8r du meg, s\u00e5 var det en helt perfekt gjeng, sier Marcus om de andre deltakerne. P\u00e5 bildet fra venstre er: Martinus Gunnarsen, Andr\u00e9 Jensen, Synne Vo og Musti. Foran fra venstre: Marit Larsen, Marcus Gunnarsen, Herborg Kr\u00e5kevik og Espen Lind.<br \/>\n      Foto: Vegard Breie\n    <\/p>\n<p>Sm\u00e5 og intime konserter er sjeldenheter for duoen i dag, og de kjente p\u00e5 nervene i forkant.<\/p>\n<p>\u2013 Publikummet her var noe helt annet enn det vi pleier \u00e5 ha konserter foran. Helt \u00e6rlig var det litt skummelt. Vi skal ha konsert i Unity arena i mai, og jeg er mindre nerv\u00f8s for den enn jeg var her. Du skal tolke en l\u00e5t, og du vil jo heller ikke \u00f8delegge den for de som har lagt s\u00e5 mye kj\u00e6rlighet i den. Men jeg f\u00f8lte etter hver l\u00e5t at det gikk ganske fint, sier Martinus.<\/p>\n<p>F\u00f8rste episode har premiere 3. januar.<\/p>\n<p>   <img decoding=\"async\" width=\"4032\" height=\"3024\" fetchpriority=\"low\"  loading=\"lazy\"  src=\"https:\/\/www.europesays.com\/no\/wp-content\/uploads\/2025\/12\/image_EFA40317-FF8C-4017-B54B-7B8E8F0EC78C_1765903249.jpeg\" alt=\"\" class=\"brick-c-cFOWSL\" style=\"--brick-image-ratio: 4032 \/ 3024;\"\/><\/p>\n<p>      HADELAND: To ganger tidligere har duoen Marcus og Martinus spilt p\u00e5 Hadeland; p\u00e5 Potetfestivalen i 2014, og i Hadeland kultursal \u00e5ret etterp\u00e5.<br \/>\n      Foto: Mari Volden\n    <\/p>\n","protected":false},"excerpt":{"rendered":"Duoen slo gjennom i 2012, og har siden vokst raskt til \u00e5 bli kjente fjes for mange. I&hellip;\n","protected":false},"author":2,"featured_media":123063,"comment_status":"","ping_status":"","sticky":false,"template":"","format":"standard","meta":{"footnotes":""},"categories":[58],"tags":[36,71,3445,1972,30,28,29,1510,14484,72],"class_list":{"0":"post-123062","1":"post","2":"type-post","3":"status-publish","4":"format-standard","5":"has-post-thumbnail","7":"category-underholdning","8":"tag-art","9":"tag-entertainment","10":"tag-hver-gang-vi-motes","11":"tag-jevnaker","12":"tag-no","13":"tag-norge","14":"tag-norway","15":"tag-story","16":"tag-thorbjornrud-hotell","17":"tag-underholdning"},"share_on_mastodon":{"url":"https:\/\/pubeurope.com\/@no\/115793477406389053","error":""},"_links":{"self":[{"href":"https:\/\/www.europesays.com\/no\/wp-json\/wp\/v2\/posts\/123062","targetHints":{"allow":["GET"]}}],"collection":[{"href":"https:\/\/www.europesays.com\/no\/wp-json\/wp\/v2\/posts"}],"about":[{"href":"https:\/\/www.europesays.com\/no\/wp-json\/wp\/v2\/types\/post"}],"author":[{"embeddable":true,"href":"https:\/\/www.europesays.com\/no\/wp-json\/wp\/v2\/users\/2"}],"replies":[{"embeddable":true,"href":"https:\/\/www.europesays.com\/no\/wp-json\/wp\/v2\/comments?post=123062"}],"version-history":[{"count":0,"href":"https:\/\/www.europesays.com\/no\/wp-json\/wp\/v2\/posts\/123062\/revisions"}],"wp:featuredmedia":[{"embeddable":true,"href":"https:\/\/www.europesays.com\/no\/wp-json\/wp\/v2\/media\/123063"}],"wp:attachment":[{"href":"https:\/\/www.europesays.com\/no\/wp-json\/wp\/v2\/media?parent=123062"}],"wp:term":[{"taxonomy":"category","embeddable":true,"href":"https:\/\/www.europesays.com\/no\/wp-json\/wp\/v2\/categories?post=123062"},{"taxonomy":"post_tag","embeddable":true,"href":"https:\/\/www.europesays.com\/no\/wp-json\/wp\/v2\/tags?post=123062"}],"curies":[{"name":"wp","href":"https:\/\/api.w.org\/{rel}","templated":true}]}}