{"id":123066,"date":"2025-12-27T20:47:09","date_gmt":"2025-12-27T20:47:09","guid":{"rendered":"https:\/\/www.europesays.com\/no\/123066\/"},"modified":"2025-12-27T20:47:09","modified_gmt":"2025-12-27T20:47:09","slug":"hjemme-i-norge-skiforbundet","status":"publish","type":"post","link":"https:\/\/www.europesays.com\/no\/123066\/","title":{"rendered":"Hjemme i Norge | Skiforbundet"},"content":{"rendered":"<p>Freeski-ut\u00f8veren William Bostadl\u00f8kken (20) har kommet hjem til Norge og f\u00e5r n\u00e5 behandling p\u00e5 Ullev\u00e5l sykehus. <\/p>\n<p style=\"font-weight: 400;\">Bostadl\u00f8kken falt under trening i Steamboat i USA, og p\u00e5dro seg flere bruddskader, blant annet i ryggen. Han ble operert p\u00e5 sykehus i Denver, og kom til Norge med ambulansefly tidligere denne uka.\u00a0<\/p>\n<p style=\"font-weight: 400;\">I et innlegg p\u00e5<a href=\"https:\/\/www.instagram.com\/williambostadlokken?igsh=MWxhODdoeWQ4d3Zp\" rel=\"nofollow noopener\" target=\"_blank\"> Instagram<\/a>, skriver William selv om skaden og hvordan han har det etter det som har skjedd. Lenke her.\u00a0<\/p>\n<p style=\"font-weight: 400;\">\u2013 Vi er glade for at William n\u00e5 er trygt tilbake i Norge. Som han selv forklarer, er ryggskaden sv\u00e6rt alvorlig ettersom ryggmargen ogs\u00e5 ble skadet i forbindelse med bruddet. Vi vil n\u00e5 fokusere p\u00e5 best mulig medisinsk oppf\u00f8lging og rehabilitering for \u00e5 gi ham de beste\u00a0\u00a0forutsetningene for \u00e5 f\u00e5 tilbake mest mulig funksjon. Han er i gode hender, og vi tar ett steg av gangen, sier landslagslege Andreas Persson.<\/p>\n<p><img loading=\"lazy\" decoding=\"async\" src=\"https:\/\/www.europesays.com\/no\/wp-content\/uploads\/2025\/12\/web2.jpg\" alt=\"\" width=\"1000\" height=\"1778\"\/>William Bostadl\u00f8kken p\u00e5 vei hjem fra USA. Foto: Privat<\/p>\n<p>\u00a0<\/p>\n<p>            <script async src=\"\/\/www.instagram.com\/embed.js\"><\/script><\/p>\n","protected":false},"excerpt":{"rendered":"Freeski-ut\u00f8veren William Bostadl\u00f8kken (20) har kommet hjem til Norge og f\u00e5r n\u00e5 behandling p\u00e5 Ullev\u00e5l sykehus. Bostadl\u00f8kken falt&hellip;\n","protected":false},"author":2,"featured_media":123067,"comment_status":"","ping_status":"","sticky":false,"template":"","format":"standard","meta":{"footnotes":""},"categories":[5],"tags":[20,21,24,25,15,19,22,23,17,18,13,30,28,29,14,16,26,27],"class_list":{"0":"post-123066","1":"post","2":"type-post","3":"status-publish","4":"format-standard","5":"has-post-thumbnail","7":"category-overskrifter","8":"tag-breaking-news","9":"tag-breakingnews","10":"tag-featured-news","11":"tag-featurednews","12":"tag-headlines","13":"tag-hovedoppslag","14":"tag-latest-news","15":"tag-latestnews","16":"tag-main-news","17":"tag-mainnews","18":"tag-news","19":"tag-no","20":"tag-norge","21":"tag-norway","22":"tag-nyheter","23":"tag-overskrifter","24":"tag-top-stories","25":"tag-topstories"},"share_on_mastodon":{"url":"https:\/\/pubeurope.com\/@no\/115793496950956434","error":""},"_links":{"self":[{"href":"https:\/\/www.europesays.com\/no\/wp-json\/wp\/v2\/posts\/123066","targetHints":{"allow":["GET"]}}],"collection":[{"href":"https:\/\/www.europesays.com\/no\/wp-json\/wp\/v2\/posts"}],"about":[{"href":"https:\/\/www.europesays.com\/no\/wp-json\/wp\/v2\/types\/post"}],"author":[{"embeddable":true,"href":"https:\/\/www.europesays.com\/no\/wp-json\/wp\/v2\/users\/2"}],"replies":[{"embeddable":true,"href":"https:\/\/www.europesays.com\/no\/wp-json\/wp\/v2\/comments?post=123066"}],"version-history":[{"count":0,"href":"https:\/\/www.europesays.com\/no\/wp-json\/wp\/v2\/posts\/123066\/revisions"}],"wp:featuredmedia":[{"embeddable":true,"href":"https:\/\/www.europesays.com\/no\/wp-json\/wp\/v2\/media\/123067"}],"wp:attachment":[{"href":"https:\/\/www.europesays.com\/no\/wp-json\/wp\/v2\/media?parent=123066"}],"wp:term":[{"taxonomy":"category","embeddable":true,"href":"https:\/\/www.europesays.com\/no\/wp-json\/wp\/v2\/categories?post=123066"},{"taxonomy":"post_tag","embeddable":true,"href":"https:\/\/www.europesays.com\/no\/wp-json\/wp\/v2\/tags?post=123066"}],"curies":[{"name":"wp","href":"https:\/\/api.w.org\/{rel}","templated":true}]}}