{"id":123068,"date":"2025-12-27T20:49:55","date_gmt":"2025-12-27T20:49:55","guid":{"rendered":"https:\/\/www.europesays.com\/no\/123068\/"},"modified":"2025-12-27T20:49:55","modified_gmt":"2025-12-27T20:49:55","slug":"julefilmer-julefilm-derfor-er-ringenes-herre-blitt-julefilm","status":"publish","type":"post","link":"https:\/\/www.europesays.com\/no\/123068\/","title":{"rendered":"Julefilmer, Julefilm | Derfor er Ringenes Herre blitt julefilm"},"content":{"rendered":"\n<p>Julen forbindes fortsatt med sterke tradisjoner for mange nordmenn, og mange ser for eksempel \u00abTre n\u00f8tter til Askepott\u00bb p\u00e5 TV hvert \u00e5r.<\/p>\n<p><b>Samtidig har nye filmvaner f\u00e5tt feste. De siste \u00e5rene har stadig flere familier og vennegjenger gjort Ringenes Herre og Hobbiten til faste innslag i juleferien.<\/b><\/p>\n<p>Med rolige dager, mye tid hjemme og lange fridager har filmmaraton i Midgard blitt en tradisjon som ser ut til \u00e5 ha kommet for \u00e5 bli.<\/p>\n<p>Nettavisens filmanmelder, Jon Sel\u00e5s, mener forklaringen f\u00f8rst og fremst handler om tid.<\/p>\n<p>\u2013 Ringenes Herre er jo s\u00e5 langvarig og sv\u00e6rt, at det er vel n\u00e5 kanskje folk har tid til \u00e5 sette seg ned med de, sier Sel\u00e5s.<\/p>\n<p>Han peker p\u00e5 at b\u00e5de Ringenes Herre- og Hobbit-filmene til sammen varer rundt 20 timer.<\/p>\n<p>\u2013 Det er jo nesten en hel dag hvis du begynner \u00e5 se p\u00e5 Ringenes Herre, sier han.<\/p>\n<p>   <img decoding=\"async\" width=\"2892\" height=\"2054\" fetchpriority=\"low\"  loading=\"lazy\"  src=\"https:\/\/www.europesays.com\/no\/wp-content\/uploads\/2025\/12\/24dagfilm_ringenes_herre.jpg\" alt=\"\" class=\"brick-c-cFOWSL\" style=\"--brick-image-ratio: 2892 \/ 2054;\"\/><\/p>\n<p>      1. JULEDAG: I den f\u00f8rste Ringenes Herre-filmen startet brorskapet ferden mot Mordor fra Kl\u00f8vendal (Rivendell) den 25. desember.<br \/>\n      Foto: FILMWEB\n    <\/p>\n<p>  Handler ikke om jul<\/p>\n<p>If\u00f8lge b\u00e5de <a href=\"https:\/\/time.com\/5919982\/lord-of-the-rings-christmas-movies\/\" rel=\"Follow nofollow noopener\" target=\"_blank\">Time<\/a> og <a href=\"https:\/\/www.gq.com\/story\/lord-of-the-rings-is-a-christmas-movie\" rel=\"Follow nofollow noopener\" target=\"_blank\">GQ<\/a>, som skrev om dette allerede i 2020, er dette blitt en tydelig trend, s\u00e6rlig i romjulen. Flere setter av \u00e9n eller flere dager til \u00e5 se alle seks filmene, ofte i utvidet versjon.<\/p>\n<p>Sel\u00e5s understreker likevel at filmene i seg selv ikke er julefilmer i klassisk forstand. Samtidig mener han at tematikken likevel kan passe godt inn i julen.<\/p>\n<p><b>\u2013 Et eller annet sted ligger de jo dypt i dette tankegodset om at tilv\u00e6relsen er en kamp mellom det gode og det onde, sier Sel\u00e5s.<\/b><\/p>\n<p>Han legger til at dette er temaer som ofte blir ekstra aktuelle i julen.<\/p>\n<p>Julefilmer skapes av vaner<\/p>\n<p>Alle Ringenes Herre-filmene hadde kinopremiere i desember i \u00e5rene 2001 til 2003. Hobbit-filmene fulgte samme m\u00f8nster senere. If\u00f8lge Sel\u00e5s er likevel ikke premieredatoen avgj\u00f8rende.<\/p>\n<p>\u2013 Jeg har mer tro p\u00e5 at jula er en tid der folk setter seg ned og ser p\u00e5 film, sier han.<\/p>\n<p>Han mener det handler mer om anledning enn om innhold.<\/p>\n<p>\u2013 Det er mange som ser disse filmene ellers i \u00e5ret ogs\u00e5, men det er kanskje ikke s\u00e5 mange som ser dem samtidig, sier Sel\u00e5s.<\/p>\n<p>Han peker p\u00e5 at TV-kanaler tidligere har v\u00e6rt med p\u00e5 \u00e5 definere hva som blir julefilmer.<\/p>\n<p>\u2013 Vi kan takke de for en god del av disse vanene vi har f\u00e5tt med \u00e5 kalle det julefilmer, sier han.<\/p>\n<p>Og med str\u00f8mmetjenester har publikum f\u00e5tt st\u00f8rre frihet. Det kan endre julefilmene fremover, mener Sel\u00e5s.<\/p>\n<p>\u2013 Det blir mer fragmentert.<\/p>\n<p>   <img decoding=\"async\" width=\"4814\" height=\"3209\" fetchpriority=\"low\"  loading=\"lazy\"  src=\"https:\/\/www.europesays.com\/no\/wp-content\/uploads\/2025\/12\/12daghobbit4.jpg\" alt=\"\" class=\"brick-c-cFOWSL\" style=\"--brick-image-ratio: 4814 \/ 3209;\"\/><\/p>\n<p>      JULEVERDIER: Hobbit-filmene handler om \u00e5 dra ut i det ukjente, men ogs\u00e5 om samhold, lojalitet og \u00e5 st\u00e5 sammen. Det er klassiske juleverdier, og en viktig grunn til at filmene f\u00f8les \u00abjulete\u00bb.<br \/>\n      Foto: Metro-Goldwyn-Mayer Pictures Inc. og New Line Productions, Inc\/James Fisher\n    <\/p>\n","protected":false},"excerpt":{"rendered":"Julen forbindes fortsatt med sterke tradisjoner for mange nordmenn, og mange ser for eksempel \u00abTre n\u00f8tter til Askepott\u00bb&hellip;\n","protected":false},"author":2,"featured_media":123069,"comment_status":"","ping_status":"","sticky":false,"template":"","format":"standard","meta":{"footnotes":""},"categories":[58],"tags":[36,71,14575,9136,13769,30,28,29,14574,1510,72],"class_list":{"0":"post-123068","1":"post","2":"type-post","3":"status-publish","4":"format-standard","5":"has-post-thumbnail","7":"category-underholdning","8":"tag-art","9":"tag-entertainment","10":"tag-hobbiten","11":"tag-julefilm","12":"tag-julefilmer","13":"tag-no","14":"tag-norge","15":"tag-norway","16":"tag-ringenes-herre","17":"tag-story","18":"tag-underholdning"},"share_on_mastodon":{"url":"https:\/\/pubeurope.com\/@no\/115793508787752151","error":""},"_links":{"self":[{"href":"https:\/\/www.europesays.com\/no\/wp-json\/wp\/v2\/posts\/123068","targetHints":{"allow":["GET"]}}],"collection":[{"href":"https:\/\/www.europesays.com\/no\/wp-json\/wp\/v2\/posts"}],"about":[{"href":"https:\/\/www.europesays.com\/no\/wp-json\/wp\/v2\/types\/post"}],"author":[{"embeddable":true,"href":"https:\/\/www.europesays.com\/no\/wp-json\/wp\/v2\/users\/2"}],"replies":[{"embeddable":true,"href":"https:\/\/www.europesays.com\/no\/wp-json\/wp\/v2\/comments?post=123068"}],"version-history":[{"count":0,"href":"https:\/\/www.europesays.com\/no\/wp-json\/wp\/v2\/posts\/123068\/revisions"}],"wp:featuredmedia":[{"embeddable":true,"href":"https:\/\/www.europesays.com\/no\/wp-json\/wp\/v2\/media\/123069"}],"wp:attachment":[{"href":"https:\/\/www.europesays.com\/no\/wp-json\/wp\/v2\/media?parent=123068"}],"wp:term":[{"taxonomy":"category","embeddable":true,"href":"https:\/\/www.europesays.com\/no\/wp-json\/wp\/v2\/categories?post=123068"},{"taxonomy":"post_tag","embeddable":true,"href":"https:\/\/www.europesays.com\/no\/wp-json\/wp\/v2\/tags?post=123068"}],"curies":[{"name":"wp","href":"https:\/\/api.w.org\/{rel}","templated":true}]}}