{"id":123070,"date":"2025-12-27T20:53:20","date_gmt":"2025-12-27T20:53:20","guid":{"rendered":"https:\/\/www.europesays.com\/no\/123070\/"},"modified":"2025-12-27T20:53:20","modified_gmt":"2025-12-27T20:53:20","slug":"cherry-vann-sier-enkelte-medlemmer-forlater-kirken-i-wales-etter-utnevnelse-av-henne-som-erkebiskop","status":"publish","type":"post","link":"https:\/\/www.europesays.com\/no\/123070\/","title":{"rendered":"Cherry Vann sier enkelte medlemmer forlater kirken i Wales etter utnevnelse av henne som erkebiskop"},"content":{"rendered":"<p>    WALES: Erkebiskop Cherry Vann sier til BBC at det gj\u00f8r vondt \u00e5 h\u00f8re hvordan enkelte omtaler henne, men forsvarer likevel deres rett til \u00e5 si sin mening.\u00a0<\/p>\n<p>\n        F\u00d8RSTE: Cherry Vann er den f\u00f8rste kvinnelige erkebiskop i Storbritannia, og den f\u00f8rste \u00e5pent homofile erkebiskop i verden.<br \/>\n        Church in Wales \/ Creative Commons\n    <\/p>\n<p>                Bestill abonnement her<\/p>\n<p>\n                    <a class=\"lab-paywall-teaser-offer-button\" href=\"http:\/\/kampanje.vl.no\/betalingsmur\" rel=\"nofollow noopener\" target=\"_blank\">KJ\u00d8P<\/a>\n                <\/p>\n","protected":false},"excerpt":{"rendered":"WALES: Erkebiskop Cherry Vann sier til BBC at det gj\u00f8r vondt \u00e5 h\u00f8re hvordan enkelte omtaler henne, men&hellip;\n","protected":false},"author":2,"featured_media":123071,"comment_status":"","ping_status":"","sticky":false,"template":"","format":"standard","meta":{"footnotes":""},"categories":[12],"tags":[20,21,24,25,15,22,23,13,30,28,29,14,16,26,27,42,43,44,45],"class_list":{"0":"post-123070","1":"post","2":"type-post","3":"status-publish","4":"format-standard","5":"has-post-thumbnail","7":"category-verden","8":"tag-breaking-news","9":"tag-breakingnews","10":"tag-featured-news","11":"tag-featurednews","12":"tag-headlines","13":"tag-latest-news","14":"tag-latestnews","15":"tag-news","16":"tag-no","17":"tag-norge","18":"tag-norway","19":"tag-nyheter","20":"tag-overskrifter","21":"tag-top-stories","22":"tag-topstories","23":"tag-verden","24":"tag-world","25":"tag-world-news","26":"tag-worldnews"},"share_on_mastodon":{"url":"https:\/\/pubeurope.com\/@no\/115793520484279889","error":""},"_links":{"self":[{"href":"https:\/\/www.europesays.com\/no\/wp-json\/wp\/v2\/posts\/123070","targetHints":{"allow":["GET"]}}],"collection":[{"href":"https:\/\/www.europesays.com\/no\/wp-json\/wp\/v2\/posts"}],"about":[{"href":"https:\/\/www.europesays.com\/no\/wp-json\/wp\/v2\/types\/post"}],"author":[{"embeddable":true,"href":"https:\/\/www.europesays.com\/no\/wp-json\/wp\/v2\/users\/2"}],"replies":[{"embeddable":true,"href":"https:\/\/www.europesays.com\/no\/wp-json\/wp\/v2\/comments?post=123070"}],"version-history":[{"count":0,"href":"https:\/\/www.europesays.com\/no\/wp-json\/wp\/v2\/posts\/123070\/revisions"}],"wp:featuredmedia":[{"embeddable":true,"href":"https:\/\/www.europesays.com\/no\/wp-json\/wp\/v2\/media\/123071"}],"wp:attachment":[{"href":"https:\/\/www.europesays.com\/no\/wp-json\/wp\/v2\/media?parent=123070"}],"wp:term":[{"taxonomy":"category","embeddable":true,"href":"https:\/\/www.europesays.com\/no\/wp-json\/wp\/v2\/categories?post=123070"},{"taxonomy":"post_tag","embeddable":true,"href":"https:\/\/www.europesays.com\/no\/wp-json\/wp\/v2\/tags?post=123070"}],"curies":[{"name":"wp","href":"https:\/\/api.w.org\/{rel}","templated":true}]}}