{"id":123074,"date":"2025-12-27T21:10:20","date_gmt":"2025-12-27T21:10:20","guid":{"rendered":"https:\/\/www.europesays.com\/no\/123074\/"},"modified":"2025-12-27T21:10:20","modified_gmt":"2025-12-27T21:10:20","slug":"aleksander-aamodt-kilde-super-g-aleksander-aamodt-kilde-langt-bak-i-livigno","status":"publish","type":"post","link":"https:\/\/www.europesays.com\/no\/123074\/","title":{"rendered":"Aleksander Aamodt Kilde, Super-G | Aleksander Aamodt Kilde langt bak i Livigno"},"content":{"rendered":"\n<p>Kilde endte helt nede p\u00e5 36.-plass i super-G-rennet. Nordmannen kom seg i m\u00e5l uten store problemer, men kunne ikke m\u00e5le seg med de sterkeste i bakkene i Livigno.<\/p>\n<p>Schwarz gikk til topps i storslal\u00e5m sist helg og fulgte opp med \u00e5 vinne l\u00f8rdagens super-G.<\/p>\n<p>Den \u00f8sterrikske 30-\u00e5ringen har n\u00e5 vunnet i tre av fire \u00f8velser med seiere ogs\u00e5 i slal\u00e5m og storslal\u00e5m. Utfor er den eneste \u00f8velsen Schwarz ikke har vunnet.<\/p>\n<p><b>Les ogs\u00e5: <a rel=\"Follow nofollow noopener\" href=\"https:\/\/www.nettavisen.no\/sport\/ruben-amorims-valg-vekker-reaksjoner-et-farlig-spill\/s\/5-95-2798269\" target=\"_blank\">Amorims valg vekker reaksjoner: \u2013 Et farlig spill<\/a><\/b><\/p>\n<p>Sejersted p\u00e5 28.-plass<\/p>\n<p>\u00d8sterrikeren toppet l\u00f8rdagens renn foran tre sveitsere. Alexis Monney og Franjo von Allmen kapret de to andre pallplassene, med verdenscupleder Marco Odermatt p\u00e5 4.-plass.<\/p>\n<p>Adrian Smiseth Sejersted kj\u00f8rte med startnummer to, men klarte ikke \u00e5 hevde seg i toppen. 31-\u00e5ringen endte p\u00e5 28.-plass.<\/p>\n<p>Fredrik M\u00f8ller er fortsatt ute med skadene han p\u00e5dro seg da han falt stygt i det f\u00f8rste av to utforrenn i Val Gardena sist helg. 25-\u00e5ringen har fortsatt h\u00e5p om \u00e5 delta i OL i februar.<\/p>\n<p>Sto over sist<\/p>\n<p>I det andre utforrennet i Val Gardena valgte Kilde \u00e5 st\u00e5 over.<\/p>\n<p>\u2013 Du m\u00e5 v\u00e6re ordentlig klar, og det er jeg ikke. Jeg har ikke f\u00e5tt nok kilometer med lange ski p\u00e5 beina, s\u00e5 jeg velger \u00e5 ta en smart avgj\u00f8relse denne gangen, s\u00e5 f\u00e5r vi pr\u00f8ve neste gang, sa Kilde til Viaplay sist helg.<\/p>\n<p>Kilde har v\u00e6rt sv\u00e6rt skadeplaget siden han falt stygt i Wengen i januar 2024. Nylig gjorde han comeback etter 684 dager.<\/p>\n<p>Neste utforrenn er i nettopp Wengen 17. januar.<\/p>\n<p>    Vil du se neste video?<\/p>\n<p>    <a href=\"https:\/\/www.nettavisen.no\/nyheter\/stripper-pa-string-showbar-i-oslo-avslorer-slik-far-jeg-mest-tips-i-trusa\/v\/5-95-2772941\" class=\"recommend-poster\" data-adp-clicklabel=\"video-recommend\" data-adp-clickvalue=\"poster\" rel=\"nofollow noopener\" target=\"_blank\"><br \/>\n      <img decoding=\"async\" width=\"200\" height=\"200\" loading=\"lazy\" src=\"https:\/\/www.europesays.com\/no\/wp-content\/uploads\/2025\/12\/Stripper+til+cue.jpg\" alt=\"\" class=\"brick-c-cFOWSL\" style=\"--brick-image-ratio: 200 \/ 200;\"\/><\/p>\n<p>Stripper avsl\u00f8rer: \u2013 Slik f\u00e5r jeg mest tips i trusa1:46<\/p>\n<p>    <\/a><\/p>\n","protected":false},"excerpt":{"rendered":"Kilde endte helt nede p\u00e5 36.-plass i super-G-rennet. Nordmannen kom seg i m\u00e5l uten store problemer, men kunne&hellip;\n","protected":false},"author":2,"featured_media":123075,"comment_status":"","ping_status":"","sticky":false,"template":"","format":"standard","meta":{"footnotes":""},"categories":[59],"tags":[30,28,29,83,82],"class_list":{"0":"post-123074","1":"post","2":"type-post","3":"status-publish","4":"format-standard","5":"has-post-thumbnail","7":"category-sport","8":"tag-no","9":"tag-norge","10":"tag-norway","11":"tag-sport","12":"tag-sports"},"share_on_mastodon":{"url":"https:\/\/pubeurope.com\/@no\/115793587954733857","error":""},"_links":{"self":[{"href":"https:\/\/www.europesays.com\/no\/wp-json\/wp\/v2\/posts\/123074","targetHints":{"allow":["GET"]}}],"collection":[{"href":"https:\/\/www.europesays.com\/no\/wp-json\/wp\/v2\/posts"}],"about":[{"href":"https:\/\/www.europesays.com\/no\/wp-json\/wp\/v2\/types\/post"}],"author":[{"embeddable":true,"href":"https:\/\/www.europesays.com\/no\/wp-json\/wp\/v2\/users\/2"}],"replies":[{"embeddable":true,"href":"https:\/\/www.europesays.com\/no\/wp-json\/wp\/v2\/comments?post=123074"}],"version-history":[{"count":0,"href":"https:\/\/www.europesays.com\/no\/wp-json\/wp\/v2\/posts\/123074\/revisions"}],"wp:featuredmedia":[{"embeddable":true,"href":"https:\/\/www.europesays.com\/no\/wp-json\/wp\/v2\/media\/123075"}],"wp:attachment":[{"href":"https:\/\/www.europesays.com\/no\/wp-json\/wp\/v2\/media?parent=123074"}],"wp:term":[{"taxonomy":"category","embeddable":true,"href":"https:\/\/www.europesays.com\/no\/wp-json\/wp\/v2\/categories?post=123074"},{"taxonomy":"post_tag","embeddable":true,"href":"https:\/\/www.europesays.com\/no\/wp-json\/wp\/v2\/tags?post=123074"}],"curies":[{"name":"wp","href":"https:\/\/api.w.org\/{rel}","templated":true}]}}