{"id":123078,"date":"2025-12-27T21:30:44","date_gmt":"2025-12-27T21:30:44","guid":{"rendered":"https:\/\/www.europesays.com\/no\/123078\/"},"modified":"2025-12-27T21:30:44","modified_gmt":"2025-12-27T21:30:44","slug":"kommer-flere-angrep-om-slaktingen-av-kristne-fortsetter","status":"publish","type":"post","link":"https:\/\/www.europesays.com\/no\/123078\/","title":{"rendered":"\u2013 Kommer flere angrep om slaktingen av kristne fortsetter"},"content":{"rendered":"<p>\n        Donald Trump sier han ga ordre om \u00e5 angripe det han omtaler som \u00abIS-terroristavskum\u00bb i Nigeria f\u00f8rste juledag.<br \/>\n        Det amerikanske forsvarsdepartementet \/ Skjermdump\n    <\/p>\n<p>    USAs president Donald Trump sier ga ordre om \u00abkraftig og d\u00f8dbringende\u00bb angrep mot islamister i Nigeria. Landets myndigheter bekrefter angrepene.<\/p>\n<p>\n\u2013 Krigsdepartementet har gjennomf\u00f8rt flere perfekte angrep, slik bare USA kan, skriver Trump p\u00e5 <a href=\"https:\/\/truthsocial.com\/@realDonaldTrump\/posts\/115782683955516402\" target=\"_blank\" rel=\"nofollow noopener\">Truth Social<\/a>. Han sier angrepene var rettet mot IS-tilknyttede islamister nordvest i Nigeria.<\/p>\n<p>\u2013 Jeg har tidligere advart disse terroristene om at de vil f\u00e5 et helvete om de ikke slutte \u00e5 slakte ned kristne. I dag skjedde det, fortsetter Trump.<\/p>\n<p>En tjenestemann sier angrepet skjedde i delstaten Sokoto, og at flere militante IS-medlemmer bel drept. If\u00f8lge tjenestemannen ble angrepet gjennomf\u00f8rt etter en foresp\u00f8rsel fra Nigerias myndigheter.<\/p>\n","protected":false},"excerpt":{"rendered":"Donald Trump sier han ga ordre om \u00e5 angripe det han omtaler som \u00abIS-terroristavskum\u00bb i Nigeria f\u00f8rste juledag.&hellip;\n","protected":false},"author":2,"featured_media":123079,"comment_status":"","ping_status":"","sticky":false,"template":"","format":"standard","meta":{"footnotes":""},"categories":[12],"tags":[20,21,24,25,15,22,23,13,30,28,29,14,16,26,27,42,43,44,45],"class_list":{"0":"post-123078","1":"post","2":"type-post","3":"status-publish","4":"format-standard","5":"has-post-thumbnail","7":"category-verden","8":"tag-breaking-news","9":"tag-breakingnews","10":"tag-featured-news","11":"tag-featurednews","12":"tag-headlines","13":"tag-latest-news","14":"tag-latestnews","15":"tag-news","16":"tag-no","17":"tag-norge","18":"tag-norway","19":"tag-nyheter","20":"tag-overskrifter","21":"tag-top-stories","22":"tag-topstories","23":"tag-verden","24":"tag-world","25":"tag-world-news","26":"tag-worldnews"},"share_on_mastodon":{"url":"https:\/\/pubeurope.com\/@no\/115793665881432953","error":""},"_links":{"self":[{"href":"https:\/\/www.europesays.com\/no\/wp-json\/wp\/v2\/posts\/123078","targetHints":{"allow":["GET"]}}],"collection":[{"href":"https:\/\/www.europesays.com\/no\/wp-json\/wp\/v2\/posts"}],"about":[{"href":"https:\/\/www.europesays.com\/no\/wp-json\/wp\/v2\/types\/post"}],"author":[{"embeddable":true,"href":"https:\/\/www.europesays.com\/no\/wp-json\/wp\/v2\/users\/2"}],"replies":[{"embeddable":true,"href":"https:\/\/www.europesays.com\/no\/wp-json\/wp\/v2\/comments?post=123078"}],"version-history":[{"count":0,"href":"https:\/\/www.europesays.com\/no\/wp-json\/wp\/v2\/posts\/123078\/revisions"}],"wp:featuredmedia":[{"embeddable":true,"href":"https:\/\/www.europesays.com\/no\/wp-json\/wp\/v2\/media\/123079"}],"wp:attachment":[{"href":"https:\/\/www.europesays.com\/no\/wp-json\/wp\/v2\/media?parent=123078"}],"wp:term":[{"taxonomy":"category","embeddable":true,"href":"https:\/\/www.europesays.com\/no\/wp-json\/wp\/v2\/categories?post=123078"},{"taxonomy":"post_tag","embeddable":true,"href":"https:\/\/www.europesays.com\/no\/wp-json\/wp\/v2\/tags?post=123078"}],"curies":[{"name":"wp","href":"https:\/\/api.w.org\/{rel}","templated":true}]}}