{"id":123105,"date":"2025-12-27T22:17:25","date_gmt":"2025-12-27T22:17:25","guid":{"rendered":"https:\/\/www.europesays.com\/no\/123105\/"},"modified":"2025-12-27T22:17:25","modified_gmt":"2025-12-27T22:17:25","slug":"juni-arnekleiv-vil-hedre-avdode-sivert-guttorm-bakken-nrk-sport-sportsnyheter-resultater-og-sendeplan","status":"publish","type":"post","link":"https:\/\/www.europesays.com\/no\/123105\/","title":{"rendered":"Juni Arnekleiv vil hedre avd\u00f8de Sivert Guttorm Bakken \u2013 NRK Sport \u2013 Sportsnyheter, resultater og sendeplan"},"content":{"rendered":"<p><strong>\u2013 Vi \u00f8nsker \u00e5 stille til start for \u00e5 hedre og minnes den dedikerte og fantastiske personen han var. Det er ogs\u00e5 det Sivert hadde \u00f8nsket.<\/strong><\/p>\n<p>Det skriver Juni Arnekleiv i en SMS til NRK l\u00f8rdag.<\/p>\n<p>S\u00f8ndag skal hun konkurrere for f\u00f8rste gang siden Bakken d\u00f8de lille julaften.<\/p>\n<p>\u2013 Det har v\u00e6rt en veldig annerledes og trist jul etter at vi fikk beskjeden om at Sivert var funnet omkommet p\u00e5 rommet sitt i Lavaz\u00e8, forteller Arnekleiv, som frem til 2024 var kj\u00e6reste og samboer med Bakken.<\/p>\n<p><strong>\u2013 Det er en sjokkbeskjed som jeg enn\u00e5 ikke klarer \u00e5 forst\u00e5, fortsetter hun.<\/strong><\/p>\n<p><img decoding=\"async\"   src=\"data:image\/gif;base64,R0lGODlhAQABAIAAAAAAAP\/\/\/yH5BAEAAAAALAAAAAABAAEAAAIBRAA7\" loading=\"eager\" alt=\"Juni Arnekleiv under et medietreff f\u00f8r sesong\u00e5pningen i skiskyting p\u00e5 Geilo i november 2025\" title=\"Foto: Geir Olsen \/ NTB\"\/><\/p>\n<p class=\"\">LANDSLAGSUT\u00d8VER: Juni Arnekleiv, her under et medietreff f\u00f8r sesong\u00e5pningen i skiskyting p\u00e5 Geilo i november.<\/p>\n<p>Foto: Geir Olsen \/ NTB<\/p>\n<p>\u2013 M\u00e5 ta dag for dag<\/p>\n<p><a href=\"https:\/\/www.nrk.no\/sport\/langrenn_-reaksjoner-pa-sivert-bakkens-bortgang-1.17706105\" ec-id=\"pp:article:1.17706105\" ec-name=\"Bakken ble funnet d\u00f8d p\u00e5 hotellrommet\" rel=\"nofollow noopener\" target=\"_blank\">Bakken ble funnet d\u00f8d p\u00e5 hotellrommet<\/a> sitt i Lavaz\u00e8. Der var han p\u00e5 h\u00f8ydeopphold for \u00e5 trene.<\/p>\n<p><strong>Han <a href=\"https:\/\/www.nrk.no\/sport\/avdode-sivert-guttorm-bakken-ble-funnet-med-hoydemaske-1.17704988\" ec-id=\"pp:article:1.17704988\" ec-name=\"ble funnet med h\u00f8ydemaske\" rel=\"nofollow noopener\" target=\"_blank\">ble funnet med h\u00f8ydemaske<\/a>. D\u00f8ds\u00e5rsaken er ikke kjent og det vites ikke om det er sammenheng mellom d\u00f8dsfallet og bruk av h\u00f8ydemasken.<\/strong><\/p>\n<p>Arnekleiv er den f\u00f8rste landslagsut\u00f8veren i skiskyting som uttaler seg til media etter d\u00f8dsfallet.<\/p>\n<p>\u2013 Jeg m\u00e5 bare ta dag for dag. Det er umulig \u00e5 forberede seg p\u00e5 hvordan f\u00f8lelser og kroppen vil reagere fremover. Enten det er p\u00e5 trening, konkurranser, eller n\u00e5r man kommer tilbake til Lillehammer og hverdagen, sier Arnekleiv.<\/p>\n<p>\u2013 En som aldri ga seg<\/p>\n<p>S\u00f8ndag skal verdenseliten i skiskyting i aksjon for f\u00f8rste gang etter Bakkens d\u00f8dsfall, n\u00e5r det er showrenn i tyske Gelsenkirchen \u2013 p\u00e5 stadion til fotballklubben Schalke 04.<\/p>\n<p>Der skal Arnekleiv og Mats \u00d8verby g\u00e5 for Norge.<\/p>\n<p>\u2013 Vi var inne p\u00e5 tanken om \u00e5 droppe Schalke, men vi ble enige om at Sivert var en som aldri ga seg og som alltid gjorde det han kunne for \u00e5 g\u00e5 gode skirenn, forteller Arnekleiv.<\/p>\n<p><img decoding=\"async\"   src=\"data:image\/gif;base64,R0lGODlhAQABAIAAAAAAAP\/\/\/yH5BAEAAAAALAAAAAABAAEAAAIBRAA7\" loading=\"eager\" alt=\"en person som holder en hockeyk\u00f8lle (Bildebeskrivelsen er laget av en KI-tjeneste)\" title=\"Foto: Geir Olsen \/ NTB\"\/><\/p>\n<p class=\"\">TRAGISK D\u00d8DSFALL: Sivert Guttorm Bakken gikk bort lille julaften.<\/p>\n<p>Foto: Geir Olsen \/ NTB<\/p>\n<p>Landslagssjef Per-Arne Botnan har v\u00e6rt i kontakt med b\u00e5de Arnekleiv og \u00d8verby f\u00f8r de skal ut og konkurrere.<\/p>\n<p>\u2013 N\u00e5r situasjonen er som den er n\u00e5 var det naturlig \u00e5 kontakte dem og sikre at de var komfortable med \u00e5 reise og g\u00e5 der, for det kan bli stilt noen sp\u00f8rsm\u00e5l n\u00e5r de er der. S\u00e5 vi har hatt en prat med dem, s\u00e5 de er trygge og komfortable, sier Botnan til NRK.<\/p>\n<p>Ett minutts stillhet<\/p>\n<p>Showrennet i Tyskland har v\u00e6rt arrangert \u00e5rlig siden 2002. Det samler 50.000 fans p\u00e5 tribunene og millioner av TV-seere over hele Europa.<\/p>\n<p>N\u00e5r rennet g\u00e5s s\u00f8ndag, fem dager etter d\u00f8dsfallet til Bakken, vil han bli minnet.<\/p>\n<p>\u2013 Det vil bli holdt ett minutts stillhet til minne om Sivert, bekrefter rennsjef Herbert Fritzenwenger til NRK.<\/p>\n<p><img decoding=\"async\"   src=\"data:image\/gif;base64,R0lGODlhAQABAIAAAAAAAP\/\/\/yH5BAEAAAAALAAAAAABAAEAAAIBRAA7\" loading=\"eager\" alt=\"Showrenn i skiskyting p\u00e5 hjemmebanen til Schalke 04 i 2004\" title=\"Foto: MICHAEL SOHN \/ AP \/ NTB\"\/><\/p>\n<p class=\"\">BLIR MARKERING: Showrennet p\u00e5 hjemmebanen til Schalke 04 er skiskytingens h\u00f8ydepunkt i romjulen. Dette bildet er fra desember 2004.<\/p>\n<p>Foto: MICHAEL SOHN \/ AP \/ NTB<\/p>\n<p>Skiskytterforbundet sender ned to ekstra personer rundt Arnekleiv og \u00d8verby.<\/p>\n<p>\u2013 Vi har forsterket litt rundt dem og s\u00e5 de har med seg to personer, i tillegg til at vi er i dialog med arrang\u00f8ren om at de skal ta hensyn mediemessig Vi har og hatt samtaler med dem begge i forkant av reisen, skriver konstituert generalsekret\u00e6r i Skiskytterforbundet Emilie Nordskar i en e-post til NRK.<\/p>\n<p>\u2013 Har de f\u00e5tt beskjed om hva de kan si og ikke si?<\/p>\n<p>\u2013 Vi har snakket litt hva de kan forvente \u00e5 bli spurt om.<br \/>Vi kan ikke legge lokk p\u00e5 noen. De m\u00e5 f\u00e5 uttrykke sine f\u00f8lelser rundt det \u00e5 g\u00e5 der. Men det er ogs\u00e5 greit \u00e5 passe p\u00e5 at man ikke uttale seg s\u00e5 man skaper mer spekulasjoner rundt situasjonen, sier Botnan.<\/p>\n<p>\u2013 Hva synes skiskytterforbundet om at de stiller?<\/p>\n<p>\u2013 Det er opp til l\u00f8perne selv. Det er et popul\u00e6rt showrenn og en konkurranseform som er kul \u00e5 g\u00e5, s\u00e5 det har vi forst\u00e5else for. S\u00e5 lenge de er komfortable med det slik situasjonen er n\u00e5.<\/p>\n<p>Skiskytter Bakken d\u00f8de 27 \u00e5r gammel. Verdenscupen i skiskyting skal ikke i gang igjen f\u00f8r verdenscuphelgen i tyske Oberhof, som starter 8. januar.<\/p>\n<p>Bakken vil bli obdusert i Italia i l\u00f8pet av romjulen. NRK har v\u00e6rt i kontakt med Carabinieri-politiet i regionen, som sier de ikke kan uttale seg om saken p\u00e5 n\u00e5v\u00e6rende tidspunkt.<\/p>\n<p>Publisert<\/p>\n<p>27.12.2025, kl. 19.13<\/p>\n<p>Oppdatert<\/p>\n<p>27.12.2025, kl. 19.21<\/p>\n","protected":false},"excerpt":{"rendered":"\u2013 Vi \u00f8nsker \u00e5 stille til start for \u00e5 hedre og minnes den dedikerte og fantastiske personen han&hellip;\n","protected":false},"author":2,"featured_media":123106,"comment_status":"","ping_status":"","sticky":false,"template":"","format":"standard","meta":{"footnotes":""},"categories":[5],"tags":[20,21,24,25,15,19,22,23,17,18,13,30,28,29,14,16,26,27],"class_list":{"0":"post-123105","1":"post","2":"type-post","3":"status-publish","4":"format-standard","5":"has-post-thumbnail","7":"category-overskrifter","8":"tag-breaking-news","9":"tag-breakingnews","10":"tag-featured-news","11":"tag-featurednews","12":"tag-headlines","13":"tag-hovedoppslag","14":"tag-latest-news","15":"tag-latestnews","16":"tag-main-news","17":"tag-mainnews","18":"tag-news","19":"tag-no","20":"tag-norge","21":"tag-norway","22":"tag-nyheter","23":"tag-overskrifter","24":"tag-top-stories","25":"tag-topstories"},"share_on_mastodon":{"url":"https:\/\/pubeurope.com\/@no\/115793850712634429","error":""},"_links":{"self":[{"href":"https:\/\/www.europesays.com\/no\/wp-json\/wp\/v2\/posts\/123105","targetHints":{"allow":["GET"]}}],"collection":[{"href":"https:\/\/www.europesays.com\/no\/wp-json\/wp\/v2\/posts"}],"about":[{"href":"https:\/\/www.europesays.com\/no\/wp-json\/wp\/v2\/types\/post"}],"author":[{"embeddable":true,"href":"https:\/\/www.europesays.com\/no\/wp-json\/wp\/v2\/users\/2"}],"replies":[{"embeddable":true,"href":"https:\/\/www.europesays.com\/no\/wp-json\/wp\/v2\/comments?post=123105"}],"version-history":[{"count":0,"href":"https:\/\/www.europesays.com\/no\/wp-json\/wp\/v2\/posts\/123105\/revisions"}],"wp:featuredmedia":[{"embeddable":true,"href":"https:\/\/www.europesays.com\/no\/wp-json\/wp\/v2\/media\/123106"}],"wp:attachment":[{"href":"https:\/\/www.europesays.com\/no\/wp-json\/wp\/v2\/media?parent=123105"}],"wp:term":[{"taxonomy":"category","embeddable":true,"href":"https:\/\/www.europesays.com\/no\/wp-json\/wp\/v2\/categories?post=123105"},{"taxonomy":"post_tag","embeddable":true,"href":"https:\/\/www.europesays.com\/no\/wp-json\/wp\/v2\/tags?post=123105"}],"curies":[{"name":"wp","href":"https:\/\/api.w.org\/{rel}","templated":true}]}}