{"id":123108,"date":"2025-12-27T22:24:43","date_gmt":"2025-12-27T22:24:43","guid":{"rendered":"https:\/\/www.europesays.com\/no\/123108\/"},"modified":"2025-12-27T22:24:43","modified_gmt":"2025-12-27T22:24:43","slug":"trafikk-reise-%e2%88%92-la-gjerne-kvinnene-ta-over-rattet","status":"publish","type":"post","link":"https:\/\/www.europesays.com\/no\/123108\/","title":{"rendered":"Trafikk, Reise | \u2212 La gjerne kvinnene ta over rattet"},"content":{"rendered":"\n<p>Noen reiser hjem eller i juleselskap, mens andre skal p\u00e5 hytta og feire nytt\u00e5r. Det kan bli en del trafikk p\u00e5 veiene b\u00e5de 2. juledag og de kommende dagene, og v\u00e6r og f\u00f8re kan variere mye.<\/p>\n<p>\u2212 Det nordmenn er mest redde for i trafikken denne jula, er glatt f\u00f8re, sier Guro Ranes, avdelingsdirekt\u00f8r for trafikksikkerhet i Statens vegvesen, i en pressemelding. <\/p>\n<p>En unders\u00f8kelse gjennomf\u00f8rt for Statens vegvesen f\u00f8r jul, viser at det oftest er mennene som kj\u00f8rer bilen. <\/p>\n<p>84 prosent av mennene, og bare 34 prosent av kvinnene, opplyser at de ofte er sj\u00e5f\u00f8r p\u00e5 denne type turer. Ved krevende f\u00f8re og p\u00e5 lange strekninger kan det v\u00e6re lurt \u00e5 bytte sj\u00e5f\u00f8r underveis.<\/p>\n<p>\u2013 Det er viktig \u00e5 v\u00e6re en \u00e5rv\u00e5ken sj\u00e5f\u00f8r, sier Guro Ranes. <\/p>\n<p>\u2013 Bytt jevnlig p\u00e5 \u00e5 kj\u00f8re, s\u00e5 holder du oppmerksomheten p\u00e5 veien. \u00c5 kj\u00f8re er det eneste du skal gj\u00f8re. La gjerne kvinnene ta over rattet. De er sjeldnere involvert i alvorlige ulykker.<\/p>\n<p>Statens vegvesen forventer at hjemfartstrafikken etter julen i \u00e5r vil spre seg over flere dager. F\u00f8rste vanlige arbeidsdag etter nytt\u00e5r faller i \u00e5r p\u00e5 en fredag. Mange vil derfor ta hjemmekontor eller fri denne dagen, og dr\u00f8ye hjemreisen til f\u00f8rste helgen etter nytt\u00e5r. Men det vil ogs\u00e5 avhenge av v\u00e6r- og f\u00f8reforhold, som kan endre seg raskt p\u00e5 denne tiden av \u00e5ret.<\/p>\n","protected":false},"excerpt":{"rendered":"Noen reiser hjem eller i juleselskap, mens andre skal p\u00e5 hytta og feire nytt\u00e5r. Det kan bli en&hellip;\n","protected":false},"author":2,"featured_media":123109,"comment_status":"","ping_status":"","sticky":false,"template":"","format":"standard","meta":{"footnotes":""},"categories":[10],"tags":[36,20,21,24,25,15,22,23,13,30,28,29,14,16,1992,1510,26,27,224],"class_list":{"0":"post-123108","1":"post","2":"type-post","3":"status-publish","4":"format-standard","5":"has-post-thumbnail","7":"category-norge","8":"tag-art","9":"tag-breaking-news","10":"tag-breakingnews","11":"tag-featured-news","12":"tag-featurednews","13":"tag-headlines","14":"tag-latest-news","15":"tag-latestnews","16":"tag-news","17":"tag-no","18":"tag-norge","19":"tag-norway","20":"tag-nyheter","21":"tag-overskrifter","22":"tag-reise","23":"tag-story","24":"tag-top-stories","25":"tag-topstories","26":"tag-trafikk"},"share_on_mastodon":{"url":"https:\/\/pubeurope.com\/@no\/115793878205940320","error":""},"_links":{"self":[{"href":"https:\/\/www.europesays.com\/no\/wp-json\/wp\/v2\/posts\/123108","targetHints":{"allow":["GET"]}}],"collection":[{"href":"https:\/\/www.europesays.com\/no\/wp-json\/wp\/v2\/posts"}],"about":[{"href":"https:\/\/www.europesays.com\/no\/wp-json\/wp\/v2\/types\/post"}],"author":[{"embeddable":true,"href":"https:\/\/www.europesays.com\/no\/wp-json\/wp\/v2\/users\/2"}],"replies":[{"embeddable":true,"href":"https:\/\/www.europesays.com\/no\/wp-json\/wp\/v2\/comments?post=123108"}],"version-history":[{"count":0,"href":"https:\/\/www.europesays.com\/no\/wp-json\/wp\/v2\/posts\/123108\/revisions"}],"wp:featuredmedia":[{"embeddable":true,"href":"https:\/\/www.europesays.com\/no\/wp-json\/wp\/v2\/media\/123109"}],"wp:attachment":[{"href":"https:\/\/www.europesays.com\/no\/wp-json\/wp\/v2\/media?parent=123108"}],"wp:term":[{"taxonomy":"category","embeddable":true,"href":"https:\/\/www.europesays.com\/no\/wp-json\/wp\/v2\/categories?post=123108"},{"taxonomy":"post_tag","embeddable":true,"href":"https:\/\/www.europesays.com\/no\/wp-json\/wp\/v2\/tags?post=123108"}],"curies":[{"name":"wp","href":"https:\/\/api.w.org\/{rel}","templated":true}]}}