{"id":123110,"date":"2025-12-27T22:33:15","date_gmt":"2025-12-27T22:33:15","guid":{"rendered":"https:\/\/www.europesays.com\/no\/123110\/"},"modified":"2025-12-27T22:33:15","modified_gmt":"2025-12-27T22:33:15","slug":"peter-dundas-feirer-med-hollywood-stjerner-pa-swaroski-jubileum","status":"publish","type":"post","link":"https:\/\/www.europesays.com\/no\/123110\/","title":{"rendered":"Peter Dundas feirer med Hollywood-stjerner p\u00e5 Swaroski-jubileum"},"content":{"rendered":"<p class=\"kicker \" style=\"\">Nordmann i godt selskap i Hollywood<\/p>\n<p>  Kronprinsesse Mette-Marits gode venn Peter Dundas festet med Hollywood-stjernene.<\/p>\n<p>\n    PETER OG PARTNER:<br \/>\nPeter Dundas kom med partneren Evangelo Bousis. De to bor i<br \/>\nBeverly Hills med s\u00f8nnen Alexios<br \/>\nog datteren Eleni. Dundas er god<br \/>\nvenn med Mette-Marit. Foto: NTB\n  <\/p>\n<p id=\"text\" class=\"svelte-1bgec1z\">I samarbeid med<\/p>\n<p>     <img decoding=\"async\" src=\"https:\/\/www.europesays.com\/no\/wp-content\/uploads\/2025\/12\/fishermansFriend.png\" alt=\"kommersiell logo\" class=\"svelte-1bgec1z\"\/>          <\/p>\n<p>Det var ikke mangel p\u00e5 Hollywood-stjerner da Swaroski \u2013 kjent for sine glitrende krystall som pryder b\u00e5de smykker og kl\u00e6r \u2013 feiret 130-\u00e5rsjubileum i Los Angeles.<\/p>\n<p>En selvsagt gjest til \u00abMasters of Light \u2013 Hollywood\u00bb var den norske stjernedesigneren <a href=\"https:\/\/www.seher.no\/kongelig\/det-finnes-ingen-unnskyldning\/83001921\" rel=\"nofollow noopener\" target=\"_blank\">Peter Dundas<\/a> (56). Han var tidligere sjef for Emilio Pucci, men jobber n\u00e5 under eget navn.<\/p>\n<p>        <img loading=\"lazy\" decoding=\"async\" src=\"https:\/\/www.europesays.com\/no\/wp-content\/uploads\/2025\/12\/83873115.webp\" width=\"686\" height=\"707\" title=\"FANT&#10;LYKKEN:&#10;Skuespilleren Jeff&#10;Goldblum (73) og&#10;Emilie Livingston&#10;(42) har v\u00e6rt gift&#10;siden 2014, og har&#10;to barn sammen. Foto: NTB\" alt=\"\" class=\"\" style=\"--aspect-ratio-image: 0.97; \"\/><\/p>\n<p>\n        FANT<br \/>\nLYKKEN:<br \/>\nSkuespilleren Jeff<br \/>\nGoldblum (73) og<br \/>\nEmilie Livingston<br \/>\n(42) har v\u00e6rt gift<br \/>\nsiden 2014, og har<br \/>\nto barn sammen. Foto: NTB\n    <\/p>\n<p>56-\u00e5ringen er kjent for sine ekstravagante og glamor\u00f8se kreasjoner, med stjerner som Beyonc\u00e9 (44), Kim Kardashian (45), Jennifer Lopez (56) og Heidi Klum (52) p\u00e5 kundelisten.<\/p>\n<p>Og p\u00e5 en fest som denne var han garantert \u00e5 treffe b\u00e5de n\u00e5v\u00e6rende og fremtidige kunder med sans for det eksklusive.<\/p>\n<p>        <img loading=\"lazy\" decoding=\"async\" src=\"https:\/\/www.europesays.com\/no\/wp-content\/uploads\/2025\/12\/83873119.webp\" width=\"686\" height=\"735\" title=\"ALDER INGEN HINDRING: Cher (79) kom sammen med sin 40 \u00e5r yngre kj\u00e6reste Alexander Edwards (39). Foto: NTB\" alt=\"\" class=\"\" style=\"--aspect-ratio-image: 0.93; \"\/><\/p>\n<p>\n        ALDER INGEN HINDRING: Cher (79) kom sammen med sin 40 \u00e5r yngre kj\u00e6reste Alexander Edwards (39). Foto: NTB\n    <\/p>\n<p>En som lenge har hatt et godt \u00f8ye til Peters desing, er v\u00e5r egen kronprinsesse Marit (52). Hun har flere ganger brukt antrekk signert Peter Dundas ved offisielle anledninger, og skal ogs\u00e5 ha utviklet et n\u00e6rt vennskap med designeren.<\/p>\n<p>        Etter flere uker p\u00e5 tur, ble det endelig avgjort hvem som ble k\u00e5ret til vinner av \u00ab71 grader nord &#8211; Norges t\u00f8ffeste kjendis\u00bb 2025.<\/p>\n<p>I et intervju har Peter fortalt at han ble introdusert for kronprinsessen i 2006, og at hun ofte har bidratt med r\u00e5d til ham i hans designarbeid.<\/p>\n<p>\u2013 Det er kjempekoselig at Mette-Marit bruker designet mitt. Hun har en utrolig god smak, sterke meninger og kommer ofte med gode r\u00e5d til meg, har han fortalt til MinMote.<\/p>\n<p>Peter var gjest p\u00e5 slottet da kronprinsparet feret sin 10-\u00e5rs bryllupsdag i 2011, og han var ogs\u00e5 \u00e5 se i kronprins Haakons 40-\u00e5rsfeiring i 2013. <\/p>\n","protected":false},"excerpt":{"rendered":"Nordmann i godt selskap i Hollywood Kronprinsesse Mette-Marits gode venn Peter Dundas festet med Hollywood-stjernene. PETER OG PARTNER:&hellip;\n","protected":false},"author":2,"featured_media":123111,"comment_status":"","ping_status":"","sticky":false,"template":"","format":"standard","meta":{"footnotes":""},"categories":[12],"tags":[20,21,14581,4104,24,25,15,479,22,23,13,30,28,29,14,16,14582,26,27,42,43,44,45],"class_list":{"0":"post-123110","1":"post","2":"type-post","3":"status-publish","4":"format-standard","5":"has-post-thumbnail","7":"category-verden","8":"tag-breaking-news","9":"tag-breakingnews","10":"tag-cher","11":"tag-eksklusivt","12":"tag-featured-news","13":"tag-featurednews","14":"tag-headlines","15":"tag-kjendis","16":"tag-latest-news","17":"tag-latestnews","18":"tag-news","19":"tag-no","20":"tag-norge","21":"tag-norway","22":"tag-nyheter","23":"tag-overskrifter","24":"tag-peter-dundas","25":"tag-top-stories","26":"tag-topstories","27":"tag-verden","28":"tag-world","29":"tag-world-news","30":"tag-worldnews"},"share_on_mastodon":{"url":"https:\/\/pubeurope.com\/@no\/115793913953641238","error":""},"_links":{"self":[{"href":"https:\/\/www.europesays.com\/no\/wp-json\/wp\/v2\/posts\/123110","targetHints":{"allow":["GET"]}}],"collection":[{"href":"https:\/\/www.europesays.com\/no\/wp-json\/wp\/v2\/posts"}],"about":[{"href":"https:\/\/www.europesays.com\/no\/wp-json\/wp\/v2\/types\/post"}],"author":[{"embeddable":true,"href":"https:\/\/www.europesays.com\/no\/wp-json\/wp\/v2\/users\/2"}],"replies":[{"embeddable":true,"href":"https:\/\/www.europesays.com\/no\/wp-json\/wp\/v2\/comments?post=123110"}],"version-history":[{"count":0,"href":"https:\/\/www.europesays.com\/no\/wp-json\/wp\/v2\/posts\/123110\/revisions"}],"wp:featuredmedia":[{"embeddable":true,"href":"https:\/\/www.europesays.com\/no\/wp-json\/wp\/v2\/media\/123111"}],"wp:attachment":[{"href":"https:\/\/www.europesays.com\/no\/wp-json\/wp\/v2\/media?parent=123110"}],"wp:term":[{"taxonomy":"category","embeddable":true,"href":"https:\/\/www.europesays.com\/no\/wp-json\/wp\/v2\/categories?post=123110"},{"taxonomy":"post_tag","embeddable":true,"href":"https:\/\/www.europesays.com\/no\/wp-json\/wp\/v2\/tags?post=123110"}],"curies":[{"name":"wp","href":"https:\/\/api.w.org\/{rel}","templated":true}]}}