{"id":123114,"date":"2025-12-27T23:10:17","date_gmt":"2025-12-27T23:10:17","guid":{"rendered":"https:\/\/www.europesays.com\/no\/123114\/"},"modified":"2025-12-27T23:10:17","modified_gmt":"2025-12-27T23:10:17","slug":"8-657-pakker-ligger-klare-til-a-hentes-i-trondelag-nrk-trondelag-lokale-nyheter-tv-og-radio","status":"publish","type":"post","link":"https:\/\/www.europesays.com\/no\/123114\/","title":{"rendered":"8.657 pakker ligger klare til \u00e5 hentes i Tr\u00f8ndelag \u2013 NRK Tr\u00f8ndelag \u2013 Lokale nyheter, TV og radio"},"content":{"rendered":"<p>Kanskje ligger det en og annen julegave klar hos Posten Bring som ikke rakk \u00e5 finne veien til under juletreet.<\/p>\n<p><strong>Totalt ligger det n\u00e5 over 111.000 pakker klare til henting hos Posten Brings hentesteder rundt om i landet.<\/strong><\/p>\n<p>I Tr\u00f8ndelag ligger 8.657 pakker klare til \u00e5 hentes p\u00e5 postens hentesteder.<\/p>\n<p>Bare fylkene Oslo, Akershus og Vestland har flere uavhentede pakker enn Tr\u00f8ndelag.<\/p>\n<p><a class=\"link__container link__container--with-thumbnail autonomous forward-navigation\" href=\"https:\/\/www.nrk.no\/trondelag\/xl\/det-naermer-seg-jul-_-folk-reiser-hjem-fra-trondheim-lufthavn-vaernes-1.17700988\" data-ec-id=\"pp:article:1.17700988\" data-ec-name=\"Hjem til jul\" data-ec-category=\"SMALL_THUMBNAIL\" rel=\"nofollow noopener\" target=\"_blank\"><\/p>\n<p><img decoding=\"async\"   src=\"data:image\/gif;base64,R0lGODlhAQABAIAAAAAAAP\/\/\/yH5BAEAAAAALAAAAAABAAEAAAIBRAA7\" loading=\"lazy\" alt=\"En person som ligger p\u00e5 en sofa (Bildebeskrivelsen er laget av en KI-tjeneste)\" title=\"Foto: Qader Faraji \/ NRK\"\/><\/p>\n<p><\/a><\/p>\n<p>Tre millioner pakker<\/p>\n<p>\u2013 Selv om Posten Brings terminaler ble t\u00f8mt f\u00f8r julaften s\u00e5 er det fortsatt mange pakker som ikke er hentet fra v\u00e5re 3.700 hentesteder over hele landet, sier kommunikasjonsdirekt\u00f8r Kenneth Tj\u00f8nndal Pettersen i Posten Bring i en pressemelding l\u00f8rdag.<\/p>\n<p><strong>De melder om rekordmange pakker i f\u00f8rjulstiden i \u00e5r.<\/strong><\/p>\n<p>\u2013 De to siste ukene f\u00f8r jul, ble over tre millioner pakker h\u00e5ndtert ved terminalene og levert ut av postbud til postkasser, hentesteder og pakkebokser.<\/p>\n<p><strong>Hentefristen er p\u00e5 sju dager og Post i Butikk vil holde \u00e5pent s\u00e5 lenge butikkene er \u00e5pne i romjulen.<\/strong><\/p>\n<p>Uidentifiserte pakker<\/p>\n<p>Ogs\u00e5 i \u00e5r er det en rekke pakker der mottaker ikke kan identifiseres. Posten har egne julegavedetektiver som jobber frem til andre uka i januar.<\/p>\n<p><strong>Viola og Lykke har for eksempel ikke f\u00e5tt pakken sin fra \u00abNissen i Stavanger\u00bb og \u00abVerdens beste Stian\u00bb fikk aldri julegaven fra Hege &amp; Tord.<\/strong><\/p>\n<p>P\u00e5 <a href=\"https:\/\/www.posten.no\/jul\/juledetektiv\" ec-id=\"https:\/\/www.posten.no\/jul\/juledetektiv\" ec-name=\"postens nettsider\" rel=\"nofollow noopener\" target=\"_blank\">postens nettsider<\/a> kan man se bilder og beskrivelser av pakkene som mangler fullstendig mottager eller avsender og sende tips om man tror man vet hvem som eier dem.<\/p>\n<p>Publisert<\/p>\n<p>27.12.2025, kl. 18.26<\/p>\n","protected":false},"excerpt":{"rendered":"Kanskje ligger det en og annen julegave klar hos Posten Bring som ikke rakk \u00e5 finne veien til&hellip;\n","protected":false},"author":2,"featured_media":123115,"comment_status":"","ping_status":"","sticky":false,"template":"","format":"standard","meta":{"footnotes":""},"categories":[5],"tags":[20,21,24,25,15,19,22,23,17,18,13,30,28,29,14,16,26,27],"class_list":{"0":"post-123114","1":"post","2":"type-post","3":"status-publish","4":"format-standard","5":"has-post-thumbnail","7":"category-overskrifter","8":"tag-breaking-news","9":"tag-breakingnews","10":"tag-featured-news","11":"tag-featurednews","12":"tag-headlines","13":"tag-hovedoppslag","14":"tag-latest-news","15":"tag-latestnews","16":"tag-main-news","17":"tag-mainnews","18":"tag-news","19":"tag-no","20":"tag-norge","21":"tag-norway","22":"tag-nyheter","23":"tag-overskrifter","24":"tag-top-stories","25":"tag-topstories"},"share_on_mastodon":{"url":"https:\/\/pubeurope.com\/@no\/115794059132056982","error":""},"_links":{"self":[{"href":"https:\/\/www.europesays.com\/no\/wp-json\/wp\/v2\/posts\/123114","targetHints":{"allow":["GET"]}}],"collection":[{"href":"https:\/\/www.europesays.com\/no\/wp-json\/wp\/v2\/posts"}],"about":[{"href":"https:\/\/www.europesays.com\/no\/wp-json\/wp\/v2\/types\/post"}],"author":[{"embeddable":true,"href":"https:\/\/www.europesays.com\/no\/wp-json\/wp\/v2\/users\/2"}],"replies":[{"embeddable":true,"href":"https:\/\/www.europesays.com\/no\/wp-json\/wp\/v2\/comments?post=123114"}],"version-history":[{"count":0,"href":"https:\/\/www.europesays.com\/no\/wp-json\/wp\/v2\/posts\/123114\/revisions"}],"wp:featuredmedia":[{"embeddable":true,"href":"https:\/\/www.europesays.com\/no\/wp-json\/wp\/v2\/media\/123115"}],"wp:attachment":[{"href":"https:\/\/www.europesays.com\/no\/wp-json\/wp\/v2\/media?parent=123114"}],"wp:term":[{"taxonomy":"category","embeddable":true,"href":"https:\/\/www.europesays.com\/no\/wp-json\/wp\/v2\/categories?post=123114"},{"taxonomy":"post_tag","embeddable":true,"href":"https:\/\/www.europesays.com\/no\/wp-json\/wp\/v2\/tags?post=123114"}],"curies":[{"name":"wp","href":"https:\/\/api.w.org\/{rel}","templated":true}]}}