{"id":123116,"date":"2025-12-27T23:30:12","date_gmt":"2025-12-27T23:30:12","guid":{"rendered":"https:\/\/www.europesays.com\/no\/123116\/"},"modified":"2025-12-27T23:30:12","modified_gmt":"2025-12-27T23:30:12","slug":"cc-gjovik-kaos-pa-byttedagen-folk-sto-klare-for-butikken-apnet-oppland-arbeiderblad","status":"publish","type":"post","link":"https:\/\/www.europesays.com\/no\/123116\/","title":{"rendered":"CC, Gj\u00f8vik | Kaos p\u00e5 byttedagen: \u2013 Folk sto klare f\u00f8r butikken \u00e5pnet &#8211; Oppland Arbeiderblad"},"content":{"rendered":"<ol>\n<li><a href=\"https:\/\/news.google.com\/rss\/articles\/CBMijgFBVV95cUxOelc5WTh3OENXcU5PS1VMU2Z4R1MzRmFZSnVsZmVWWjlVdE9kekpFNmhMRGRoNW5VbUoySWVQZC1IYTNUcXpaSERjbTNLLV83QUtFanJCX2VjaHNCR1ZHNEcwNXBNeVNEMWlKMlc2cmhENFk5T3VVZGxwRkdwb0Q1ODQzQzNxdWhQNkVxNlRn?oc=5\" target=\"_blank\" rel=\"nofollow noopener\">CC, Gj\u00f8vik | Kaos p\u00e5 byttedagen: \u2013 Folk sto klare f\u00f8r butikken \u00e5pnet<\/a>&nbsp;&nbsp;Oppland Arbeiderblad<\/li>\n<li><a href=\"https:\/\/news.google.com\/rss\/articles\/CBMioAFBVV95cUxPcGJPVXpwZjl4M1g0dmJwRjlYRVVEbzhJQURXSmV4ajl5UXRxSTduOF9IR1FzRmZCcHJXUXpHLXVzekdrV0kxdkU4dFhPajk4RkVaUTBtWDl5ZUYzUmphSXVXclgtdGRxMlQ5OXFTQ01hQkdtV1JwVEdhZFpHUE9KUGNZaTIya2UyZlhWc1JEeG1JXzVMMmRCNVlzSkxRblpq?oc=5\" target=\"_blank\" rel=\"nofollow noopener\">De har v\u00e6rt sammen i 20 \u00e5r. For f\u00f8rste gang m\u00e5 Janine Opheim bytte en gave.<\/a>&nbsp;&nbsp;Bergens Tidende<\/li>\n<li><a href=\"https:\/\/news.google.com\/rss\/articles\/CBMilAFBVV95cUxORUJwd3kwQkdPMHQ2a2ZwWXdKMkE2WXE2Q2VqWU1yZFBaYnRkM3lSRVhkT3I3S0lHaXBjdkJ5Qm9TMUdXWXFjSktMeEJkbWlSbUgyVEtGMmlDenFkN19zMHEzdFJjMFplaFVwcEk4cjNwRTM3QTZXUWZBdW5QZ2t3RkhJODlQdVNjbnBrS0hpUG1OY3Bf?oc=5\" target=\"_blank\" rel=\"nofollow noopener\">Bytte en julegave? \u2013 dette har du krav p\u00e5<\/a>&nbsp;&nbsp;NRK<\/li>\n<li><a href=\"https:\/\/news.google.com\/rss\/articles\/CBMickFVX3lxTFBMUVpqM3Nkckt1b0F1MDBneU5KTk1pUlNGSU1nUkhSaHV3ZE51YzV3YXdiVFB0QUhwOS1xWm9GMGo3S3VOa2huR0FCd1pOTVlmRWk1NnhQbFl4c1BDX0xRUXZicm1UNDJITmhWZWplTkZrUQ?oc=5\" target=\"_blank\" rel=\"nofollow noopener\">(+) \u2013 Vi pr\u00f8ver \u00e5 v\u00e6re litt ekstra snille<\/a>&nbsp;&nbsp;fvn.no<\/li>\n<li><a href=\"https:\/\/news.google.com\/rss\/articles\/CBMiiwFBVV95cUxPZWFrLVQ2dXU4YnBCSVRSQnZMSTQtaUpNYXFpTmNENjJ3T2Z6Z3NMeUo1clEtXzhuc3JMMkc2c3AwdDJjWEo4VnNsbDFKWTl2dUpNanVpMzA4Tmo4d3ZuLWtYWFozNUp1UDN1RjBHY0pCSldQemhfa3B2MVFTaE1OTlVDM1FZakxHRzVR?oc=5\" target=\"_blank\" rel=\"nofollow noopener\">Den store byttedagen: \u2013 Det har g\u00e5tt i ett!<\/a>&nbsp;&nbsp;Stavanger Aftenblad<\/li>\n<\/ol>\n","protected":false},"excerpt":{"rendered":"CC, Gj\u00f8vik | Kaos p\u00e5 byttedagen: \u2013 Folk sto klare f\u00f8r butikken \u00e5pnet&nbsp;&nbsp;Oppland Arbeiderblad De har v\u00e6rt sammen&hellip;\n","protected":false},"author":2,"featured_media":123117,"comment_status":"","ping_status":"","sticky":false,"template":"","format":"standard","meta":{"footnotes":""},"categories":[10],"tags":[20,21,24,25,15,22,23,13,30,28,29,14,16,26,27],"class_list":{"0":"post-123116","1":"post","2":"type-post","3":"status-publish","4":"format-standard","5":"has-post-thumbnail","7":"category-norge","8":"tag-breaking-news","9":"tag-breakingnews","10":"tag-featured-news","11":"tag-featurednews","12":"tag-headlines","13":"tag-latest-news","14":"tag-latestnews","15":"tag-news","16":"tag-no","17":"tag-norge","18":"tag-norway","19":"tag-nyheter","20":"tag-overskrifter","21":"tag-top-stories","22":"tag-topstories"},"share_on_mastodon":{"url":"https:\/\/pubeurope.com\/@no\/115794137842529473","error":""},"_links":{"self":[{"href":"https:\/\/www.europesays.com\/no\/wp-json\/wp\/v2\/posts\/123116","targetHints":{"allow":["GET"]}}],"collection":[{"href":"https:\/\/www.europesays.com\/no\/wp-json\/wp\/v2\/posts"}],"about":[{"href":"https:\/\/www.europesays.com\/no\/wp-json\/wp\/v2\/types\/post"}],"author":[{"embeddable":true,"href":"https:\/\/www.europesays.com\/no\/wp-json\/wp\/v2\/users\/2"}],"replies":[{"embeddable":true,"href":"https:\/\/www.europesays.com\/no\/wp-json\/wp\/v2\/comments?post=123116"}],"version-history":[{"count":0,"href":"https:\/\/www.europesays.com\/no\/wp-json\/wp\/v2\/posts\/123116\/revisions"}],"wp:featuredmedia":[{"embeddable":true,"href":"https:\/\/www.europesays.com\/no\/wp-json\/wp\/v2\/media\/123117"}],"wp:attachment":[{"href":"https:\/\/www.europesays.com\/no\/wp-json\/wp\/v2\/media?parent=123116"}],"wp:term":[{"taxonomy":"category","embeddable":true,"href":"https:\/\/www.europesays.com\/no\/wp-json\/wp\/v2\/categories?post=123116"},{"taxonomy":"post_tag","embeddable":true,"href":"https:\/\/www.europesays.com\/no\/wp-json\/wp\/v2\/tags?post=123116"}],"curies":[{"name":"wp","href":"https:\/\/api.w.org\/{rel}","templated":true}]}}