{"id":123118,"date":"2025-12-27T23:31:09","date_gmt":"2025-12-27T23:31:09","guid":{"rendered":"https:\/\/www.europesays.com\/no\/123118\/"},"modified":"2025-12-27T23:31:09","modified_gmt":"2025-12-27T23:31:09","slug":"viser-hvor-stort-balletak-han-har-pa-fide-nrk-sjakk","status":"publish","type":"post","link":"https:\/\/www.europesays.com\/no\/123118\/","title":{"rendered":"\u2013 Viser hvor stort balletak han har p\u00e5 Fide \u2013 NRK Sjakk"},"content":{"rendered":"<p>\u2013 \u00c5h, det er forferdelig. Det er faktisk forferdelig. Det er forferdelig, sa Hikaru Nakamura da han fikk med seg starten p\u00e5 VM i hurtigsjakk.<\/p>\n<p>For til det f\u00f8rste partiet kom Magnus Carlsen to og et halvt minutt for sent. Dermed lot han blant andre presidenten i Det internasjonale sjakkforbundet (Fide) og flere inviterte VIP-er vente ved bordet, i tillegg til alle de andre spillerne.<\/p>\n<p>De skulle nemlig ta et seremonielt f\u00f8rstetrekk f\u00f8r turneringen startet, men turneringen ble holdt igjen til Carlsen kom til bordet.<\/p>\n<p>\u2013 Det ser ikke spesielt bra ut, for \u00e5 si det mildt, sa Nakamura p\u00e5 sin <a href=\"https:\/\/kick.com\/gmhikaru\" ec-id=\"https:\/\/kick.com\/gmhikaru\" ec-name=\"Kick-kanal\" rel=\"nofollow noopener\" target=\"_blank\">Kick-kanal<\/a>, som vil se til tiltak fra forbundet:<\/p>\n<p>\u2013 Til syvende og sist s\u00e5 koker det ned til, som jeg har sagt en million ganger, at de bare b\u00f8r starte klokka, uansett hva. For alle andre starter de klokka, men for Magnus gj\u00f8r de det aldri. Det er ikke bra, sa Nakamura.\n<\/p>\n<p><img decoding=\"async\"   src=\"data:image\/gif;base64,R0lGODlhAQABAIAAAAAAAP\/\/\/yH5BAEAAAAALAAAAAABAAEAAAIBRAA7\" loading=\"eager\" alt=\"Hikaru Nakamura\" title=\"Foto: Lennart Ootes \/ Fide\"\/><\/p>\n<p class=\"\">TORDNER: Sjakkstjerna Hikaru Nakamura er lite imponert over Det internasjonale sjakkforbundet. <\/p>\n<p>Foto: Lennart Ootes \/ Fide<\/p>\n<p>Carlsen-rivalen, som ikke spiller \u00e5rets VM, hevder det er et resultat av at Fide vil gj\u00f8re alt for Carlsen.<\/p>\n<p><strong>\u2013 Bokstavelig talt alt. Hadde det v\u00e6rt Fabiano (Caruana) eller meg som hadde v\u00e6rt sene til et parti, s\u00e5 hadde de ikke ventet. De ville ikke ventet med \u00e5 starte klokka. For Magnus gj\u00f8r de det alltid. Det viser hvor stort balletak Magnus har p\u00e5 Fide, i mangel p\u00e5 en bedre m\u00e5te \u00e5 si det p\u00e5, sier han.<\/strong><\/p>\n<p>\u2013 Men det er \u00e6rlig talt sannheten. Det burde ikke skje. Punktum. Men det skjer i hver eneste turnering, la han til.<\/p>\n<p>NRK har fors\u00f8kt \u00e5 f\u00e5 en kommentar fra Fide, forel\u00f8pig uten hell. NRK har v\u00e6rt i kontakt med Team Carlsen gjennom far Henrik Carlsen. De \u00f8nsker ikke \u00e5 kommentere saken.<\/p>\n<p>Nakamuras landsmann, Fabiano Caruana, reagerer selv p\u00e5 at alle m\u00e5tte vente p\u00e5 Carlsen.<\/p>\n<p><strong>\u2013 Siden det er f\u00f8rste runde, s\u00e5 har de disse ritualene. De burde vel bare funnet ham og kommet i gang, sier han til NRK. <\/strong><\/p>\n<p>Han innr\u00f8mmer at han reagerte da han og hundrevis av andre sjakkspillere ventet.<\/p>\n<p>\u2013 Det er litt irriterende. Jeg tenkte ikke for mye p\u00e5 det, og vi har generelt sett en del utsettelser. Generelt sett b\u00f8r man v\u00e6re p\u00e5 tiden, mener Caruana.<\/p>\n<p>F\u00e5r st\u00f8tte av norsk profil<\/p>\n<p>Amerikaneren er ikke den eneste som reagerer p\u00e5 ventetiden. Johan-Sebastian Christiansen, som har levert godt i VM s\u00e5 langt, er enig med sin amerikanske sjakkollega.<\/p>\n<p>\u2013 Jeg synes det er rart \u00e5 vente p\u00e5 en spiller, uansett om det er Magnus eller hvem det er. N\u00e5r rundestart er n\u00e5r det er, s\u00e5 skal man starte. Det er ingen fotballkamper som ikke starter p\u00e5 tida fordi det er et eller annet som skjer. Det tror jeg Magnus er klar over ogs\u00e5, sier Christiansen til NRK.\n<\/p>\n<p><img decoding=\"async\"   src=\"data:image\/gif;base64,R0lGODlhAQABAIAAAAAAAP\/\/\/yH5BAEAAAAALAAAAAABAAEAAAIBRAA7\" loading=\"eager\" alt=\"VM i lyn- og hurtigsjakk - dag to\" title=\"Foto: Alem Zebic \/ NRK\"\/><\/p>\n<p class=\"\">STUSSER: Johan-Sebastian Christiansen reagerer p\u00e5 Fides valg om \u00e5 vente p\u00e5 Magnus Carlsen. <\/p>\n<p>Foto: Alem Zebic \/ NRK<\/p>\n<p>Han sier videre at han ikke tror Carlsen hadde brydd seg om klokken hadde startet. Han understreker at han ikke er kritisk til Carlsen, men til arrang\u00f8ren.<\/p>\n<p><strong>\u2013 Det er Fide som velger \u00e5 ikke starte runden. Det er litt rart. De er vel bare redd for at det skal se dumt ut at superstjerna Magnus ikke er til stede.<\/strong><\/p>\n<p>Christiansen sier videre at det har v\u00e6rt slik i alle \u00e5r, og at sjakkforbundet har skj\u00f8nt at Carlsen er en sv\u00e6rt viktig person \u00e5 blidgj\u00f8re.<\/p>\n<p>Nordmannen p\u00e5peker at han er vant til \u00e5 m\u00e5tte vente p\u00e5 Carlsen.<\/p>\n<p>\u2013 Da blir man bare sittende og vente. Det er litt kjedelig. Jeg klandrer ikke Magnus, men det er bare til \u00e5 sette i gang runden. Det er ingen grunn til at vi 300 andre skal vente noe lenger.<\/p>\n<p>\u2013 Synes du det er respektl\u00f8st?<\/p>\n<p>\u2013 Absolutt. Du ser det p\u00e5 folk rundt ogs\u00e5. De himler med \u00f8ynene og tenker at de (arrang\u00f8ren) bare venter p\u00e5 grunn av Magnus. Det ser man, det er ingen annen grunn til \u00e5 vente.<\/p>\n<p>\u2013 Skaper overskrifter for \u00e5 provosere<\/p>\n<p>Carlsen kom ogs\u00e5 sent til det siste partiet p\u00e5 dag \u00e9n, men da ble klokka startet av motstanderen Arjun Erigaisi. Det gjorde at Carlsen mistet rundt 20 sekunder p\u00e5 klokka. Ogs\u00e5 p\u00e5 dag to mistet en forsinket Carlsen noen sekunder da dommer Chris Bird startet klokka hans f\u00f8r partiet mot Shant Sargsjan.<\/p>\n<p>Det skal ogs\u00e5 sies at klokka ble startet under f\u00f8rste parti p\u00e5 dag to i VM i hurtigsjakk i fjor, selv om man ogs\u00e5 da ventet p\u00e5 et seremonielt trekk. Da ble det seremonielle trekket tatt uten Carlsen, og klokka til Carlsen startet like etter.<\/p>\n<p>Det ble ogs\u00e5 p\u00e5pekt av hoveddommeren i fjor\u00e5rets VM, Alex Holowczak, p\u00e5 X fredag kveld.<\/p>\n<p>NRKs sjakkekspert Kristoffer Gressli gir Nakamura delvis medhold.<\/p>\n<p><strong>\u2013 Men han skaper ogs\u00e5 overskrifter for \u00e5 provosere og for \u00e5 f\u00e5 klikk. Veldig ofte er det spillerne selv som vil vente med \u00e5 starte klokka.<\/strong><\/p>\n<p>\u2013 I de aller fleste turneringer p\u00e5 amat\u00f8rniv\u00e5, vil man se at dommeren g\u00e5r og starter klokka, sier Gressli, som ogs\u00e5 er sjakkdommer selv.<\/p>\n<p>Tidsfordel eller ei, Carlsen hadde en str\u00e5lende f\u00f8rste dag i VM i lyn- og hurtigsjakk. Der endte han med fire seire og \u00e9n remis. Andre dag ble t\u00f8ffere, og det ble to seire, \u00e9n remis og ett tap.<\/p>\n<p>VM i hurtigsjakk avsluttes med fire partier s\u00f8ndag, f\u00f8r VM i lynsjakk spilles mandag og tirsdag.<\/p>\n<p>Klokka ble etter hvert startet da Carlsen var kraftig forsinket i VM i 2022: <\/p>\n<p>Publisert<\/p>\n<p>27.12.2025, kl. 22.09<\/p>\n<p>Oppdatert<\/p>\n<p>27.12.2025, kl. 23.08<\/p>\n","protected":false},"excerpt":{"rendered":"\u2013 \u00c5h, det er forferdelig. Det er faktisk forferdelig. Det er forferdelig, sa Hikaru Nakamura da han fikk&hellip;\n","protected":false},"author":2,"featured_media":123119,"comment_status":"","ping_status":"","sticky":false,"template":"","format":"standard","meta":{"footnotes":""},"categories":[5],"tags":[20,21,24,25,15,19,22,23,17,18,13,30,28,29,14,16,26,27],"class_list":{"0":"post-123118","1":"post","2":"type-post","3":"status-publish","4":"format-standard","5":"has-post-thumbnail","7":"category-overskrifter","8":"tag-breaking-news","9":"tag-breakingnews","10":"tag-featured-news","11":"tag-featurednews","12":"tag-headlines","13":"tag-hovedoppslag","14":"tag-latest-news","15":"tag-latestnews","16":"tag-main-news","17":"tag-mainnews","18":"tag-news","19":"tag-no","20":"tag-norge","21":"tag-norway","22":"tag-nyheter","23":"tag-overskrifter","24":"tag-top-stories","25":"tag-topstories"},"share_on_mastodon":{"url":"https:\/\/pubeurope.com\/@no\/115794141702965132","error":""},"_links":{"self":[{"href":"https:\/\/www.europesays.com\/no\/wp-json\/wp\/v2\/posts\/123118","targetHints":{"allow":["GET"]}}],"collection":[{"href":"https:\/\/www.europesays.com\/no\/wp-json\/wp\/v2\/posts"}],"about":[{"href":"https:\/\/www.europesays.com\/no\/wp-json\/wp\/v2\/types\/post"}],"author":[{"embeddable":true,"href":"https:\/\/www.europesays.com\/no\/wp-json\/wp\/v2\/users\/2"}],"replies":[{"embeddable":true,"href":"https:\/\/www.europesays.com\/no\/wp-json\/wp\/v2\/comments?post=123118"}],"version-history":[{"count":0,"href":"https:\/\/www.europesays.com\/no\/wp-json\/wp\/v2\/posts\/123118\/revisions"}],"wp:featuredmedia":[{"embeddable":true,"href":"https:\/\/www.europesays.com\/no\/wp-json\/wp\/v2\/media\/123119"}],"wp:attachment":[{"href":"https:\/\/www.europesays.com\/no\/wp-json\/wp\/v2\/media?parent=123118"}],"wp:term":[{"taxonomy":"category","embeddable":true,"href":"https:\/\/www.europesays.com\/no\/wp-json\/wp\/v2\/categories?post=123118"},{"taxonomy":"post_tag","embeddable":true,"href":"https:\/\/www.europesays.com\/no\/wp-json\/wp\/v2\/tags?post=123118"}],"curies":[{"name":"wp","href":"https:\/\/api.w.org\/{rel}","templated":true}]}}