{"id":123120,"date":"2025-12-27T23:38:26","date_gmt":"2025-12-27T23:38:26","guid":{"rendered":"https:\/\/www.europesays.com\/no\/123120\/"},"modified":"2025-12-27T23:38:26","modified_gmt":"2025-12-27T23:38:26","slug":"hundrevis-fortsatt-uten-strom-vol-no","status":"publish","type":"post","link":"https:\/\/www.europesays.com\/no\/123120\/","title":{"rendered":"Hundrevis fortsatt uten str\u00f8m &#8211; vol.no"},"content":{"rendered":"<p>Vestall hadde l\u00f8rdag ettermiddag til sammen 275 kunder uten str\u00f8m i \u00d8ksnes og B\u00f8, viser deres driftskart.<\/p>\n<p>I nitiden l\u00f8rdag kveld er antallet ber\u00f8rte redusert til 191.<\/p>\n<p><a href=\"https:\/\/www.vol.no\/nyheter\/i\/JOopG4\/146-beroert-av-stroemstans\" rel=\"nofollow noopener\" target=\"_blank\"> <img decoding=\"async\" src=\"data:image\/gif;base64,R0lGODlhEAAJAIAAAP\/\/\/wAAACH5BAEAAAAALAAAAAAQAAkAAAIKhI+py+0Po5yUFQA7\" alt=\"\"\/>   247 ber\u00f8rt av str\u00f8mbrudd  <\/a> <\/p>\n<p>\u00c5pen <\/p>\n<p><img decoding=\"async\" src=\"data:image\/gif;base64,R0lGODlhEAAJAIAAAP\/\/\/wAAACH5BAEAAAAALAAAAAAQAAkAAAIKhI+py+0Po5yUFQA7\" alt=\"\"\/> <\/p>\n<p>  <strong>Foto:<\/strong> Skjermbilde \/ Vestall<\/p>\n<p>I Hadsel viste Noranett sitt driftskart at bare 5 kunder var uten str\u00f8m.<\/p>\n<p>L\u00f8rdag kveld var ingen lenger ber\u00f8rt.<\/p>\n<p><a href=\"https:\/\/www.vol.no\/nyheter\/i\/9pvrWl\/stroemstans-paa-yttersida\" rel=\"nofollow noopener\" target=\"_blank\"> <img decoding=\"async\" src=\"data:image\/gif;base64,R0lGODlhEAAJAIAAAP\/\/\/wAAACH5BAEAAAAALAAAAAAQAAkAAAIKhI+py+0Po5yUFQA7\" alt=\"\"\/>   Str\u00f8mstans p\u00e5 yttersida   <\/a> <\/p>\n<p>\u00c5pen <\/p>\n<p><a href=\"https:\/\/www.vol.no\/nyheter\/i\/pBL9qw\/noranett-maa-ikke-roeres\" rel=\"nofollow noopener\" target=\"_blank\"> <img decoding=\"async\" src=\"data:image\/gif;base64,R0lGODlhEAAJAIAAAP\/\/\/wAAACH5BAEAAAAALAAAAAAQAAkAAAIKhI+py+0Po5yUFQA7\" alt=\"\"\/>   Noranett: \u2013 M\u00e5 IKKE r\u00f8res   <\/a> <\/p>\n<p>\u00c5pen <\/p>\n<p><img decoding=\"async\" src=\"data:image\/gif;base64,R0lGODlhEAAJAIAAAP\/\/\/wAAACH5BAEAAAAALAAAAAAQAAkAAAIKhI+py+0Po5yUFQA7\" alt=\"\"\/> <\/p>\n<p>I And\u00f8y er 99 kunder s\u00f8r p\u00e5 And\u00f8ya ber\u00f8rt av driftsforstyrrelser, viser Noranett sitt driftskart.<\/p>\n<p>97 av disse er ved \u00c5se, og Vestall skriver at feilen er funnet og at det jobbes med saken for \u00e5 ut materiell og f\u00e5 utbedret feil.<\/p>\n<p>L\u00f8rdag kveld er tallet ber\u00f8rte i And\u00f8y redusert med \u00e9n til 98 kunder. 97 av disse er fortsatt i \u00c5se.<\/p>\n<p><a href=\"https:\/\/www.vol.no\/nyheter\/i\/V6bdMW\/nok-et-stroembrudd-234-beroert\" rel=\"nofollow noopener\" target=\"_blank\"> <img decoding=\"async\" src=\"data:image\/gif;base64,R0lGODlhEAAJAIAAAP\/\/\/wAAACH5BAEAAAAALAAAAAAQAAkAAAIKhI+py+0Po5yUFQA7\" alt=\"\"\/>   Nok et str\u00f8mbrudd \u2013 234 ber\u00f8rt   <\/a> <\/p>\n<p>\u00c5pen <\/p>\n<p><img decoding=\"async\" src=\"data:image\/gif;base64,R0lGODlhEAAJAIAAAP\/\/\/wAAACH5BAEAAAAALAAAAAAQAAkAAAIKhI+py+0Po5yUFQA7\" alt=\"\"\/> <\/p>\n<p>  <strong>Foto:<\/strong> Skjermbilde \/ Vestall<a href=\"https:\/\/www.vol.no\/nyheter\/i\/GxG6KB\/stroemstans-i-natt\" rel=\"nofollow noopener\" target=\"_blank\">   Str\u00f8mstans i natt   <\/a> <\/p>\n<p>\u00c5pen <\/p>\n","protected":false},"excerpt":{"rendered":"Vestall hadde l\u00f8rdag ettermiddag til sammen 275 kunder uten str\u00f8m i \u00d8ksnes og B\u00f8, viser deres driftskart. I&hellip;\n","protected":false},"author":2,"featured_media":123121,"comment_status":"","ping_status":"","sticky":false,"template":"","format":"standard","meta":{"footnotes":""},"categories":[10],"tags":[3674,3396,625,20,21,24,25,15,22,23,13,30,14584,28,29,14,16,3482,26,27,14583],"class_list":{"0":"post-123120","1":"post","2":"type-post","3":"status-publish","4":"format-standard","5":"has-post-thumbnail","7":"category-norge","8":"tag-andoy","9":"tag-andoya","10":"tag-bo","11":"tag-breaking-news","12":"tag-breakingnews","13":"tag-featured-news","14":"tag-featurednews","15":"tag-headlines","16":"tag-latest-news","17":"tag-latestnews","18":"tag-news","19":"tag-no","20":"tag-noranett","21":"tag-norge","22":"tag-norway","23":"tag-nyheter","24":"tag-overskrifter","25":"tag-oksnes","26":"tag-top-stories","27":"tag-topstories","28":"tag-vestall"},"share_on_mastodon":{"url":"https:\/\/pubeurope.com\/@no\/115794169288109238","error":""},"_links":{"self":[{"href":"https:\/\/www.europesays.com\/no\/wp-json\/wp\/v2\/posts\/123120","targetHints":{"allow":["GET"]}}],"collection":[{"href":"https:\/\/www.europesays.com\/no\/wp-json\/wp\/v2\/posts"}],"about":[{"href":"https:\/\/www.europesays.com\/no\/wp-json\/wp\/v2\/types\/post"}],"author":[{"embeddable":true,"href":"https:\/\/www.europesays.com\/no\/wp-json\/wp\/v2\/users\/2"}],"replies":[{"embeddable":true,"href":"https:\/\/www.europesays.com\/no\/wp-json\/wp\/v2\/comments?post=123120"}],"version-history":[{"count":0,"href":"https:\/\/www.europesays.com\/no\/wp-json\/wp\/v2\/posts\/123120\/revisions"}],"wp:featuredmedia":[{"embeddable":true,"href":"https:\/\/www.europesays.com\/no\/wp-json\/wp\/v2\/media\/123121"}],"wp:attachment":[{"href":"https:\/\/www.europesays.com\/no\/wp-json\/wp\/v2\/media?parent=123120"}],"wp:term":[{"taxonomy":"category","embeddable":true,"href":"https:\/\/www.europesays.com\/no\/wp-json\/wp\/v2\/categories?post=123120"},{"taxonomy":"post_tag","embeddable":true,"href":"https:\/\/www.europesays.com\/no\/wp-json\/wp\/v2\/tags?post=123120"}],"curies":[{"name":"wp","href":"https:\/\/api.w.org\/{rel}","templated":true}]}}