{"id":123122,"date":"2025-12-27T23:39:14","date_gmt":"2025-12-27T23:39:14","guid":{"rendered":"https:\/\/www.europesays.com\/no\/123122\/"},"modified":"2025-12-27T23:39:14","modified_gmt":"2025-12-27T23:39:14","slug":"ikke-sikkert-det-er-mulig-nrk-sport-sportsnyheter-resultater-og-sendeplan","status":"publish","type":"post","link":"https:\/\/www.europesays.com\/no\/123122\/","title":{"rendered":"\u2013 Ikke sikkert det er mulig \u2013 NRK Sport \u2013 Sportsnyheter, resultater og sendeplan"},"content":{"rendered":"<p>Friski-ut\u00f8veren William Bostadl\u00f8kken har kommet hjem til Norge med ambulansefly, etter den alvorlige skaden han p\u00e5dro seg p\u00e5 trening tidligere i desember.<\/p>\n<p>Det skriver Norges Skiforbund i en pressemelding.<\/p>\n<p>20-\u00e5ringen p\u00e5dro seg flere bruddskader, blant annet i ryggen, og ble operert i Denver.<\/p>\n<p>\u2013 Operasjonen var vellykket, men jeg ble lam fra skadestedet (T5 og T6) og ned, skriver han i et Instagram-innlegg.<\/p>\n<p>N\u00e5 venter rehabilitering i Norge og oppf\u00f8lging p\u00e5 Ullev\u00e5l sykehus.<\/p>\n<p>P\u00e5 <a href=\"https:\/\/www.instagram.com\/p\/DSxwECbDM7o\/?igsh=cW5jd2c0Z2trc2lj&amp;img_index=1\" ec-id=\"https:\/\/www.instagram.com\/p\/DSxwECbDM7o\/\" ec-name=\"Instagram\" rel=\"nofollow noopener\" target=\"_blank\">Instagram<\/a> forteller han at det er usikkert om han klarer \u00e5 st\u00e5 p\u00e5 ski igjen, men har en dr\u00f8m om \u00e5 gj\u00f8re det.<\/p>\n<p>\u2013 Jeg vil gj\u00f8re alt i min makt for \u00e5 oppleve den utrolige f\u00f8lelsen \u00e5 \u00abjibbe\u00bb igjen, skriver Bostadl\u00f8kken og fortsetter:<\/p>\n<p>\u2013 Det kommer ikke til \u00e5 bli lett. Det kommer til \u00e5 bli den vanskeligste utfordringen min noensinne. Det er ikke sikkert det er mulig, men jeg nekter \u00e5 gi opp. Jeg kommer alltid til \u00e5 kjempe.<\/p>\n<p>Landslagslege Andreas Persson sier dette i pressemeldingen:<\/p>\n<p>\u2013 Vi er glade for at William n\u00e5 er trygt tilbake i Norge. Som han selv forklarer, er ryggskaden sv\u00e6rt alvorlig ettersom ryggmargen ogs\u00e5 ble skadet i forbindelse med bruddet. Vi vil n\u00e5 fokusere p\u00e5 best mulig medisinsk oppf\u00f8lging og rehabilitering for \u00e5 gi ham de beste forutsetningene for \u00e5 f\u00e5 tilbake mest mulig funksjon. Han er i gode hender, og vi tar ett steg av gangen.<\/p>\n<p>Bostadl\u00f8kken omtales som en av Norges aller mest lovende friskiut\u00f8vere. Heming-profilen er del av rekruttlandslaget.<\/p>\n<p>Han var nylig tatt ut til verdenscup\u00e5pningen i slopestyle i \u00f8sterrikske Stubai.<\/p>\n<p><script async src=\"\/\/www.instagram.com\/embed.js\"><\/script><\/p>\n","protected":false},"excerpt":{"rendered":"Friski-ut\u00f8veren William Bostadl\u00f8kken har kommet hjem til Norge med ambulansefly, etter den alvorlige skaden han p\u00e5dro seg p\u00e5&hellip;\n","protected":false},"author":2,"featured_media":123123,"comment_status":"","ping_status":"","sticky":false,"template":"","format":"standard","meta":{"footnotes":""},"categories":[5],"tags":[20,21,24,25,15,19,22,23,17,18,13,30,28,29,14,16,26,27],"class_list":{"0":"post-123122","1":"post","2":"type-post","3":"status-publish","4":"format-standard","5":"has-post-thumbnail","7":"category-overskrifter","8":"tag-breaking-news","9":"tag-breakingnews","10":"tag-featured-news","11":"tag-featurednews","12":"tag-headlines","13":"tag-hovedoppslag","14":"tag-latest-news","15":"tag-latestnews","16":"tag-main-news","17":"tag-mainnews","18":"tag-news","19":"tag-no","20":"tag-norge","21":"tag-norway","22":"tag-nyheter","23":"tag-overskrifter","24":"tag-top-stories","25":"tag-topstories"},"share_on_mastodon":{"url":"https:\/\/pubeurope.com\/@no\/115794173150717470","error":""},"_links":{"self":[{"href":"https:\/\/www.europesays.com\/no\/wp-json\/wp\/v2\/posts\/123122","targetHints":{"allow":["GET"]}}],"collection":[{"href":"https:\/\/www.europesays.com\/no\/wp-json\/wp\/v2\/posts"}],"about":[{"href":"https:\/\/www.europesays.com\/no\/wp-json\/wp\/v2\/types\/post"}],"author":[{"embeddable":true,"href":"https:\/\/www.europesays.com\/no\/wp-json\/wp\/v2\/users\/2"}],"replies":[{"embeddable":true,"href":"https:\/\/www.europesays.com\/no\/wp-json\/wp\/v2\/comments?post=123122"}],"version-history":[{"count":0,"href":"https:\/\/www.europesays.com\/no\/wp-json\/wp\/v2\/posts\/123122\/revisions"}],"wp:featuredmedia":[{"embeddable":true,"href":"https:\/\/www.europesays.com\/no\/wp-json\/wp\/v2\/media\/123123"}],"wp:attachment":[{"href":"https:\/\/www.europesays.com\/no\/wp-json\/wp\/v2\/media?parent=123122"}],"wp:term":[{"taxonomy":"category","embeddable":true,"href":"https:\/\/www.europesays.com\/no\/wp-json\/wp\/v2\/categories?post=123122"},{"taxonomy":"post_tag","embeddable":true,"href":"https:\/\/www.europesays.com\/no\/wp-json\/wp\/v2\/tags?post=123122"}],"curies":[{"name":"wp","href":"https:\/\/api.w.org\/{rel}","templated":true}]}}