{"id":123126,"date":"2025-12-27T23:48:10","date_gmt":"2025-12-27T23:48:10","guid":{"rendered":"https:\/\/www.europesays.com\/no\/123126\/"},"modified":"2025-12-27T23:48:10","modified_gmt":"2025-12-27T23:48:10","slug":"folk-kultur-god-stemning-pa-juletrefest-det-blir-haela-i-taket-og-tennene-i-tapetet","status":"publish","type":"post","link":"https:\/\/www.europesays.com\/no\/123126\/","title":{"rendered":"Folk, Kultur | God stemning p\u00e5 juletrefest: \u2013\u00a0Det blir h\u00e6la i taket og tennene i tapetet"},"content":{"rendered":"\n<p>\u2013 Forventningene er h\u00f8ye. Jeg har tro p\u00e5 Jonas Hovland \u2013 han er knallbra!<\/p>\n<p>Det er den klare beskjeden fra J\u00f8rgen Tuen, som er en av omtrent 400 stykker som tok turen til Tools scene l\u00f8rdag kveld.<\/p>\n<p>Juletrefest sto p\u00e5 programmet. F\u00f8r Hovlandskrossen gikk p\u00e5 scenen, varmet Are Sleveland opp publikummet, som var i dansehum\u00f8r.<\/p>\n<p>   <img decoding=\"async\" width=\"3767\" height=\"2511\" fetchpriority=\"low\"  loading=\"lazy\"  src=\"https:\/\/www.europesays.com\/no\/wp-content\/uploads\/2025\/12\/Are+Sleveland.JPG\" alt=\"\" class=\"brick-c-cFOWSL\" style=\"--brick-image-ratio: 3767 \/ 2511;\"\/><\/p>\n<p>      VARMET OPP: Are Sleveland sto for oppvarmingen av publikum.<br \/>\n      Foto: Sondre R\u00f8hmen\n    <\/p>\n<p>  \u2013 Allsangen og den gode stemningen<\/p>\n<p>J\u00f8rgen Tuen var p\u00e5 plass sammen med s\u00f8strene Katrine og Jenny, samt Harald Seglem.<\/p>\n<p>\u2013 Det er viktig \u00e5 kose seg i jula, sier J\u00f8rgen om hvorfor han ville p\u00e5 konsert.<\/p>\n<p>\u2013 Hva gleder du deg mest til?<\/p>\n<p>\u2013 Det er allsangen og den gode stemningen, sier han.<\/p>\n<p>Katrine gledet seg ogs\u00e5 til den gode stemningen, som er nettopp det hun forbinder Hovlandskrossen med. Harald tror han aldri har h\u00f8rt bandet f\u00f8r.<\/p>\n<p>\u2013 Men det blir skikkelig g\u00f8y. Det er festmusikk s\u00e5 det holder.<\/p>\n<p>   <img decoding=\"async\" width=\"4032\" height=\"2677\" fetchpriority=\"low\"  loading=\"lazy\"  src=\"https:\/\/www.europesays.com\/no\/wp-content\/uploads\/2025\/12\/IMG_2073.JPG\" alt=\"\" class=\"brick-c-cFOWSL\" style=\"--brick-image-ratio: 4032 \/ 2677;\"\/><\/p>\n<p>      UTSOLGT: Det var mye folk p\u00e5 juletrefesten.<br \/>\n      Foto: Sondre R\u00f8hmen\n    <\/p>\n<p>  Lang kveld i vente<\/p>\n<p>\u2013 Hvordan tror du kvelden blir?<\/p>\n<p>\u2013 God stemning, h\u00e6la i taket og tennene i tapetet!<\/p>\n<p>\u2013 Blir det seint i kveld?<\/p>\n<p>\u2013 Ja, det blir i morgen tidlig, svarer han.<\/p>\n<p>\n          Stopp video<br \/>\n          Sl\u00e5 p\u00e5 lyd<br \/>\n          <video data-standalone=\"false\" preload=\"none\" muted=\"\" loop=\"\" playsinline=\"\" autoplay=\"\"><\/p>\n<p>          <\/video>\n        <\/p>\n<p>DT treffer ogs\u00e5 Marius S\u00e6stad og hans far Alf Rune S\u00e6stad. De var der for \u00e5 st\u00f8tte opp om onkel\/bror Idar Ose, bassisten i bandet.<\/p>\n<p>\u2013 Men vi hadde v\u00e6rt her uansett, bedyrer Alf Rune.<\/p>\n<p>\u2013 Trenger \u00e5 lufte oss<\/p>\n<p>Han mener bandet spiller musikk som fanger alle generasjonene.<\/p>\n<p>\u2013 Dette er med p\u00e5 \u00e5 skape veldig god stemning i Egersund. Det er veldig bra for byen, konstaterer han.<\/p>\n<p>\u2013 Det er bra stemning og mye folk ute p\u00e5 dansegulvet allerede, sier Marius, vel vitende om at det inntil videre bare var oppvarming.<\/p>\n<p>   <img decoding=\"async\" width=\"3638\" height=\"2425\" fetchpriority=\"low\"  loading=\"lazy\"  src=\"https:\/\/www.europesays.com\/no\/wp-content\/uploads\/2025\/12\/IMG_2069.JPG\" alt=\"\" class=\"brick-c-cFOWSL\" style=\"--brick-image-ratio: 3638 \/ 2425;\"\/><\/p>\n<p>      ST\u00d8TTET ONKEL\/BROR: Marius S\u00e6stad og far Alf Rune var ogs\u00e5 p\u00e5 plass. De er henholdsvis nev\u00f8 og bror av Idar Ose, som spiller bass i Hovlandskrossen. \u2013 Men vi hadde v\u00e6rt her uansett, sier Alf Rune.<br \/>\n      Foto: Sondre R\u00f8hmen\n    <\/p>\n<p>Johnny Brekke var ogs\u00e5 p\u00e5 plass, sammen med Lise Kvams\u00f8 og \u00e5tte andre.<\/p>\n<p>\u2013 Hvorfor er dere her i kveld?<\/p>\n<p>\u2013 Fordi det er lokalt, det er g\u00f8y og vi trenger \u00e5 lufte oss i jula, sier Johnny.<\/p>\n<p>Lise sier bandet er g\u00f8y \u00e5 h\u00f8re p\u00e5. Johnny var forn\u00f8yd med stemningen.<\/p>\n<p>\u2013 Den kan ikke bli bedre. Det er bra folk stiller opp, smiler han.<\/p>\n<p>   <img decoding=\"async\" width=\"3599\" height=\"2397\" fetchpriority=\"low\"  loading=\"lazy\"  src=\"https:\/\/www.europesays.com\/no\/wp-content\/uploads\/2025\/12\/IMG_2071.jpeg\" alt=\"\" class=\"brick-c-cFOWSL\" style=\"--brick-image-ratio: 3599 \/ 2397;\"\/><\/p>\n<p>      LUFTET SEG: Disse fire, Lise Kvams\u00f8, Johnny Brekke, Fredrik Bringsdal og kommunestyrerepresentant Halvor Tengs, var en del av en st\u00f8rre gjeng som gikk p\u00e5 konserten sammen.<br \/>\n      Foto: Sondre R\u00f8hmen\n    <\/p>\n","protected":false},"excerpt":{"rendered":"\u2013 Forventningene er h\u00f8ye. Jeg har tro p\u00e5 Jonas Hovland \u2013 han er knallbra! Det er den klare&hellip;\n","protected":false},"author":2,"featured_media":123127,"comment_status":"","ping_status":"","sticky":false,"template":"","format":"standard","meta":{"footnotes":""},"categories":[58],"tags":[36,88,71,89,410,30,28,29,1510,72],"class_list":{"0":"post-123126","1":"post","2":"type-post","3":"status-publish","4":"format-standard","5":"has-post-thumbnail","7":"category-underholdning","8":"tag-art","9":"tag-eigersund","10":"tag-entertainment","11":"tag-folk","12":"tag-kultur","13":"tag-no","14":"tag-norge","15":"tag-norway","16":"tag-story","17":"tag-underholdning"},"share_on_mastodon":{"url":"https:\/\/pubeurope.com\/@no\/115794208972928150","error":""},"_links":{"self":[{"href":"https:\/\/www.europesays.com\/no\/wp-json\/wp\/v2\/posts\/123126","targetHints":{"allow":["GET"]}}],"collection":[{"href":"https:\/\/www.europesays.com\/no\/wp-json\/wp\/v2\/posts"}],"about":[{"href":"https:\/\/www.europesays.com\/no\/wp-json\/wp\/v2\/types\/post"}],"author":[{"embeddable":true,"href":"https:\/\/www.europesays.com\/no\/wp-json\/wp\/v2\/users\/2"}],"replies":[{"embeddable":true,"href":"https:\/\/www.europesays.com\/no\/wp-json\/wp\/v2\/comments?post=123126"}],"version-history":[{"count":0,"href":"https:\/\/www.europesays.com\/no\/wp-json\/wp\/v2\/posts\/123126\/revisions"}],"wp:featuredmedia":[{"embeddable":true,"href":"https:\/\/www.europesays.com\/no\/wp-json\/wp\/v2\/media\/123127"}],"wp:attachment":[{"href":"https:\/\/www.europesays.com\/no\/wp-json\/wp\/v2\/media?parent=123126"}],"wp:term":[{"taxonomy":"category","embeddable":true,"href":"https:\/\/www.europesays.com\/no\/wp-json\/wp\/v2\/categories?post=123126"},{"taxonomy":"post_tag","embeddable":true,"href":"https:\/\/www.europesays.com\/no\/wp-json\/wp\/v2\/tags?post=123126"}],"curies":[{"name":"wp","href":"https:\/\/api.w.org\/{rel}","templated":true}]}}