{"id":123128,"date":"2025-12-27T23:52:36","date_gmt":"2025-12-27T23:52:36","guid":{"rendered":"https:\/\/www.europesays.com\/no\/123128\/"},"modified":"2025-12-27T23:52:36","modified_gmt":"2025-12-27T23:52:36","slug":"uteliv-ringsaker-driver-tar-til-motmaele-pa-ingen-mate-ute-av-kontroll-hamar-arbeiderblad","status":"publish","type":"post","link":"https:\/\/www.europesays.com\/no\/123128\/","title":{"rendered":"Uteliv, Ringsaker | Driver tar til motm\u00e6le: \u2013 P\u00e5 ingen m\u00e5te ute av kontroll &#8211; Hamar Arbeiderblad"},"content":{"rendered":"<ol>\n<li><a href=\"https:\/\/news.google.com\/rss\/articles\/CBMikAFBVV95cUxPTy16eVBSMjFOUkxrVEpUN0l1M2JnNUpiQThLdmszUU9ValFCR1pnSjBjRmpJN215b01tdXJxMlZzamxEWnJHZGJvTHJEd2tIY20zWFBRVmw5eGZjMk1HTjM2LV9CRGo2czdMZWEzRG1KOUNralBfZkJkTkdhRmdvYndmNEhRNVlrd0RBdTZBRFQ?oc=5\" target=\"_blank\" rel=\"nofollow noopener\">Uteliv, Ringsaker | Driver tar til motm\u00e6le: \u2013 P\u00e5 ingen m\u00e5te ute av kontroll<\/a>&nbsp;&nbsp;Hamar Arbeiderblad<\/li>\n<li><a href=\"https:\/\/news.google.com\/rss\/articles\/CBMia0FVX3lxTE5IZlQ3MDNMSGVOd0xLRm5QblhBZ2FRUGJxUWVmb3RKbXFPMDRYbDNTbzN0UndsdXM5SU5vMnlkSE1XVEFSMURHeVZJYU03WHhIOEJRTUQwSzg5MmxtOEF3aXJrS295VDVZRkxv?oc=5\" target=\"_blank\" rel=\"nofollow noopener\">\u00d8lkasting og sl\u00e5sskamp<\/a>&nbsp;&nbsp;ht.no<\/li>\n<li><a href=\"https:\/\/news.google.com\/rss\/articles\/CBMifkFVX3lxTFAyN2YwZXR1dzdUaHR1b255b21wYWNwZkNpUEZ1cEdKQlRjcmlFdmxQbnZ2ZU1wOXB5OWZWWVZtcFoxdGxNdS14OEMydm5ocllHNnBMcWRUU1o5WGI2YWdqNkhFV05PT3cyWWlyYTNYY3FXa0o5T3E2S0xHTVJCQQ?oc=5\" target=\"_blank\" rel=\"nofollow noopener\">Nyheter, Politi | Mindre\u00e5rig kj\u00f8rt til legevakt etter br\u00e5k<\/a>&nbsp;&nbsp;Gudbrandsd\u00f8len Dagningen<\/li>\n<li><a href=\"https:\/\/news.google.com\/rss\/articles\/CBMimAFBVV95cUxQdkI4U0JvbFRJR2szSTNqUmI4NlBGOHhIeFludXVXaDZLRDZYdUZoYkdCVjg3VGFPWU1nQkFiY3B2OHNFVGxvaWhma1NXZHBfOTI1V1RoQVFqdWEyYUFPRGZnZ0h0VFZxclc3dEFHejl6bkFEV0JxdkRXUHFhYUIyWmlwUlV2ZzVYT0Q3elJUMUEzNW5UeVJuZA?oc=5\" target=\"_blank\" rel=\"nofollow noopener\">Kongsvinger, Innlandet | Nattens fasit i byen: En sl\u00e5sskamp og ei full venninne<\/a>&nbsp;&nbsp;Gl\u00e5mdalen<\/li>\n<li><a href=\"https:\/\/news.google.com\/rss\/articles\/CBMimAFBVV95cUxQMmx4VmtJZE0weWcxZFBUa09YMmNxajExd21ycFpMaGZBcXhKSnoyUUpmMEgwaWxNczQySlZULUgwNFg1WGFGNTdqcFNFaXFicGloVDZLR2s1alhjNmU4ZWJZZTNYOGVLT21vVzZ2VFlRMGRmTTR2b2FUYXpVcTUzMHE1NkpFRWF6ZS1aR0dhSEtzejBlUWJ5NA?oc=5\" target=\"_blank\" rel=\"nofollow noopener\">Festglade folk lagde kaos: \u2013 Ting kan skj\u00e6re seg fort<\/a>&nbsp;&nbsp;\u00d8stlendingen<\/li>\n<\/ol>\n","protected":false},"excerpt":{"rendered":"Uteliv, Ringsaker | Driver tar til motm\u00e6le: \u2013 P\u00e5 ingen m\u00e5te ute av kontroll&nbsp;&nbsp;Hamar Arbeiderblad \u00d8lkasting og sl\u00e5sskamp&nbsp;&nbsp;ht.no&hellip;\n","protected":false},"author":2,"featured_media":123129,"comment_status":"","ping_status":"","sticky":false,"template":"","format":"standard","meta":{"footnotes":""},"categories":[10],"tags":[20,21,24,25,15,22,23,13,30,28,29,14,16,26,27],"class_list":{"0":"post-123128","1":"post","2":"type-post","3":"status-publish","4":"format-standard","5":"has-post-thumbnail","7":"category-norge","8":"tag-breaking-news","9":"tag-breakingnews","10":"tag-featured-news","11":"tag-featurednews","12":"tag-headlines","13":"tag-latest-news","14":"tag-latestnews","15":"tag-news","16":"tag-no","17":"tag-norge","18":"tag-norway","19":"tag-nyheter","20":"tag-overskrifter","21":"tag-top-stories","22":"tag-topstories"},"share_on_mastodon":{"url":"https:\/\/pubeurope.com\/@no\/115794224297148507","error":""},"_links":{"self":[{"href":"https:\/\/www.europesays.com\/no\/wp-json\/wp\/v2\/posts\/123128","targetHints":{"allow":["GET"]}}],"collection":[{"href":"https:\/\/www.europesays.com\/no\/wp-json\/wp\/v2\/posts"}],"about":[{"href":"https:\/\/www.europesays.com\/no\/wp-json\/wp\/v2\/types\/post"}],"author":[{"embeddable":true,"href":"https:\/\/www.europesays.com\/no\/wp-json\/wp\/v2\/users\/2"}],"replies":[{"embeddable":true,"href":"https:\/\/www.europesays.com\/no\/wp-json\/wp\/v2\/comments?post=123128"}],"version-history":[{"count":0,"href":"https:\/\/www.europesays.com\/no\/wp-json\/wp\/v2\/posts\/123128\/revisions"}],"wp:featuredmedia":[{"embeddable":true,"href":"https:\/\/www.europesays.com\/no\/wp-json\/wp\/v2\/media\/123129"}],"wp:attachment":[{"href":"https:\/\/www.europesays.com\/no\/wp-json\/wp\/v2\/media?parent=123128"}],"wp:term":[{"taxonomy":"category","embeddable":true,"href":"https:\/\/www.europesays.com\/no\/wp-json\/wp\/v2\/categories?post=123128"},{"taxonomy":"post_tag","embeddable":true,"href":"https:\/\/www.europesays.com\/no\/wp-json\/wp\/v2\/tags?post=123128"}],"curies":[{"name":"wp","href":"https:\/\/api.w.org\/{rel}","templated":true}]}}