{"id":123138,"date":"2025-12-28T00:21:35","date_gmt":"2025-12-28T00:21:35","guid":{"rendered":"https:\/\/www.europesays.com\/no\/123138\/"},"modified":"2025-12-28T00:21:35","modified_gmt":"2025-12-28T00:21:35","slug":"ulykker-og-hendelser-trafikk-brann-i-kjellerbod-flere-personer-evakuert","status":"publish","type":"post","link":"https:\/\/www.europesays.com\/no\/123138\/","title":{"rendered":"Ulykker og hendelser, Trafikk | Brann i kjellerbod \u2013 flere personer evakuert"},"content":{"rendered":"\n<p><b>STEINKJER: <\/b>N\u00f8detatene rykket l\u00f8rdag ettermiddag ut til en bolig i S\u00f8rlia i Steinkjer etter at det ble meldt om brann i en kjellerbod.<\/p>\n<p>Det opplyste politiet klokka 13.17.<\/p>\n<p>Tr\u00f8nder-Avisas reporter melder ved 13.30-tiden om mye r\u00f8yk ved boligen.<\/p>\n<p>\u2013 Alle er ute av boligen, og flere personer er evakuert i forbindelse med brannen i rekkehuset. Det er veldig mye r\u00f8yk, sier politibetjent Andreas Hoffstad.<\/p>\n<p>Starter etterforskning<\/p>\n<p>Han vet ikke om det har v\u00e6rt \u00e5pen flamme i kjellerboden, men sier til Tr\u00f8nder-Avisa ved 13.50-tiden at det er kontroll p\u00e5 brannen.<\/p>\n<p>Hofstad opplyser at politiet n\u00e5 starter etterforskning av brannen.<\/p>\n<p>En av de n\u00e6rmeste naboene, en kvinne og en mann, sier til Tr\u00f8nder-Avisa at politiet kakket p\u00e5 d\u00f8ra og ba dem komme seg ut.<\/p>\n<p>\u2013 Vi visste ikke at det brant, hva som skjer videre vet vi ikke, sier paret \u2013 som inntil videre har s\u00f8kt tilflukt i bilen sin.<\/p>\n<p>Ikke beboelig<\/p>\n<p>Brannvesenets innsatsleder, Arnstein Kvelstad, forklarer at det blir en omfattende jobb \u00e5 f\u00e5 luftet ut leilighetene.<\/p>\n<p>   <img decoding=\"async\" width=\"3024\" height=\"2594\" fetchpriority=\"low\"  loading=\"lazy\"  src=\"https:\/\/www.europesays.com\/no\/wp-content\/uploads\/2025\/12\/photo+%2879%29.jpg\" alt=\"\" class=\"brick-c-cFOWSL\" style=\"--brick-image-ratio: 3024 \/ 2594;\"\/><\/p>\n<p>      Innsatsleder Arnstein Kvelstad forklarer hva som er status ved 14-tiden.<br \/>\n      Foto: Anders Nordmeland\n    <\/p>\n<p>\u2013 En av leilighetene er ikke beboelig, legger han til.<\/p>\n<p>Innsatslederen kan forel\u00f8pig ikke si noe om brann\u00e5rsak.<\/p>\n<p>Til legevakt<\/p>\n<p>I en oppdatering klokken 14.07 opplyser politiets operasjonsleder Trond Hangaas at en beboer tas med til legevakt for sjekk.<\/p>\n<p>\u2013 Det er per n\u00e5 ikke observert flammer, men etterforskning p\u00e5g\u00e5r, legger han til.<\/p>\n","protected":false},"excerpt":{"rendered":"STEINKJER: N\u00f8detatene rykket l\u00f8rdag ettermiddag ut til en bolig i S\u00f8rlia i Steinkjer etter at det ble meldt&hellip;\n","protected":false},"author":2,"featured_media":123139,"comment_status":"","ping_status":"","sticky":false,"template":"","format":"standard","meta":{"footnotes":""},"categories":[10],"tags":[1021,36,20,21,24,25,15,22,23,13,30,28,29,14,16,984,1510,26,27,224,941],"class_list":{"0":"post-123138","1":"post","2":"type-post","3":"status-publish","4":"format-standard","5":"has-post-thumbnail","7":"category-norge","8":"tag-ta-sa","9":"tag-art","10":"tag-breaking-news","11":"tag-breakingnews","12":"tag-featured-news","13":"tag-featurednews","14":"tag-headlines","15":"tag-latest-news","16":"tag-latestnews","17":"tag-news","18":"tag-no","19":"tag-norge","20":"tag-norway","21":"tag-nyheter","22":"tag-overskrifter","23":"tag-steinkjer","24":"tag-story","25":"tag-top-stories","26":"tag-topstories","27":"tag-trafikk","28":"tag-ulykker-og-hendelser"},"share_on_mastodon":{"url":"https:\/\/pubeurope.com\/@no\/115794338746473428","error":""},"_links":{"self":[{"href":"https:\/\/www.europesays.com\/no\/wp-json\/wp\/v2\/posts\/123138","targetHints":{"allow":["GET"]}}],"collection":[{"href":"https:\/\/www.europesays.com\/no\/wp-json\/wp\/v2\/posts"}],"about":[{"href":"https:\/\/www.europesays.com\/no\/wp-json\/wp\/v2\/types\/post"}],"author":[{"embeddable":true,"href":"https:\/\/www.europesays.com\/no\/wp-json\/wp\/v2\/users\/2"}],"replies":[{"embeddable":true,"href":"https:\/\/www.europesays.com\/no\/wp-json\/wp\/v2\/comments?post=123138"}],"version-history":[{"count":0,"href":"https:\/\/www.europesays.com\/no\/wp-json\/wp\/v2\/posts\/123138\/revisions"}],"wp:featuredmedia":[{"embeddable":true,"href":"https:\/\/www.europesays.com\/no\/wp-json\/wp\/v2\/media\/123139"}],"wp:attachment":[{"href":"https:\/\/www.europesays.com\/no\/wp-json\/wp\/v2\/media?parent=123138"}],"wp:term":[{"taxonomy":"category","embeddable":true,"href":"https:\/\/www.europesays.com\/no\/wp-json\/wp\/v2\/categories?post=123138"},{"taxonomy":"post_tag","embeddable":true,"href":"https:\/\/www.europesays.com\/no\/wp-json\/wp\/v2\/tags?post=123138"}],"curies":[{"name":"wp","href":"https:\/\/api.w.org\/{rel}","templated":true}]}}