{"id":123140,"date":"2025-12-28T00:22:09","date_gmt":"2025-12-28T00:22:09","guid":{"rendered":"https:\/\/www.europesays.com\/no\/123140\/"},"modified":"2025-12-28T00:22:09","modified_gmt":"2025-12-28T00:22:09","slug":"jennifer-lopez-far-kritikk-for-a-redigere-bilde","status":"publish","type":"post","link":"https:\/\/www.europesays.com\/no\/123140\/","title":{"rendered":"Jennifer Lopez f\u00e5r kritikk for \u00e5 redigere bilde"},"content":{"rendered":"\n<p class=\"_lead_o9xde_2 _lead_xtcu6_50 layout-component text-serif-m layout-normal text-serif-l layout-component layout-wide layout-padded _wide_17hqh_1 layout-padded\">Flere raser mot at bildet ser redigert ut, andre mener at stjernen ikke trenger \u00e5 retusjeres. <\/p>\n<p><img alt=\" Foto: Jordan Strauss \/ AP \/ NTB\" class=\"_image_qp4xg_65 layout-component layout-wide\" data-fullscreen- data-track-element-type=\"Article image fullscreen\" data-track-name=\"ImageFullscreen\" fetchpriority=\"high\" decoding=\"sync\" loading=\"eager\" height=\"2015\" itemprop=\"image\"  src=\"https:\/\/www.europesays.com\/no\/wp-content\/uploads\/2025\/12\/084d1118-c81b-4edc-80b2-29ed0125d352\"  style=\"object-position:56.54801880456682% 34.46650124069479%\" width=\"2978\"\/> Foto: Jordan Strauss \/ AP \/ NTB<\/p>\n<ul aria-hidden=\"true\" class=\"_images_ntbth_112\">\n<li><a class=\"_link_ntbth_117\" href=\"https:\/\/www.vg.no\/forfatter\/bastian-lunde-hvitmyhr\" style=\"z-index:1\" title=\"Bastian Lunde Hvitmyhr\" rel=\"nofollow noopener\" target=\"_blank\"><img alt=\"Bilde av Bastian Lunde Hvitmyhr\" class=\"_image_ntbth_93\" fetchpriority=\"low\" loading=\"lazy\" decoding=\"async\" itemprop=\"image\"  src=\"https:\/\/www.europesays.com\/no\/wp-content\/uploads\/2025\/12\/1766881329_158_150baf2c-85af-47f9-b506-d8189e6820a4\"  width=\"480\"\/><\/a><\/li>\n<\/ul>\n<p> Oppdatert s\u00f8ndag 28. desember kl. 00:41     <\/p>\n<p class=\"_paragraph_o9xde_4 _paragraph_xtcu6_10 layout-component text-serif-m layout-normal text-serif-m layout-padded\">Fredag delte artist og skuespiller <a href=\"https:\/\/www.vg.no\/tag\/jennifer-lopez?utm_source=vg-article&amp;utm_medium=auto-tagger&amp;utm_campaign=q6LVyz\" class=\"_link_o9xde_39\" rel=\"nofollow noopener\" target=\"_blank\">Jennifer Lopez<\/a> (56) en speil-selfie i r\u00f8d kjole p\u00e5 X.<\/p>\n<p class=\"_paragraph_o9xde_4 _paragraph_xtcu6_10 layout-component text-serif-m layout-normal text-serif-m layout-padded\">Sammen med bildet skrev hun:<\/p>\n<p class=\"_paragraph_o9xde_4 _paragraph_xtcu6_10 layout-component text-serif-m layout-normal text-serif-m layout-padded\"><strong class=\"_strong_o9xde_25\">\u2013 God jul alle sammen!<\/strong><\/p>\n<p class=\"_paragraph_o9xde_4 _paragraph_xtcu6_10 layout-component text-serif-m layout-normal text-serif-m layout-padded\">Millioner har sett innlegget, og i kommentarfeltet raser debatten: Hvor mye har Lopez fikset p\u00e5 utseende?<\/p>\n<p class=\"_root_1xq52_1\" lang=\"en\" dir=\"auto\">Merry Christmas one and all!<\/p>\n<p class=\"_paragraph_o9xde_4 _paragraph_xtcu6_10 layout-component text-serif-m layout-normal text-serif-m layout-padded\">Noen raser fordi de mener bildet er retusjert, mens andre mener stjernen er pen nok som hun er. <\/p>\n<p class=\"_paragraph_o9xde_4 _paragraph_xtcu6_10 layout-component text-serif-m layout-normal text-serif-m layout-padded\">I kommentarfeltet p\u00e5peker flere at iPhone-en hennes er b\u00f8yd i bildet, noe som kan v\u00e6re et tegn p\u00e5 at selfien var redigert med filter eller andre retusjeringsverkt\u00f8y.<\/p>\n<p class=\"_paragraph_o9xde_4 _paragraph_xtcu6_10 layout-component text-serif-m layout-normal text-serif-m layout-padded\">\u2013 \u00abBend It Like Beckham\u00bb? sp\u00f8r en fan.<\/p>\n<p class=\"_paragraph_o9xde_4 _paragraph_xtcu6_10 layout-component text-serif-m layout-normal text-serif-m layout-padded\">Flere henger seg p\u00e5 og skriver hva de tror er endret p\u00e5.<\/p>\n<p class=\"_paragraph_o9xde_4 _paragraph_xtcu6_10 layout-component text-serif-m layout-normal text-serif-m layout-padded\"><strong class=\"_strong_o9xde_25\">Men mange fans tar ogs\u00e5 Lopez i forsvar og oppfordret henne til \u00e5 ikke bruke filtre.<\/strong><\/p>\n<p class=\"_paragraph_o9xde_4 _paragraph_xtcu6_10 layout-component text-serif-m layout-normal text-serif-m layout-padded\">Overraskende positiv og st\u00f8ttende, melder\u00a0<a href=\"https:\/\/www.marieclaire.com\/celebrity\/jennifer-lopez-fans-response-to-her-edited-christmas-selfie\/\" class=\"_link_o9xde_39\" rel=\"nofollow noopener\" target=\"_blank\">Marie Claire<\/a>.<\/p>\n<p class=\"_paragraph_o9xde_4 _paragraph_xtcu6_10 layout-component text-serif-m layout-normal text-serif-m layout-padded\">\u2013 Ingen hat, men iPhone-en din er krummet, noe som betyr at du brukte et filter som du egentlig ikke trenger, skrev en fan.<\/p>\n<p class=\"_paragraph_o9xde_4 _paragraph_xtcu6_10 layout-component text-serif-m layout-normal text-serif-m layout-padded\">Flere influencere i Norge st\u00f8ttet i 2021 forslaget til en lov som gj\u00f8r at reklame og sponsede innlegg p\u00e5 sosiale medier m\u00e5 merkes om de er retusjert eller har filtre som endrer utseendet:<\/p>\n<p class=\"_paragraph_o9xde_4 _paragraph_xtcu6_10 layout-component text-serif-m layout-normal layout-padded\"><strong class=\"_strong_o9xde_25\">Les ogs\u00e5:<\/strong> <a href=\"https:\/\/www.vg.no\/i\/eKg9Wg\" data-track-element-type=\"Link\" data-track-id=\"link:eKg9Wg\" class=\"_link_o9xde_39\" rel=\"nofollow noopener\" target=\"_blank\">St\u00f8tter lovforslag om merking av retusjering<\/a><\/p>\n<p class=\"_paragraph_o9xde_4 _paragraph_xtcu6_10 layout-component text-serif-m layout-normal text-serif-m layout-padded\">Loven ble senere innf\u00f8rt. <\/p>\n<p class=\"_paragraph_o9xde_4 _paragraph_xtcu6_10 layout-component text-serif-m layout-normal text-serif-m layout-padded\">Noen spekulerer n\u00e5 i om Lopez har redigerte bildet bevisst for \u00e5 skape engasjement p\u00e5 profilen sin.<\/p>\n<p class=\"_paragraph_o9xde_4 _paragraph_xtcu6_10 layout-component text-serif-m layout-normal text-serif-m layout-padded\"><strong class=\"_strong_o9xde_25\">\u2013 Det \u00e5 bli eldre er kult n\u00e5r du ikke bryr deg om hvem som synes det \u00e5 bli eldre ikke er kult. God jul. Skriver en under posten til Lopez.<\/strong><\/p>\n<p class=\"_paragraph_o9xde_4 _paragraph_xtcu6_10 layout-component text-serif-m layout-normal text-serif-m layout-padded\">En annen gir r\u00e5det:<\/p>\n<p class=\"_paragraph_o9xde_4 _paragraph_xtcu6_10 layout-component text-serif-m layout-normal text-serif-m layout-padded\">\u2013 Du m\u00e5 dobbeltsjekke alle bilder du redigerer \u2013 f\u00f8r du poster.<\/p>\n<p class=\"_paragraph_o9xde_4 _paragraph_xtcu6_10 layout-component text-serif-m layout-normal text-serif-m layout-padded\"><strong class=\"_strong_o9xde_25\"><a href=\"http:\/\/www.vg.no\/rampelys\/i\/GapX7Q\/tv-2-reagerer-kraftig-mot-vita-og-wanda-bilder-skal-ikke-tukles-med-paa-den-maaten#:~:text=*%20Tips%20oss.%20*%20Kontakt%20VG.%20*%20Informasjon.\" data-track-element-type=\"Link\" data-track-id=\"link:GapX7Q\" class=\"_link_o9xde_39\" rel=\"nofollow noopener\" target=\"_blank\">B\u00e5de i Norge<\/a> og utlandet har debatten om hvor mye kjendiser redigerer bildene sine for \u00e5 endre utseende rast de siste \u00e5rene.<\/strong><\/p>\n<p class=\"_paragraph_o9xde_4 _paragraph_xtcu6_10 layout-component text-serif-m layout-normal text-serif-m layout-padded\">Kim Kardashian har blant annet <a href=\"https:\/\/www.vg.no\/rampelys\/i\/MQGaM\/kim-kardashian-avviser-photoshoprykter\" data-track-element-type=\"Link\" data-track-id=\"link:MQGaM\" class=\"_link_o9xde_39\" rel=\"nofollow noopener\" target=\"_blank\">g\u00e5tt ut mot redigeringsrykter.<\/a><\/p>\n<p class=\"_paragraph_o9xde_4 _paragraph_xtcu6_10 layout-component text-serif-m layout-normal text-serif-m layout-padded\">S\u00f8steren Kylie Jenner ble fersket etter \u00e5 ha redigert midjen<a href=\"https:\/\/www.vg.no\/rampelys\/i\/Wb8Rd2\/slik-manipulerte-kylie-jenner-bildet-av-seg-selv\" data-track-element-type=\"Link\" data-track-id=\"link:Wb8Rd2\" class=\"_link_o9xde_39\" rel=\"nofollow noopener\" target=\"_blank\"> smalere i bilder tatt p\u00e5 Met-gallaen.<\/a><\/p>\n<p class=\"_paragraph_o9xde_4 _paragraph_xtcu6_10 layout-component text-serif-m layout-normal text-serif-m layout-padded\">I 2018 gikk Mads Hansen ut mot influencere han mener retusjerer seg selv.<\/p>\n","protected":false},"excerpt":{"rendered":"Flere raser mot at bildet ser redigert ut, andre mener at stjernen ikke trenger \u00e5 retusjeres. Foto: Jordan&hellip;\n","protected":false},"author":2,"featured_media":123141,"comment_status":"","ping_status":"","sticky":false,"template":"","format":"standard","meta":{"footnotes":""},"categories":[5],"tags":[20,21,24,25,15,19,7455,22,23,17,18,13,30,28,29,14,16,26,27],"class_list":{"0":"post-123140","1":"post","2":"type-post","3":"status-publish","4":"format-standard","5":"has-post-thumbnail","7":"category-overskrifter","8":"tag-breaking-news","9":"tag-breakingnews","10":"tag-featured-news","11":"tag-featurednews","12":"tag-headlines","13":"tag-hovedoppslag","14":"tag-jennifer-lopez","15":"tag-latest-news","16":"tag-latestnews","17":"tag-main-news","18":"tag-mainnews","19":"tag-news","20":"tag-no","21":"tag-norge","22":"tag-norway","23":"tag-nyheter","24":"tag-overskrifter","25":"tag-top-stories","26":"tag-topstories"},"share_on_mastodon":{"url":"https:\/\/pubeurope.com\/@no\/115794342587053325","error":""},"_links":{"self":[{"href":"https:\/\/www.europesays.com\/no\/wp-json\/wp\/v2\/posts\/123140","targetHints":{"allow":["GET"]}}],"collection":[{"href":"https:\/\/www.europesays.com\/no\/wp-json\/wp\/v2\/posts"}],"about":[{"href":"https:\/\/www.europesays.com\/no\/wp-json\/wp\/v2\/types\/post"}],"author":[{"embeddable":true,"href":"https:\/\/www.europesays.com\/no\/wp-json\/wp\/v2\/users\/2"}],"replies":[{"embeddable":true,"href":"https:\/\/www.europesays.com\/no\/wp-json\/wp\/v2\/comments?post=123140"}],"version-history":[{"count":0,"href":"https:\/\/www.europesays.com\/no\/wp-json\/wp\/v2\/posts\/123140\/revisions"}],"wp:featuredmedia":[{"embeddable":true,"href":"https:\/\/www.europesays.com\/no\/wp-json\/wp\/v2\/media\/123141"}],"wp:attachment":[{"href":"https:\/\/www.europesays.com\/no\/wp-json\/wp\/v2\/media?parent=123140"}],"wp:term":[{"taxonomy":"category","embeddable":true,"href":"https:\/\/www.europesays.com\/no\/wp-json\/wp\/v2\/categories?post=123140"},{"taxonomy":"post_tag","embeddable":true,"href":"https:\/\/www.europesays.com\/no\/wp-json\/wp\/v2\/tags?post=123140"}],"curies":[{"name":"wp","href":"https:\/\/api.w.org\/{rel}","templated":true}]}}