{"id":123146,"date":"2025-12-28T00:36:27","date_gmt":"2025-12-28T00:36:27","guid":{"rendered":"https:\/\/www.europesays.com\/no\/123146\/"},"modified":"2025-12-28T00:36:27","modified_gmt":"2025-12-28T00:36:27","slug":"farevarsel-om-kraftig-vind-i-nord-nedjusteres","status":"publish","type":"post","link":"https:\/\/www.europesays.com\/no\/123146\/","title":{"rendered":"Farevarsel om kraftig vind i nord nedjusteres"},"content":{"rendered":"<p data-testid=\"textWithMarkup-text\" data-v-81d7dc2b=\"\" data-v-62d58f52=\"\">\u2013 Husk at det enda vil v\u00e6re en del vind utover dag, skriver Yr i en oppdatert melding.<\/p>\n<p data-testid=\"textWithMarkup-text\" data-v-81d7dc2b=\"\" data-v-62d58f52=\"\">Tidligere l\u00f8rdag sa vakthavende meteorolog H\u00e5vard Thorset at det oransje varselet nesten ble oppjustert.<\/p>\n<p data-testid=\"textWithMarkup-markup\" data-v-62d58f52=\"\"> \u2013 Vi har oransje farevarsel, men det er p\u00e5 grensen til r\u00f8dt. Det er uvanlig sterke vindkast, sa Thorset til <a href=\"https:\/\/www.vg.no\/nyheter\/i\/5p0rRW\/garasje-tatt-av-vinden-i-nordland\" rel=\"noopener nofollow\" target=\"_blank\">VG<\/a>.<\/p>\n<p data-testid=\"textWithMarkup-text\" data-v-81d7dc2b=\"\" data-v-62d58f52=\"\">Han kaller uv\u00e6ret en \u00absterk storm\u00bb. P\u00e5 V\u00e6r\u00f8y var det vindkast p\u00e5 46 meter per sekund tidligere l\u00f8rdag.<\/p>\n<p data-testid=\"textWithMarkup-text\" data-v-81d7dc2b=\"\" data-v-62d58f52=\"\">Senere sa Thorset til NTB at varselet trolig ikke ville bli oppjustert. <\/p>\n<p data-testid=\"textWithMarkup-text\" data-v-81d7dc2b=\"\" data-v-62d58f52=\"\">\u2013 S\u00e5nn det ser ut n\u00e5 gj\u00f8r vi ikke det. I Nordland har den verste vinden passert, for Troms og Finnmark er vinden i \u00f8kning, men den blir ikke like sterk, sa han. Noen timer senere ble alts\u00e5 det oransje varselet avsluttet.<\/p>\n<p data-testid=\"textWithMarkup-text\" data-v-81d7dc2b=\"\" data-v-62d58f52=\"\">Ogs\u00e5 Sverige er rammet av uv\u00e6r l\u00f8rdag, og flere tusen kunder st\u00e5r uten str\u00f8m. Der har stormen f\u00e5tt navnet Johannes.<\/p>\n<p data-testid=\"textWithMarkup-text\" data-v-81d7dc2b=\"\" data-v-62d58f52=\"\">\u2013 Her i Norge navngir vi bare p\u00e5 r\u00f8dt niv\u00e5. I Sverige gir de ogs\u00e5 navn p\u00e5 oransje, sier Thorset.<\/p>\n<p data-testid=\"textWithMarkup-markup\" data-v-62d58f52=\"\"> Ogs\u00e5 i Finland har stormen f\u00e5tt navn. Der er det Hannes som har gjort tusenvis av kunder str\u00f8ml\u00f8se, skriver <a href=\"https:\/\/yle.fi\/a\/7-10090580\" rel=\"noopener nofollow\" target=\"_blank\">Yle<\/a>.<\/p>\n<p data-testid=\"textWithMarkup-text\" data-v-81d7dc2b=\"\" data-v-62d58f52=\"\">Forsikringsselskapet If hadde l\u00f8rdag klokken 15 f\u00e5tt inn rundt 40 skademeldinger i Nord-Norge. <\/p>\n<p data-testid=\"textWithMarkup-text\" data-v-81d7dc2b=\"\" data-v-62d58f52=\"\">\u2013 Det er et stort spenn i skadene, alt fra tr\u00e6r som har falt over hus og biler til vanninntrengning i bolighus og andre bygninger. Det er ogs\u00e5 meldt skader p\u00e5 b\u00e5ter, skriver If i en pressemelding.<\/p>\n<p data-testid=\"textWithMarkup-text\" data-v-81d7dc2b=\"\" data-v-62d58f52=\"\">Det er for tidlig \u00e5 si hva kostnadene av skadene vil bli, if\u00f8lge pressesjef Sigmund Clementz.<\/p>\n","protected":false},"excerpt":{"rendered":"\u2013 Husk at det enda vil v\u00e6re en del vind utover dag, skriver Yr i en oppdatert melding.&hellip;\n","protected":false},"author":2,"featured_media":123147,"comment_status":"","ping_status":"","sticky":false,"template":"","format":"standard","meta":{"footnotes":""},"categories":[10],"tags":[20,21,24,25,15,22,23,13,30,28,29,14,16,26,27],"class_list":{"0":"post-123146","1":"post","2":"type-post","3":"status-publish","4":"format-standard","5":"has-post-thumbnail","7":"category-norge","8":"tag-breaking-news","9":"tag-breakingnews","10":"tag-featured-news","11":"tag-featurednews","12":"tag-headlines","13":"tag-latest-news","14":"tag-latestnews","15":"tag-news","16":"tag-no","17":"tag-norge","18":"tag-norway","19":"tag-nyheter","20":"tag-overskrifter","21":"tag-top-stories","22":"tag-topstories"},"share_on_mastodon":{"url":"https:\/\/pubeurope.com\/@no\/115794397284857133","error":""},"_links":{"self":[{"href":"https:\/\/www.europesays.com\/no\/wp-json\/wp\/v2\/posts\/123146","targetHints":{"allow":["GET"]}}],"collection":[{"href":"https:\/\/www.europesays.com\/no\/wp-json\/wp\/v2\/posts"}],"about":[{"href":"https:\/\/www.europesays.com\/no\/wp-json\/wp\/v2\/types\/post"}],"author":[{"embeddable":true,"href":"https:\/\/www.europesays.com\/no\/wp-json\/wp\/v2\/users\/2"}],"replies":[{"embeddable":true,"href":"https:\/\/www.europesays.com\/no\/wp-json\/wp\/v2\/comments?post=123146"}],"version-history":[{"count":0,"href":"https:\/\/www.europesays.com\/no\/wp-json\/wp\/v2\/posts\/123146\/revisions"}],"wp:featuredmedia":[{"embeddable":true,"href":"https:\/\/www.europesays.com\/no\/wp-json\/wp\/v2\/media\/123147"}],"wp:attachment":[{"href":"https:\/\/www.europesays.com\/no\/wp-json\/wp\/v2\/media?parent=123146"}],"wp:term":[{"taxonomy":"category","embeddable":true,"href":"https:\/\/www.europesays.com\/no\/wp-json\/wp\/v2\/categories?post=123146"},{"taxonomy":"post_tag","embeddable":true,"href":"https:\/\/www.europesays.com\/no\/wp-json\/wp\/v2\/tags?post=123146"}],"curies":[{"name":"wp","href":"https:\/\/api.w.org\/{rel}","templated":true}]}}