{"id":123148,"date":"2025-12-28T00:42:10","date_gmt":"2025-12-28T00:42:10","guid":{"rendered":"https:\/\/www.europesays.com\/no\/123148\/"},"modified":"2025-12-28T00:42:10","modified_gmt":"2025-12-28T00:42:10","slug":"jeg-var-redd-for-ham","status":"publish","type":"post","link":"https:\/\/www.europesays.com\/no\/123148\/","title":{"rendered":"\u2013 Jeg var redd for ham"},"content":{"rendered":"\n<p class=\"_lead_o9xde_2 _lead_xtcu6_50 layout-component text-serif-m layout-normal text-serif-l layout-component layout-wide layout-padded _wide_17hqh_1 layout-padded\">Moren l\u00e5ste soveroms\u00add\u00f8ren i frykt for s\u00f8nnen sin. N\u00e5 er han mistenkt for drap.<\/p>\n<p><img alt=\"Drapet skjedde i et boligomr\u00e5de i den svenske byen Boden. \u2013 Alle kjenner alle her, har en nabo fortalt til Aftonbladet. Foto: Mats Engfors\/TT \/ TT Nyhetsbyr\u00e5n \/ NTB\" class=\"_image_qp4xg_65 layout-component layout-wide\" data-fullscreen- data-track-element-type=\"Article image fullscreen\" data-track-name=\"ImageFullscreen\" fetchpriority=\"high\" decoding=\"sync\" loading=\"eager\" height=\"4000\" itemprop=\"image\"  src=\"https:\/\/www.europesays.com\/no\/wp-content\/uploads\/2025\/12\/846ec40d-75f0-49df-9733-25363040bb64\"  style=\"object-position:0% 0%\" width=\"5333\"\/>Drapet skjedde i et boligomr\u00e5de i den svenske byen Boden. \u2013 Alle kjenner alle her, har en nabo fortalt til Aftonbladet. Foto: Mats Engfors\/TT \/ TT Nyhetsbyr\u00e5n \/ NTB<\/p>\n<ul aria-hidden=\"true\" class=\"_images_ntbth_112\">\n<li><a class=\"_link_ntbth_117\" href=\"https:\/\/www.vg.no\/forfatter\/ingrid-bjoerndal-farestvedt\" style=\"z-index:1\" title=\"Ingrid Bj\u00f8rndal Farestvedt\" rel=\"nofollow noopener\" target=\"_blank\"><img alt=\"Bilde av Ingrid Bj\u00f8rndal Farestvedt\" class=\"_image_ntbth_93\" fetchpriority=\"low\" loading=\"lazy\" decoding=\"async\" itemprop=\"image\"  src=\"https:\/\/www.europesays.com\/no\/wp-content\/uploads\/2025\/12\/1766882529_921_0ca626e9-b4bd-4417-836d-161b53cb789f\"  width=\"480\"\/><\/a><\/li>\n<\/ul>\n<p> Oppdatert s\u00f8ndag 28. desember kl. 00:53    <\/p>\n<ul class=\"_list_o9xde_3 _list_64s2r_85 _unordered_o9xde_106 text-sans-m\">\n<li class=\"_item_o9xde_30\">En 55 \u00e5r gammel kvinne ble drept i sitt hjem i Boden i Sverige f\u00f8rste juledag.<\/li>\n<li class=\"_item_o9xde_30\">Den mistenkte, en 22 \u00e5r gammel mann, ble skutt og drept av politiet under p\u00e5gripelsen. <\/li>\n<li class=\"_item_o9xde_30\">I et intervju med en svensk avis forteller moren at hun selv fryktet s\u00f8nnen sin.<\/li>\n<\/ul>\n<p>Vis mer <\/p>\n<p class=\"_paragraph_o9xde_4 _paragraph_xtcu6_10 layout-component text-serif-m layout-normal text-serif-m layout-padded\">Politiet har beskrevet <a href=\"https:\/\/www.vg.no\/nyheter\/i\/Wvboyd\/kvinne-drept-i-sverige-politiet-skjoet-gjerningsmannen\" data-track-element-type=\"Link\" data-track-id=\"link:Wvboyd\" class=\"_link_o9xde_39\" rel=\"nofollow noopener\" target=\"_blank\">det som skjedde<\/a> i den svenske byen Boden som \u00absv\u00e6rt voldsomt\u00bb. <\/p>\n<p class=\"_paragraph_o9xde_4 _paragraph_xtcu6_10 layout-component text-serif-m layout-normal text-serif-m layout-padded\">Om formiddagen f\u00f8rste juledag rykket de ut til et hvitt, julepyntet hus:<\/p>\n<p class=\"_paragraph_o9xde_4 _paragraph_xtcu6_10 layout-component text-serif-m layout-normal text-serif-m layout-padded\"><strong class=\"_strong_o9xde_25\">Der fant de en 55 \u00e5r gammel kvinne \u2013 drept i sitt eget hjem.<\/strong><\/p>\n<p class=\"_paragraph_o9xde_4 _paragraph_xtcu6_10 layout-component text-serif-m layout-normal text-serif-m layout-padded\">En 22 \u00e5r gammel mann er mistenkt for \u00e5 st\u00e5 bak. Han ble skutt og drept <a href=\"https:\/\/www.vg.no\/nyheter\/i\/Wvboyd\/kvinne-drept-i-sverige-politiet-skjoet-gjerningsmannen\" data-track-element-type=\"Link\" data-track-id=\"link:Wvboyd\" class=\"_link_o9xde_39\" rel=\"nofollow noopener\" target=\"_blank\">under p\u00e5gripelsen<\/a> \u2013 en situasjon som politiet forel\u00f8pig har v\u00e6rt ordknappe om.<\/p>\n<p class=\"_paragraph_o9xde_4 _paragraph_xtcu6_10 layout-component text-serif-m layout-normal text-serif-m layout-padded\">N\u00e5 forteller den drapsmistenktes mor om frykten hun f\u00f8lte for s\u00f8nnen.<\/p>\n<p><img alt=\"Da politiet skulle p\u00e5gripe 22-\u00e5ringen, oppsto det en situasjon som f\u00f8rte til at de skj\u00f8t ham, har de sagt i en pressemelding. Etterp\u00e5 jobbet krimteknikere p\u00e5 stedet i timevis.  Foto: Mats Engfors\/TT \/ TT Nyhetsbyr\u00e5n \/ NTB\" class=\"_image_qp4xg_65 layout-component layout-normal\" data-fullscreen- data-track-element-type=\"Article image fullscreen\" data-track-name=\"ImageFullscreen\" decoding=\"async\" loading=\"lazy\" height=\"2656\" itemprop=\"image\"  src=\"https:\/\/www.europesays.com\/no\/wp-content\/uploads\/2025\/12\/d0bcbd6a-7f2d-4f35-a2a2-8ed4a420ed05\"  style=\"object-position:0% 0%\" width=\"3984\"\/>Da politiet skulle p\u00e5gripe 22-\u00e5ringen, oppsto det en situasjon som f\u00f8rte til at de skj\u00f8t ham, har de sagt i en pressemelding. Etterp\u00e5 jobbet krimteknikere p\u00e5 stedet i timevis.  Foto: Mats Engfors\/TT \/ TT Nyhetsbyr\u00e5n \/ NTB<\/p>\n<p class=\"_paragraph_o9xde_4 _paragraph_xtcu6_10 layout-component text-serif-m layout-normal text-serif-m layout-padded\">\u2013 Jeg skj\u00f8nte at han kunne v\u00e6re farlig for seg selv eller andre, sier hun i et intervju med lokalavisen <a href=\"https:\/\/www.nsd.se\/nyheter\/boden\/artikel\/22-aringens-mamma-jag-insag-att-han-kan-vara-farlig\/lzz489zl\" class=\"_link_o9xde_39\" rel=\"nofollow noopener\" target=\"_blank\">NSD<\/a>.<\/p>\n<p class=\"_paragraph_o9xde_4 _paragraph_xtcu6_10 layout-component text-serif-m layout-normal text-serif-m layout-padded\">S\u00f8nnen har slitt med psykiske problemer siden ten\u00e5rene, if\u00f8lge moren. <\/p>\n<p class=\"_paragraph_o9xde_4 _paragraph_xtcu6_10 layout-component text-serif-m layout-normal text-serif-m layout-padded\">\u2013 Jeg var redd for ham en stund og begynte \u00e5 l\u00e5se soveromsd\u00f8ren da jeg sov, fordi jeg merket at han ikke var seg selv.<\/p>\n<p>\u2013 Skuffet over helsevesenet<\/p>\n<p class=\"_paragraph_o9xde_4 _paragraph_xtcu6_10 layout-component text-serif-m layout-normal text-serif-m layout-padded\">22-\u00e5ringen har v\u00e6rt innlagt p\u00e5 psykiatrisk sykehus flere ganger, skriver <a href=\"https:\/\/www.nsd.se\/nyheter\/boden\/artikel\/22-aringens-mamma-jag-insag-att-han-kan-vara-farlig\/lzz489zl\" class=\"_link_o9xde_39\" rel=\"nofollow noopener\" target=\"_blank\">NSD<\/a>. Han ble tvangsinnlagttvangsinnlagtTvangsinnleggelse er n\u00e5r en person blir innlagt p\u00e5 sykehus uten sitt samtykke, ofte fordi de anses som en fare for seg selv eller andre. s\u00e5 sent som 17. desember i \u00e5r.<\/p>\n<p class=\"_paragraph_o9xde_4 _paragraph_xtcu6_10 layout-component text-serif-m layout-normal text-serif-m layout-padded\">Til avisen sier moren at hun ble lettet. Hun h\u00e5pet innleggelsen kunne redde liv \u2013 enten s\u00f8nnens eget eller noen andres.<\/p>\n<p class=\"_paragraph_o9xde_4 _paragraph_xtcu6_10 layout-component text-serif-m layout-normal text-serif-m layout-padded\"><strong class=\"_strong_o9xde_25\">Dagen etter ble han imidlertid skrevet ut.<\/strong><\/p>\n<p class=\"_paragraph_o9xde_4 _paragraph_xtcu6_10 layout-component text-serif-m layout-normal text-serif-m layout-padded\">\u2013 Hvis han hadde f\u00e5tt riktig hjelp og v\u00e6rt innlagt over lengre tid, s\u00e5 hadde kanskje ikke dette skjedd. Jeg er skuffet over helsevesenet, sier moren til <a href=\"https:\/\/www.nsd.se\/nyheter\/boden\/artikel\/22-aringens-mamma-jag-insag-att-han-kan-vara-farlig\/lzz489zl\" class=\"_link_o9xde_39\" rel=\"nofollow noopener\" target=\"_blank\">NSD<\/a>.<\/p>\n<p>Aktiver kart<\/p>\n<p class=\"_paragraph_o9xde_4 _paragraph_xtcu6_10 layout-component text-serif-m layout-normal text-serif-m layout-padded\">If\u00f8lge <a href=\"https:\/\/www.aftonbladet.se\/nyheter\/a\/vrQn9w\/kvinna-dod-i-boden-misstankt-ihjalskjuten-av-polis\" class=\"_link_o9xde_39\" rel=\"nofollow noopener\" target=\"_blank\">Aftonbladet<\/a> skal 22-\u00e5ringen ha oppholdt seg i huset i timevis f\u00f8r han drepte den 55 \u00e5r gamle kvinnen med kniv.<\/p>\n<p class=\"_paragraph_o9xde_4 _paragraph_xtcu6_10 layout-component text-serif-m layout-normal text-serif-m layout-padded\">Avisen har beskrevet nabolaget som et rolig boligomr\u00e5de, hvor det stort sett bor pensjonister og sm\u00e5barnsfamilier.<\/p>\n<p class=\"_paragraph_o9xde_4 _paragraph_xtcu6_10 layout-component text-serif-m layout-normal text-serif-m layout-padded\">\u2013 Alle kjenner alle her, <a href=\"https:\/\/www.aftonbladet.se\/nyheter\/a\/vrQn9w\/kvinna-dod-i-boden-misstankt-ihjalskjuten-av-polis\" class=\"_link_o9xde_39\" rel=\"nofollow noopener\" target=\"_blank\">har en nabo sagt.<\/a><\/p>\n<p class=\"_paragraph_o9xde_4 _paragraph_xtcu6_10 layout-component text-serif-m layout-normal text-serif-m layout-padded\">Fredag var det satt ut stearinlys i sn\u00f8en foran \u00e5stedet.<\/p>\n<p>En av d\u00f8trene er avh\u00f8rt<\/p>\n<p class=\"_paragraph_o9xde_4 _paragraph_xtcu6_10 layout-component text-serif-m layout-normal text-serif-m layout-padded\">Kvinnens to ten\u00e5ringsd\u00f8tre, som ogs\u00e5 var hjemme, overlevde. Tilstanden deres er stabil, men de er fortsatt p\u00e5 sykehus.<\/p>\n<p class=\"_paragraph_o9xde_4 _paragraph_xtcu6_10 layout-component text-serif-m layout-normal text-serif-m layout-padded\">L\u00f8rdag opplyste politiet om at en av dem er avh\u00f8rt.<\/p>\n<p class=\"_paragraph_o9xde_4 _paragraph_xtcu6_10 layout-component text-serif-m layout-normal text-serif-m layout-padded\">\u2013 Hendelsesforl\u00f8pet begynner \u00e5 bli tydelig, men mye arbeid gjenst\u00e5r, skrev de i en oppdatering p\u00e5 <a href=\"https:\/\/polisen.se\/aktuellt\/handelser\/2025\/december\/25\/25-december-11.56-morddrap-boden\/\" class=\"_link_o9xde_39\" rel=\"nofollow noopener\" target=\"_blank\">nettsidene sine<\/a>.<\/p>\n<p class=\"_paragraph_o9xde_4 _paragraph_xtcu6_10 layout-component text-serif-m layout-normal text-serif-m layout-padded\"><strong class=\"_strong_o9xde_25\">Motivet for drapet er fortsatt ukjent. <\/strong><\/p>\n<p class=\"_paragraph_o9xde_4 _paragraph_xtcu6_10 layout-component text-serif-m layout-normal text-serif-m layout-padded\">Politiet er ikke kjent med om den mistenkte gjerningsmannen hadde noen relasjon til 55-\u00e5ringen \u2013 eller de andre p\u00e5 adressen. <\/p>\n<p><img alt=\"Politiet sperret av huset etter at de kom frem til stedet f\u00f8rste juledag.  Foto: Mats Engfors\/TT \/ NTB\" class=\"_image_qp4xg_65 layout-component layout-normal\" data-fullscreen- data-track-element-type=\"Article image fullscreen\" data-track-name=\"ImageFullscreen\" decoding=\"async\" loading=\"lazy\" height=\"3352\" itemprop=\"image\"  src=\"https:\/\/www.europesays.com\/no\/wp-content\/uploads\/2025\/12\/dbff3933-60aa-4e7a-aa6c-efacc46c1d59\"  style=\"object-position:0% 0%\" width=\"4864\"\/>Politiet sperret av huset etter at de kom frem til stedet f\u00f8rste juledag.  Foto: Mats Engfors\/TT \/ NTB<\/p>\n<p class=\"_paragraph_o9xde_4 _paragraph_xtcu6_10 layout-component text-serif-m layout-normal text-serif-m layout-padded\">Saken etterforskes som drap og drapsfors\u00f8k.<\/p>\n<p class=\"_paragraph_o9xde_4 _paragraph_xtcu6_10 layout-component text-serif-m layout-normal text-serif-m layout-padded\">Skuddvekslingen som oppsto under p\u00e5gripelsen etterforskes separat, noe som er rutinemessig n\u00e5r politiet avfyrer skudd.<\/p>\n","protected":false},"excerpt":{"rendered":"Moren l\u00e5ste soveroms\u00add\u00f8ren i frykt for s\u00f8nnen sin. N\u00e5 er han mistenkt for drap. Drapet skjedde i et&hellip;\n","protected":false},"author":2,"featured_media":123149,"comment_status":"","ping_status":"","sticky":false,"template":"","format":"standard","meta":{"footnotes":""},"categories":[12],"tags":[20,21,24,25,15,148,22,23,13,30,28,29,14,16,1359,26,27,42,46,43,44,45],"class_list":{"0":"post-123148","1":"post","2":"type-post","3":"status-publish","4":"format-standard","5":"has-post-thumbnail","7":"category-verden","8":"tag-breaking-news","9":"tag-breakingnews","10":"tag-featured-news","11":"tag-featurednews","12":"tag-headlines","13":"tag-kriminalitet","14":"tag-latest-news","15":"tag-latestnews","16":"tag-news","17":"tag-no","18":"tag-norge","19":"tag-norway","20":"tag-nyheter","21":"tag-overskrifter","22":"tag-sverige","23":"tag-top-stories","24":"tag-topstories","25":"tag-verden","26":"tag-vgai","27":"tag-world","28":"tag-world-news","29":"tag-worldnews"},"share_on_mastodon":{"url":"https:\/\/pubeurope.com\/@no\/115794421246739303","error":""},"_links":{"self":[{"href":"https:\/\/www.europesays.com\/no\/wp-json\/wp\/v2\/posts\/123148","targetHints":{"allow":["GET"]}}],"collection":[{"href":"https:\/\/www.europesays.com\/no\/wp-json\/wp\/v2\/posts"}],"about":[{"href":"https:\/\/www.europesays.com\/no\/wp-json\/wp\/v2\/types\/post"}],"author":[{"embeddable":true,"href":"https:\/\/www.europesays.com\/no\/wp-json\/wp\/v2\/users\/2"}],"replies":[{"embeddable":true,"href":"https:\/\/www.europesays.com\/no\/wp-json\/wp\/v2\/comments?post=123148"}],"version-history":[{"count":0,"href":"https:\/\/www.europesays.com\/no\/wp-json\/wp\/v2\/posts\/123148\/revisions"}],"wp:featuredmedia":[{"embeddable":true,"href":"https:\/\/www.europesays.com\/no\/wp-json\/wp\/v2\/media\/123149"}],"wp:attachment":[{"href":"https:\/\/www.europesays.com\/no\/wp-json\/wp\/v2\/media?parent=123148"}],"wp:term":[{"taxonomy":"category","embeddable":true,"href":"https:\/\/www.europesays.com\/no\/wp-json\/wp\/v2\/categories?post=123148"},{"taxonomy":"post_tag","embeddable":true,"href":"https:\/\/www.europesays.com\/no\/wp-json\/wp\/v2\/tags?post=123148"}],"curies":[{"name":"wp","href":"https:\/\/api.w.org\/{rel}","templated":true}]}}