{"id":123154,"date":"2025-12-28T00:53:18","date_gmt":"2025-12-28T00:53:18","guid":{"rendered":"https:\/\/www.europesays.com\/no\/123154\/"},"modified":"2025-12-28T00:53:18","modified_gmt":"2025-12-28T00:53:18","slug":"gavle-isak-sikret-250-000-trav-og-galopp-nytt","status":"publish","type":"post","link":"https:\/\/www.europesays.com\/no\/123154\/","title":{"rendered":"G\u00e4vle: Isak sikret 250.000 &#8211; Trav og Galopp-Nytt"},"content":{"rendered":"<ol>\n<li><a href=\"https:\/\/news.google.com\/rss\/articles\/CBMiYEFVX3lxTE1DbC1uTkx5WlFhbkpBYjJGRmkxdjBlTENla3BzdTV1bXdURVhHdmY4R0FxUm1raWh0cngwai13WlBMWnk2VU1BOUJqZml0ZGhzY3RoZ0xyQTI4VDYyUnR5dw?oc=5\" target=\"_blank\" rel=\"nofollow noopener\">G\u00e4vle: Isak sikret 250.000<\/a>&nbsp;&nbsp;Trav og Galopp-Nytt<\/li>\n<li><a href=\"https:\/\/news.google.com\/rss\/articles\/CBMijAFBVV95cUxQQ1FrVlFLUHItSWlCbmV4YTNpZFp3ZXdVN3RXTXNBNWVGcjF1QUg5a2dGWjJ0dmZ2YjUtN0hzWjViU0lHN1p2RVFEdkZzbXdnTzE0Z2Z3SThaZkZLUzlrbUU3UVVRYzdlWTNZUTdPNkhfVUFITHYwUzBXOW5oYURySVFpRzJPV0pDcTFzcw?oc=5\" target=\"_blank\" rel=\"nofollow noopener\">Kusketalentet med outsidere<\/a>&nbsp;&nbsp;Norsk Rikstoto<\/li>\n<li><a href=\"https:\/\/news.google.com\/rss\/articles\/CBMibEFVX3lxTE9jYUxFT1ZLdEhrRlFDRWFWNk03WGFUeExPTndVVV9IY05vXy1TdnpBQW9fbk5KU3NnUGp6M3dIdldPcThxRno0N3hrZWJSZ0I2eFVxOTZfRzl6bjZsN3RmVG9RdHFyU0pYRXhVTQ?oc=5\" target=\"_blank\" rel=\"nofollow noopener\">G\u00e4vle l\u00f8rdag: Ness Tjo Tyr jakter \u00e5rets tiende<\/a>&nbsp;&nbsp;Trav365.no<\/li>\n<li><a href=\"https:\/\/news.google.com\/rss\/articles\/CBMif0FVX3lxTE1FQUF5X2xtRUhkZjc4dFcwaFRxRU40dUI1OVp0dDN2ZnJnOFV6SUVXUktUN0VHOEd6R0R3Rk1qbEVFT2lVT2tBS3BIVGxDazRyVG9Sd205bFo2Qkc5YVBURDNSQWFGUUZGa3RYbVlnaU5KenBkTUtlOFZ2QnFaY2c?oc=5\" target=\"_blank\" rel=\"nofollow noopener\">Leverer toppl\u00f8p hver gang<\/a>&nbsp;&nbsp;Norsk Rikstoto<\/li>\n<li><a href=\"https:\/\/news.google.com\/rss\/articles\/CBMib0FVX3lxTFBZQTZzbGFoNG90aHctX3RuemVtdWtGeVFoakEzMG5KRjFlMjl4MDdUNWZieVlPeERsRER5OGlaSVB0cDRxVURTd3YzTy1ELUZnd0F3TVp2M1BPOVNMb1pmaWFGX2dGLXRING0zSlRCcw?oc=5\" target=\"_blank\" rel=\"nofollow noopener\">Dette skjer i dag: Norske p\u00e5 finalejakt i Sverige \/ og talent jakter \u00e5rets niende i Tr\u00f8ndelag<\/a>&nbsp;&nbsp;Trav og Galopp-Nytt<\/li>\n<\/ol>\n","protected":false},"excerpt":{"rendered":"G\u00e4vle: Isak sikret 250.000&nbsp;&nbsp;Trav og Galopp-Nytt Kusketalentet med outsidere&nbsp;&nbsp;Norsk Rikstoto G\u00e4vle l\u00f8rdag: Ness Tjo Tyr jakter \u00e5rets tiende&nbsp;&nbsp;Trav365.no&hellip;\n","protected":false},"author":2,"featured_media":123155,"comment_status":"","ping_status":"","sticky":false,"template":"","format":"standard","meta":{"footnotes":""},"categories":[59],"tags":[30,28,29,83,82],"class_list":{"0":"post-123154","1":"post","2":"type-post","3":"status-publish","4":"format-standard","5":"has-post-thumbnail","7":"category-sport","8":"tag-no","9":"tag-norge","10":"tag-norway","11":"tag-sport","12":"tag-sports"},"share_on_mastodon":{"url":"https:\/\/pubeurope.com\/@no\/115794464153715788","error":""},"_links":{"self":[{"href":"https:\/\/www.europesays.com\/no\/wp-json\/wp\/v2\/posts\/123154","targetHints":{"allow":["GET"]}}],"collection":[{"href":"https:\/\/www.europesays.com\/no\/wp-json\/wp\/v2\/posts"}],"about":[{"href":"https:\/\/www.europesays.com\/no\/wp-json\/wp\/v2\/types\/post"}],"author":[{"embeddable":true,"href":"https:\/\/www.europesays.com\/no\/wp-json\/wp\/v2\/users\/2"}],"replies":[{"embeddable":true,"href":"https:\/\/www.europesays.com\/no\/wp-json\/wp\/v2\/comments?post=123154"}],"version-history":[{"count":0,"href":"https:\/\/www.europesays.com\/no\/wp-json\/wp\/v2\/posts\/123154\/revisions"}],"wp:featuredmedia":[{"embeddable":true,"href":"https:\/\/www.europesays.com\/no\/wp-json\/wp\/v2\/media\/123155"}],"wp:attachment":[{"href":"https:\/\/www.europesays.com\/no\/wp-json\/wp\/v2\/media?parent=123154"}],"wp:term":[{"taxonomy":"category","embeddable":true,"href":"https:\/\/www.europesays.com\/no\/wp-json\/wp\/v2\/categories?post=123154"},{"taxonomy":"post_tag","embeddable":true,"href":"https:\/\/www.europesays.com\/no\/wp-json\/wp\/v2\/tags?post=123154"}],"curies":[{"name":"wp","href":"https:\/\/api.w.org\/{rel}","templated":true}]}}