{"id":123156,"date":"2025-12-28T00:56:07","date_gmt":"2025-12-28T00:56:07","guid":{"rendered":"https:\/\/www.europesays.com\/no\/123156\/"},"modified":"2025-12-28T00:56:07","modified_gmt":"2025-12-28T00:56:07","slug":"google-apple-alle-bruker-nettleserne-jon-von-tetzchner-slar-alarm","status":"publish","type":"post","link":"https:\/\/www.europesays.com\/no\/123156\/","title":{"rendered":"Google, Apple | \u00abAlle\u00bb bruker nettleserne: Jon von Tetzchner sl\u00e5r alarm"},"content":{"rendered":"\n<p>\u2013 KI er p\u00e5 full vei inn, men jeg tror ikke de fleste vil ha det, sier gr\u00fcnder Jon von Tetzchner.<\/p>\n<p>Han var med \u00e5 starte den suksessrike norske nettleseren Opera p\u00e5 90-tallet. Investorer fra hele verden ble interessert.<\/p>\n<p><b>Les her: <a href=\"https:\/\/www.nettavisen.no\/nyheter\/epstein-filene-jeffrey-epstein-var-interessert-i-opera-software\/s\/5-95-2792962\" rel=\"Follow nofollow noopener\" target=\"_blank\">Epstein var interessert i norsk gullgruve<\/a><\/b><\/p>\n<p>Tetzchner gikk ut av selskapet i 2010 og flyttet til USA. Henvendelsene str\u00f8mmet likevel inn, forteller han.<\/p>\n<p>\u2013 Jeg hadde ikke tenkt til \u00e5 drive med nettlesere lenger, men Opera gikk i en annen retning og mange likte ikke det. Da ble jeg spurt om jeg kunne gj\u00f8re noe med det. Det kunne jeg ikke. Da bestemte jeg meg for \u00e5 lage en ny nettleser, Vivaldi, sier han.<\/p>\n<p><b>Les ogs\u00e5: <a class=\"simple-relation related-teaser article--c-eRUmMG article--c-eRUmMG-fZoQSp-design-nettavisen article--c-eRUmMG-gwthdJ-cv\" href=\"https:\/\/www.nettavisen.no\/lanserer-hjemmesikkerhet-uten-abonnement\/s\/5-95-2789060\" rel=\"nofollow noopener\" target=\"_blank\">Lanserer hjemmesikkerhet uten abonnement<\/a><\/b><\/p>\n<p>\u2013 B\u00f8r v\u00e6re ulovlig<\/p>\n<p>Mens de store selskapene som Google og Apple henter data kontinuerlig fra deg for \u00e5 selge videre, skal ikke Vilvaldi hente inn data og selge til eksterne akt\u00f8rer. KI er heller ikke integrert i nettleseren.<\/p>\n<p>\u2013 Vi lager en nettleser basert p\u00e5 hva folk vil ha. Veldig mange skal monitorere det brukeren gj\u00f8r hele tiden. Alle de st\u00f8rre nettleserne g\u00e5r i den retningen. Da er sp\u00f8rsm\u00e5let: Hvorfor dytter man p\u00e5 brukerne ting de ikke vil ha?<\/p>\n<p>Han mener de fleste hadde foretrukket at det de s\u00f8ker etter p\u00e5 nettet ikke brukes til markedsf\u00f8ring og salg.<\/p>\n<p>\u2013 Tanken er at du skal f\u00e5 bedre reklame, men de fleste liker det ikke og synes det er ubehagelig at reklamen baserer seg p\u00e5 hvem du er. Den type profilering av brukeren b\u00f8r v\u00e6re ulovlig. Det er ikke naturlig at selskaper skal drive med overv\u00e5kning.<\/p>\n<p><b>Les ogs\u00e5: <a class=\"simple-relation related-teaser article--c-eRUmMG article--c-eRUmMG-fZoQSp-design-nettavisen article--c-eRUmMG-gwthdJ-cv\" href=\"https:\/\/www.nettavisen.no\/dobbel-kjempesmell-for-elbiler\/s\/5-95-2784390\" rel=\"nofollow noopener\" target=\"_blank\">Dobbel kjempesmell for elbiler<\/a><\/b><\/p>\n<p>\u2013 Splittelsen smitter over til Norge<\/p>\n<p>\u2013 Er det for sent \u00e5 snu? <\/p>\n<p>\u2013 Det blir vanskelig. Det har skjedd en endring i reklamemodellen. F\u00f8r fikk man reklamer p\u00e5 sidene du s\u00e5 p\u00e5, s\u00e5 ble det endret til at du f\u00e5r reklame for produkter du har sett p\u00e5 p\u00e5 andre sider. Det er absurd at man tillater den type overv\u00e5kning.<\/p>\n<p>Tetzchner beskriver det som et samfunnsproblem som b\u00f8r reguleres.<\/p>\n<p>\u2013 Det muliggj\u00f8r et system der vi kan bli manipulert, enten til \u00e5 kj\u00f8pe ting eller til politiske form\u00e5l.<\/p>\n<p>En del av problemstillingen er polarisering og at brukere kan bli fanget i ekkokamre.<\/p>\n<p>\u2013 Det er veldig synlig i USA og holder p\u00e5 \u00e5 bli veldig synlig i Norge. Folk blir dratt inn i alternative virkeligheter. Den splittelsen vi ser i USA, smitter ogs\u00e5 over til Norge.<\/p>\n<p><b>Les ogs\u00e5: <a class=\"simple-relation related-teaser article--c-eRUmMG article--c-eRUmMG-fZoQSp-design-nettavisen article--c-eRUmMG-gwthdJ-cv\" href=\"https:\/\/www.nettavisen.no\/christine-har-milliarder-klare-til-norske-gr-ndere-men-frykter-norsk-skatt\/s\/5-95-2778075\" rel=\"nofollow noopener\" target=\"_blank\">Christine har milliarder klare til norske gr\u00fcndere \u2013 men frykter norsk skatt<\/a><\/b><\/p>\n<p>\u2013 Vil komme seg unna \u00abBig Tech\u00bb<\/p>\n<p>Vivaldi har i dag over 3,8 millioner brukere, flest i Europa.<\/p>\n<p>Gr\u00fcnderen ser p\u00e5 Vivaldi som den nye norske nettleseren. Veksten g\u00e5r s\u00e5 det suser, forteller han og viser til blant annet en dobling i Norge og Danmark.<\/p>\n<p>\u2013 Mange ser etter europeiske alternativer og vil komme seg unna \u00abBig Tech\u00bb.<\/p>\n<p>\u2013 Hvordan tjener dere penger? <\/p>\n<p>\u2013 Vi har ikke den type problemstillingen. Selskapet eies av ansatte, jeg finansierer selskapet. Vi har ikke et \u00f8nske om \u00e5 g\u00e5 p\u00e5 b\u00f8rs. Fokuset hos oss er p\u00e5 hva brukeren vil ha. Vi tjener penger gjennom avtaler med andre s\u00f8kemotorer og noen bokmerker i nettleseren, sier han.<\/p>\n","protected":false},"excerpt":{"rendered":"\u2013 KI er p\u00e5 full vei inn, men jeg tror ikke de fleste vil ha det, sier gr\u00fcnder&hellip;\n","protected":false},"author":2,"featured_media":123157,"comment_status":"","ping_status":"","sticky":false,"template":"","format":"standard","meta":{"footnotes":""},"categories":[56],"tags":[60,61,62,30,28,29],"class_list":{"0":"post-123156","1":"post","2":"type-post","3":"status-publish","4":"format-standard","5":"has-post-thumbnail","7":"category-naeringsliv","8":"tag-business","9":"tag-economy","10":"tag-naeringsliv","11":"tag-no","12":"tag-norge","13":"tag-norway"},"share_on_mastodon":{"url":"https:\/\/pubeurope.com\/@no\/115794476034855684","error":""},"_links":{"self":[{"href":"https:\/\/www.europesays.com\/no\/wp-json\/wp\/v2\/posts\/123156","targetHints":{"allow":["GET"]}}],"collection":[{"href":"https:\/\/www.europesays.com\/no\/wp-json\/wp\/v2\/posts"}],"about":[{"href":"https:\/\/www.europesays.com\/no\/wp-json\/wp\/v2\/types\/post"}],"author":[{"embeddable":true,"href":"https:\/\/www.europesays.com\/no\/wp-json\/wp\/v2\/users\/2"}],"replies":[{"embeddable":true,"href":"https:\/\/www.europesays.com\/no\/wp-json\/wp\/v2\/comments?post=123156"}],"version-history":[{"count":0,"href":"https:\/\/www.europesays.com\/no\/wp-json\/wp\/v2\/posts\/123156\/revisions"}],"wp:featuredmedia":[{"embeddable":true,"href":"https:\/\/www.europesays.com\/no\/wp-json\/wp\/v2\/media\/123157"}],"wp:attachment":[{"href":"https:\/\/www.europesays.com\/no\/wp-json\/wp\/v2\/media?parent=123156"}],"wp:term":[{"taxonomy":"category","embeddable":true,"href":"https:\/\/www.europesays.com\/no\/wp-json\/wp\/v2\/categories?post=123156"},{"taxonomy":"post_tag","embeddable":true,"href":"https:\/\/www.europesays.com\/no\/wp-json\/wp\/v2\/tags?post=123156"}],"curies":[{"name":"wp","href":"https:\/\/api.w.org\/{rel}","templated":true}]}}