{"id":123158,"date":"2025-12-28T00:57:16","date_gmt":"2025-12-28T00:57:16","guid":{"rendered":"https:\/\/www.europesays.com\/no\/123158\/"},"modified":"2025-12-28T00:57:16","modified_gmt":"2025-12-28T00:57:16","slug":"det-har-alltid-vaert-et-jodisk-naervaer-i-palestina","status":"publish","type":"post","link":"https:\/\/www.europesays.com\/no\/123158\/","title":{"rendered":"Det har alltid v\u00e6rt et j\u00f8disk n\u00e6rv\u00e6r i Palestina"},"content":{"rendered":"<p class=\"kicker font-weight-bold m-font-weight-bold\" style=\"\">| Debatt<\/p>\n<p>\n        SAFED: J\u00f8der har levd kontinuerlig i byer som Jerusalem, Hebron, Safed og Tiberias ogs\u00e5 under muslimsk styre.<br \/>\n        Dan Balilty \/ AP \/ NTB\n    <\/p>\n<p>Debatten om Israel og Palestina preges ofte av en paradoksal kombinasjon av h\u00f8y moralsk temperatur og lav analytisk b\u00e6reevne. Det skyldes ikke mangel p\u00e5 kunnskap, men at enkeltmomenter \u2013 historiske, juridiske eller tekstn\u00e6re \u2013 l\u00f8ftes frem som om de alene kan forklare en konflikt som i realiteten er lagdelt, normativt sammensatt og sivilisatorisk dypt forankret.<\/p>\n<p>Shoaib Mohammad Sultan har rett i at <a href=\"https:\/\/www.dagen.no\/meninger\/hvem-har-egentlig-rett-til-palestina\/1527789\" rel=\"nofollow noopener\" target=\"_blank\">verken San Remo-konferansen eller mandattekstene eksplisitt vedtok en j\u00f8disk stat<\/a>. Ordlyden taler om et \u00abnasjonalt hjem\u00bb, ikke om suverenitet, grenser eller statsdannelse. Denne presiseringen er korrekt. Problemet oppst\u00e5r n\u00e5r tekstn\u00e6r korrekthet behandles som tilstrekkelig historisk og rettslig forklaring.\u00a0<\/p>\n<p>Mandatsystemet var ikke ment som en endelig l\u00f8sning, men som en overgangsordning i en verden der imperier br\u00f8t sammen og kollektive rettigheter ble formulert p\u00e5 nytt. \u00c5 lese disse dokumentene l\u00f8srevet fra sin funksjon og praksis, er \u00e5 gj\u00f8re dem mindre \u2013 ikke mer \u2013 presise.<\/p>\n","protected":false},"excerpt":{"rendered":"| Debatt SAFED: J\u00f8der har levd kontinuerlig i byer som Jerusalem, Hebron, Safed og Tiberias ogs\u00e5 under muslimsk&hellip;\n","protected":false},"author":2,"featured_media":123159,"comment_status":"","ping_status":"","sticky":false,"template":"","format":"standard","meta":{"footnotes":""},"categories":[12],"tags":[20,21,24,25,15,22,23,13,30,28,29,14,16,26,27,42,43,44,45],"class_list":{"0":"post-123158","1":"post","2":"type-post","3":"status-publish","4":"format-standard","5":"has-post-thumbnail","7":"category-verden","8":"tag-breaking-news","9":"tag-breakingnews","10":"tag-featured-news","11":"tag-featurednews","12":"tag-headlines","13":"tag-latest-news","14":"tag-latestnews","15":"tag-news","16":"tag-no","17":"tag-norge","18":"tag-norway","19":"tag-nyheter","20":"tag-overskrifter","21":"tag-top-stories","22":"tag-topstories","23":"tag-verden","24":"tag-world","25":"tag-world-news","26":"tag-worldnews"},"share_on_mastodon":{"url":"https:\/\/pubeurope.com\/@no\/115794479899048542","error":""},"_links":{"self":[{"href":"https:\/\/www.europesays.com\/no\/wp-json\/wp\/v2\/posts\/123158","targetHints":{"allow":["GET"]}}],"collection":[{"href":"https:\/\/www.europesays.com\/no\/wp-json\/wp\/v2\/posts"}],"about":[{"href":"https:\/\/www.europesays.com\/no\/wp-json\/wp\/v2\/types\/post"}],"author":[{"embeddable":true,"href":"https:\/\/www.europesays.com\/no\/wp-json\/wp\/v2\/users\/2"}],"replies":[{"embeddable":true,"href":"https:\/\/www.europesays.com\/no\/wp-json\/wp\/v2\/comments?post=123158"}],"version-history":[{"count":0,"href":"https:\/\/www.europesays.com\/no\/wp-json\/wp\/v2\/posts\/123158\/revisions"}],"wp:featuredmedia":[{"embeddable":true,"href":"https:\/\/www.europesays.com\/no\/wp-json\/wp\/v2\/media\/123159"}],"wp:attachment":[{"href":"https:\/\/www.europesays.com\/no\/wp-json\/wp\/v2\/media?parent=123158"}],"wp:term":[{"taxonomy":"category","embeddable":true,"href":"https:\/\/www.europesays.com\/no\/wp-json\/wp\/v2\/categories?post=123158"},{"taxonomy":"post_tag","embeddable":true,"href":"https:\/\/www.europesays.com\/no\/wp-json\/wp\/v2\/tags?post=123158"}],"curies":[{"name":"wp","href":"https:\/\/api.w.org\/{rel}","templated":true}]}}