{"id":123160,"date":"2025-12-28T01:09:13","date_gmt":"2025-12-28T01:09:13","guid":{"rendered":"https:\/\/www.europesays.com\/no\/123160\/"},"modified":"2025-12-28T01:09:13","modified_gmt":"2025-12-28T01:09:13","slug":"gar-alt-etter-planen-vil-vi-fa-rettet-disse-feilene-i-kveld-natt","status":"publish","type":"post","link":"https:\/\/www.europesays.com\/no\/123160\/","title":{"rendered":"\u2013 G\u00e5r alt etter planen, vil vi f\u00e5 rettet disse feilene i kveld\/natt"},"content":{"rendered":"<p>97 kunder er fortsatt uten str\u00f8m p\u00e5 \u00c5se i And\u00f8y etter l\u00f8rdagens uv\u00e6r.<\/p>\n<p>Noranett skriver i en oppdatering klokken 21 at de har sju h\u00f8yspentfeil i sitt omr\u00e5de. Disse er i And\u00f8y (\u00c5se), Bogen\/\u00d8stervik\/Forra\/Snubba, Skoddeberg, S\u00f8r-Lavangen, Bremnes, Bjark\u00f8y og p\u00e5 Tjeld\u00f8ya.<\/p>\n<p>\u2013 G\u00e5r alt etter planen, vil vi f\u00e5 rettet disse feilene i kveld\/natt, skriver de.<\/p>\n<p>De opplyser ogs\u00e5 at de har feil i str\u00f8mstanskartet sitt, og at utfallet p\u00e5 Tjeld\u00f8ya, samt noen mindre utfall ikke vises, men at de er registrert og jobbes med utbedring.<\/p>\n<p>Noranett skriver at de reparerer feil n\u00e5r v\u00e6ret tillater det og at feilretting prioriteres etter f\u00f8lgende rekkef\u00f8lge:<\/p>\n<ol class=\"List\">\n<li>\n<p>Ved str\u00f8mbrudd i store omr\u00e5der med mange kunder<\/p>\n<\/li>\n<li>\n<p>Samfunnskritiske funksjoner<\/p>\n<\/li>\n<li>\n<p>Mindre feil som skaper farlige situasjoner<\/p>\n<\/li>\n<li>\n<p>Feil som rammer f\u00e5 kunder<\/p>\n<\/li>\n<li>\n<p>Enkeltkunder<\/p>\n<\/li>\n<\/ol>\n<p>\u2013 Dette betyr at enkeltkunder m\u00e5 belage seg p\u00e5 litt mer ventetid. Disse starter vi retting av i morgen, opplyser Noranett.<\/p>\n","protected":false},"excerpt":{"rendered":"97 kunder er fortsatt uten str\u00f8m p\u00e5 \u00c5se i And\u00f8y etter l\u00f8rdagens uv\u00e6r. Noranett skriver i en oppdatering&hellip;\n","protected":false},"author":2,"featured_media":123161,"comment_status":"","ping_status":"","sticky":false,"template":"","format":"standard","meta":{"footnotes":""},"categories":[10],"tags":[20,21,24,25,15,22,23,13,30,14584,28,29,14,16,26,27],"class_list":{"0":"post-123160","1":"post","2":"type-post","3":"status-publish","4":"format-standard","5":"has-post-thumbnail","7":"category-norge","8":"tag-breaking-news","9":"tag-breakingnews","10":"tag-featured-news","11":"tag-featurednews","12":"tag-headlines","13":"tag-latest-news","14":"tag-latestnews","15":"tag-news","16":"tag-no","17":"tag-noranett","18":"tag-norge","19":"tag-norway","20":"tag-nyheter","21":"tag-overskrifter","22":"tag-top-stories","23":"tag-topstories"},"share_on_mastodon":{"url":"https:\/\/pubeurope.com\/@no\/115794527037569799","error":""},"_links":{"self":[{"href":"https:\/\/www.europesays.com\/no\/wp-json\/wp\/v2\/posts\/123160","targetHints":{"allow":["GET"]}}],"collection":[{"href":"https:\/\/www.europesays.com\/no\/wp-json\/wp\/v2\/posts"}],"about":[{"href":"https:\/\/www.europesays.com\/no\/wp-json\/wp\/v2\/types\/post"}],"author":[{"embeddable":true,"href":"https:\/\/www.europesays.com\/no\/wp-json\/wp\/v2\/users\/2"}],"replies":[{"embeddable":true,"href":"https:\/\/www.europesays.com\/no\/wp-json\/wp\/v2\/comments?post=123160"}],"version-history":[{"count":0,"href":"https:\/\/www.europesays.com\/no\/wp-json\/wp\/v2\/posts\/123160\/revisions"}],"wp:featuredmedia":[{"embeddable":true,"href":"https:\/\/www.europesays.com\/no\/wp-json\/wp\/v2\/media\/123161"}],"wp:attachment":[{"href":"https:\/\/www.europesays.com\/no\/wp-json\/wp\/v2\/media?parent=123160"}],"wp:term":[{"taxonomy":"category","embeddable":true,"href":"https:\/\/www.europesays.com\/no\/wp-json\/wp\/v2\/categories?post=123160"},{"taxonomy":"post_tag","embeddable":true,"href":"https:\/\/www.europesays.com\/no\/wp-json\/wp\/v2\/tags?post=123160"}],"curies":[{"name":"wp","href":"https:\/\/api.w.org\/{rel}","templated":true}]}}