{"id":123167,"date":"2025-12-28T02:14:13","date_gmt":"2025-12-28T02:14:13","guid":{"rendered":"https:\/\/www.europesays.com\/no\/123167\/"},"modified":"2025-12-28T02:14:13","modified_gmt":"2025-12-28T02:14:13","slug":"derfor-skal-donald-trump-og-volodymyr-zelenskyj-motes","status":"publish","type":"post","link":"https:\/\/www.europesays.com\/no\/123167\/","title":{"rendered":"Derfor skal Donald Trump og Volodymyr Zelenskyj m\u00f8tes"},"content":{"rendered":"\n<p class=\"_lead_o9xde_2 _lead_xtcu6_50 layout-component text-serif-m layout-normal text-serif-l layout-component layout-wide layout-padded _wide_17hqh_1 layout-padded\">Donald Trump og Volodymyr Zelenskyj skal m\u00f8tes for f\u00f8rste gang etter Ukrainas forslag til en revidert fredsplan.<\/p>\n<p><img alt=\" Foto: SAUL LOEB \/ AFP\" class=\"_image_qp4xg_65 layout-component layout-wide\" data-fullscreen- data-track-element-type=\"Article image fullscreen\" data-track-name=\"ImageFullscreen\" fetchpriority=\"high\" decoding=\"sync\" loading=\"eager\" height=\"5504\" itemprop=\"image\"  src=\"https:\/\/www.europesays.com\/no\/wp-content\/uploads\/2025\/12\/f856c9d8-e88e-4842-91cf-17c6889d33c7\"  style=\"object-position:0% 0%\" width=\"8256\"\/> Foto: SAUL LOEB \/ AFP<\/p>\n<ul aria-hidden=\"true\" class=\"_images_ntbth_112\">\n<li><a class=\"_link_ntbth_117\" href=\"https:\/\/www.vg.no\/forfatter\/eline-hauger\" style=\"z-index:1\" title=\"Eline Hauger\" rel=\"nofollow noopener\" target=\"_blank\"><img alt=\"Bilde av Eline Hauger\" class=\"_image_ntbth_93\" fetchpriority=\"low\" loading=\"lazy\" decoding=\"async\" itemprop=\"image\"  src=\"https:\/\/www.europesays.com\/no\/wp-content\/uploads\/2025\/12\/1766888051_692_3dd290e1-4a44-4b56-a5ad-64fb323cd6ac\"  width=\"480\"\/><\/a><\/li>\n<\/ul>\n<p> Oppdatert s\u00f8ndag 28. desember kl. 00:33     <\/p>\n<p class=\"_paragraph_o9xde_4 _paragraph_xtcu6_10 layout-component text-serif-m layout-normal text-serif-m layout-padded\">S\u00f8ndag er det duket for et nytt m\u00f8te mellom Ukrainas president Volodymyr Zelenskyj og USAs president Donald Trump. <\/p>\n<p class=\"_paragraph_o9xde_4 _paragraph_xtcu6_10 layout-component text-serif-m layout-normal text-serif-m layout-padded\">Denne gangen p\u00e5 sistnevntes eiendom Mar-a-Lago i Florida.<\/p>\n<p class=\"_paragraph_o9xde_4 _paragraph_xtcu6_10 layout-component text-serif-m layout-normal text-serif-m layout-padded\">Sammen skal de diskutere det nye forslaget for en fredsplan mellom Ukraina og Russland. <\/p>\n<p class=\"_paragraph_o9xde_4 _paragraph_xtcu6_10 layout-component text-serif-m layout-normal text-serif-m layout-padded\">\u2013 Mye kan bli avgjort f\u00f8r nytt\u00e5r, skrev Zelenskyj p\u00e5 sosiale medier fredag morgen. <\/p>\n<p class=\"_paragraph_o9xde_4 _paragraph_xtcu6_10 layout-component text-serif-m layout-normal text-serif-m layout-padded\">Forhandlingsteamet har ikke klart \u00e5 komme til enighet om en plan for langsiktige territorielle sp\u00f8rsm\u00e5l, noe som skal v\u00e6re bakgrunnen for m\u00f8tet.<\/p>\n<p> Fikk sterk kritikk<\/p>\n<p class=\"_paragraph_o9xde_4 _paragraph_xtcu6_10 layout-component text-serif-m layout-normal text-serif-m layout-padded\">Da USAs f\u00f8rsteutkast til en fredsplan ble lagt frem. var ikke Ukraina involvert i utarbeidelsen. Den 19. desember ble et forslag p\u00e5 28 punkter lagt p\u00e5 bordet.<\/p>\n<p class=\"_paragraph_o9xde_4 _paragraph_xtcu6_10 layout-component text-serif-m layout-normal text-serif-m layout-padded\">Kritikken haglet s\u00e5 fort det ble kjent hva planen skulle inneb\u00e6re.<\/p>\n<p class=\"_paragraph_o9xde_4 _paragraph_xtcu6_10 layout-component text-serif-m layout-normal text-serif-m layout-padded\">USA skal blant annet ha foresl\u00e5tt at Ukraina skulle trekke seg ut av Donetsk og at Donbas-regionen skulle anerkjennes som russisk. <\/p>\n<p class=\"_paragraph_o9xde_4 _paragraph_xtcu6_10 layout-component text-serif-m layout-normal text-serif-m layout-padded\">De skal ogs\u00e5 ha foresl\u00e5tt at Krim-halv\u00f8ya skulle anerkjennes som russisk og at Ukraina skulle redusere h\u00e6ren sin og gi slipp p\u00e5 raketter og missiler. <\/p>\n<p>Foresl\u00e5r \u00e5 fjerne dette<\/p>\n<p class=\"_paragraph_o9xde_4 _paragraph_xtcu6_10 layout-component text-serif-m layout-normal text-serif-m layout-padded\">Denne uken la Zelenskyj frem et revidert forslag p\u00e5 20 punkter. <\/p>\n<p class=\"_paragraph_o9xde_4 _paragraph_xtcu6_10 layout-component text-serif-m layout-normal text-serif-m layout-padded\">Det originale forslaget om \u00e5 grunnlovsfeste at Ukraina aldri skal bli Nato-medlem, er blant punktene som er skrotet. <\/p>\n<p class=\"_paragraph_o9xde_4 _paragraph_xtcu6_10 layout-component text-serif-m layout-normal text-serif-m layout-padded\">Russlands viseutenriksminister Sergej Rjabkov mener Ukraina har gjort \u00abradikale endringer\u00bb i den reviderte planen.<\/p>\n<p class=\"_paragraph_o9xde_4 _paragraph_xtcu6_10 layout-component text-serif-m layout-normal text-serif-m layout-padded\">\u2013 Uten en passende l\u00f8sning p\u00e5 problemene som ligger til grunn for denne krisen, vil det v\u00e6re umulig \u00e5 oppn\u00e5 en endelig avtale, sier Rjabkov.<\/p>\n<p class=\"_paragraph_o9xde_4 _paragraph_xtcu6_10 layout-component text-serif-m layout-normal text-serif-m layout-padded\">Zelenskyj hevder det er oppn\u00e5dd enighet om 90 prosent av fredsplanen som n\u00e5 ligger p\u00e5 bordet. <\/p>\n<p class=\"_paragraph_o9xde_4 _paragraph_xtcu6_10 layout-component text-serif-m layout-normal text-serif-m layout-padded\">Punktene som st\u00e5r igjen, er likevel sentrale. <\/p>\n<p>Uenig om sentrale punkter<\/p>\n<p class=\"_paragraph_o9xde_4 _paragraph_xtcu6_10 layout-component text-serif-m layout-normal text-serif-m layout-padded\">For de ukrainske og amerikanske forhandlingsteamene har ikke lyktes med \u00e5 komme til enighet om langsiktige territorielle sp\u00f8rsm\u00e5l.<\/p>\n<p class=\"_paragraph_o9xde_4 _paragraph_xtcu6_10 layout-component text-serif-m layout-normal text-serif-m layout-padded\">Det er nettopp dette Zelenskyj vil diskutere.<\/p>\n<p class=\"_paragraph_o9xde_4 _paragraph_xtcu6_10 layout-component text-serif-m layout-normal text-serif-m layout-padded\">\u2013 Vi er klare for et m\u00f8te med USA p\u00e5 lederniv\u00e5 for \u00e5 ta opp sensitive sp\u00f8rsm\u00e5l, uttalte Zelenskyj under presentasjonen av det nye forslaget.<\/p>\n<p class=\"_paragraph_o9xde_4 _paragraph_xtcu6_10 layout-component text-serif-m layout-normal text-serif-m layout-padded\">Omr\u00e5dene det dreier seg om, er if\u00f8lge presidenten Donetsk Oblast og atomkraftverket i Zaporizjzja.<\/p>\n<p><img alt=\"Her m\u00f8ttes Donald Trump og Volodymyr Zelenskyj i Det hvite hus tilbake i oktober.  Foto: TOM BRENNER \/ AFP\" class=\"_image_qp4xg_65 layout-component layout-normal\" data-fullscreen- data-track-element-type=\"Article image fullscreen\" data-track-name=\"ImageFullscreen\" decoding=\"async\" loading=\"lazy\" height=\"3668\" itemprop=\"image\"  src=\"https:\/\/www.europesays.com\/no\/wp-content\/uploads\/2025\/12\/ef28ebd4-f862-4523-a184-107cf9f303b8\"  style=\"object-position:0% 0%\" width=\"5502\"\/>Her m\u00f8ttes Donald Trump og Volodymyr Zelenskyj i Det hvite hus tilbake i oktober.  Foto: TOM BRENNER \/ AFPEuropas st\u00f8rste atomkraftverk<\/p>\n<p class=\"_paragraph_o9xde_4 _paragraph_xtcu6_10 layout-component text-serif-m layout-normal text-serif-m layout-padded\">If\u00f8lge <a href=\"https:\/\/www.bbc.com\/news\/articles\/cr4d99p63y4o\" class=\"_link_o9xde_39\" rel=\"nofollow noopener\" target=\"_blank\">BBC<\/a> kontrollerer russerne omtrent 75 prosent av Donetsk Oblast. <\/p>\n<p class=\"_paragraph_o9xde_4 _paragraph_xtcu6_10 layout-component text-serif-m layout-normal text-serif-m layout-padded\">Tidligere denne m\u00e5neden uttalte president Vladimir Putin if\u00f8lge det russiske nyhetsbyr\u00e5et Ria at Russland vil ta kontroll over hele omr\u00e5det enten med milit\u00e6re midler eller p\u00e5 andre m\u00e5ter. <\/p>\n<p class=\"_paragraph_o9xde_4 _paragraph_xtcu6_10 layout-component text-serif-m layout-normal text-serif-m layout-padded\">Zaporizjzja er Europas st\u00f8rste atomkraftverk. Det ligger p\u00e5 et territorium som Russland har kontroll over milit\u00e6rt, men som Ukraina fortsatt krever kontroll over. <\/p>\n<p>10 timer langt droneangrep<\/p>\n<p class=\"_paragraph_o9xde_4 _paragraph_xtcu6_10 layout-component text-serif-m layout-normal text-serif-m layout-padded\">Det nye forslaget kom bare noen dager f\u00f8r Russland natt til l\u00f8rdag utf\u00f8rte et av det som omtales som \u00e5rets lengste angrep p\u00e5 Ukraina.<\/p>\n<p class=\"_paragraph_o9xde_4 _paragraph_xtcu6_10 layout-component text-serif-m layout-normal text-serif-m layout-padded\">I til sammen nesten ti timer, skal Russland if\u00f8lge <a href=\"https:\/\/edition.cnn.com\/2025\/12\/26\/europe\/zelensky-trump-talks-ukraine-russia-intl\" class=\"_link_o9xde_39\" rel=\"nofollow noopener\" target=\"_blank\">CNN<\/a> ha utf\u00f8rt massive luftangrep mot Kyiv-regionen.<\/p>\n<p class=\"_paragraph_o9xde_4 _paragraph_xtcu6_10 layout-component text-serif-m layout-normal text-serif-m layout-padded\">Angrepene drepte minst to personer og skadet 44, inkludert to barn, if\u00f8lge ukrainske myndigheter. <\/p>\n<p><img alt=\"Foto: SERGEY DOLZHENKO \/ EPA\" class=\"_image_qp4xg_65 layout-component layout-normal\" data-fullscreen- data-track-element-type=\"Article image fullscreen\" data-track-name=\"ImageFullscreen\" decoding=\"async\" loading=\"lazy\" height=\"3466\" itemprop=\"image\"  src=\"https:\/\/www.europesays.com\/no\/wp-content\/uploads\/2025\/12\/9257b9a3-c270-48e5-860c-0aa2fa435833\"  style=\"object-position:0% 0%\" width=\"5032\"\/>Foto: SERGEY DOLZHENKO \/ EPA<\/p>\n<p class=\"_paragraph_o9xde_4 _paragraph_xtcu6_10 layout-component text-serif-m layout-normal text-serif-m layout-padded\">L\u00f8rdag kveld opplyste det ukrainske str\u00f8mselskapet DTEK at over en million husstander er uten str\u00f8m i Kyiv som f\u00f8lge av angrepene.<\/p>\n<p class=\"_paragraph_o9xde_4 _paragraph_xtcu6_10 layout-component text-serif-m layout-normal text-serif-m layout-padded\">De neste dagene melder meteorologene om minusgrader og sn\u00f8 i hovedstaden.<\/p>\n<p class=\"_paragraph_o9xde_4 _paragraph_xtcu6_10 layout-component text-serif-m layout-normal text-serif-m layout-padded\">If\u00f8lge visestatsminister Oleksij Kuleba er mer enn 40 prosent av boligblokkene i Kyiv n\u00e5 uten oppvarming. <\/p>\n","protected":false},"excerpt":{"rendered":"Donald Trump og Volodymyr Zelenskyj skal m\u00f8tes for f\u00f8rste gang etter Ukrainas forslag til en revidert fredsplan. Foto:&hellip;\n","protected":false},"author":2,"featured_media":123168,"comment_status":"","ping_status":"","sticky":false,"template":"","format":"standard","meta":{"footnotes":""},"categories":[5],"tags":[20,21,55,24,25,15,19,179,22,23,17,18,13,30,28,29,14,16,26,27,488],"class_list":{"0":"post-123167","1":"post","2":"type-post","3":"status-publish","4":"format-standard","5":"has-post-thumbnail","7":"category-overskrifter","8":"tag-breaking-news","9":"tag-breakingnews","10":"tag-donald-trump","11":"tag-featured-news","12":"tag-featurednews","13":"tag-headlines","14":"tag-hovedoppslag","15":"tag-krigen-i-ukraina","16":"tag-latest-news","17":"tag-latestnews","18":"tag-main-news","19":"tag-mainnews","20":"tag-news","21":"tag-no","22":"tag-norge","23":"tag-norway","24":"tag-nyheter","25":"tag-overskrifter","26":"tag-top-stories","27":"tag-topstories","28":"tag-volodymyr-zelenskyj"},"share_on_mastodon":{"url":"https:\/\/pubeurope.com\/@no\/115794783260904161","error":""},"_links":{"self":[{"href":"https:\/\/www.europesays.com\/no\/wp-json\/wp\/v2\/posts\/123167","targetHints":{"allow":["GET"]}}],"collection":[{"href":"https:\/\/www.europesays.com\/no\/wp-json\/wp\/v2\/posts"}],"about":[{"href":"https:\/\/www.europesays.com\/no\/wp-json\/wp\/v2\/types\/post"}],"author":[{"embeddable":true,"href":"https:\/\/www.europesays.com\/no\/wp-json\/wp\/v2\/users\/2"}],"replies":[{"embeddable":true,"href":"https:\/\/www.europesays.com\/no\/wp-json\/wp\/v2\/comments?post=123167"}],"version-history":[{"count":0,"href":"https:\/\/www.europesays.com\/no\/wp-json\/wp\/v2\/posts\/123167\/revisions"}],"wp:featuredmedia":[{"embeddable":true,"href":"https:\/\/www.europesays.com\/no\/wp-json\/wp\/v2\/media\/123168"}],"wp:attachment":[{"href":"https:\/\/www.europesays.com\/no\/wp-json\/wp\/v2\/media?parent=123167"}],"wp:term":[{"taxonomy":"category","embeddable":true,"href":"https:\/\/www.europesays.com\/no\/wp-json\/wp\/v2\/categories?post=123167"},{"taxonomy":"post_tag","embeddable":true,"href":"https:\/\/www.europesays.com\/no\/wp-json\/wp\/v2\/tags?post=123167"}],"curies":[{"name":"wp","href":"https:\/\/api.w.org\/{rel}","templated":true}]}}