{"id":123169,"date":"2025-12-28T02:21:13","date_gmt":"2025-12-28T02:21:13","guid":{"rendered":"https:\/\/www.europesays.com\/no\/123169\/"},"modified":"2025-12-28T02:21:13","modified_gmt":"2025-12-28T02:21:13","slug":"strombrudd-siste-oppdatering-fra-noranett","status":"publish","type":"post","link":"https:\/\/www.europesays.com\/no\/123169\/","title":{"rendered":"Str\u00f8mbrudd: Siste oppdatering fra Noranett"},"content":{"rendered":"<p>Str\u00f8mstanskartet til Noranett viser at det fortsatt var utfordringer knyttet til Kv\u00e6fjord, Evenes og Tjeldsund ved midnatt. Det oppgis at 281 kunder var ber\u00f8rte ved midnatt. L\u00f8rdag ettermiddag var antallet 3.000 kunder i kommunene Harstad, Tjeldsund, Evenes og Kv\u00e6fjord.<\/p>\n<p>Ved 21-tiden var det sju h\u00f8yspentfeil i regionen. Disse var i And\u00f8y (\u00c5se), Bogen\/\u00d8stervik\/Forra\/Snubba, Skoddeberg, S\u00f8r-Lavangen, Bremnes, Bjark\u00f8y og p\u00e5 Tjeld\u00f8ya.<\/p>\n<p>\u2013 G\u00e5r alt etter planen, vil vi f\u00e5 rettet disse feilene i kveld og natta, melder Noranett.<\/p>\n<p>Det ble poengtert at str\u00f8mstanskartet ikke var korrekt for Tjeld\u00f8ya.<\/p>\n<p>\u2013 Men vi vet at str\u00f8mmen er borte. Vi har mont\u00f8rer til stede, og det p\u00e5g\u00e5r feils\u00f8k.<\/p>\n<p>I Kv\u00e6fjord er omr\u00e5det fra og med Bremnes forbi Elda mot Utstrand ber\u00f8rt. Dette gjelder 124 kunder. Det er funnet to knekte h\u00f8yspenningsmaster som m\u00e5 repareres. Dette vil dessverre ta lang tid, if\u00f8lge opplysninger vedlagt str\u00f8mstanskartet.<\/p>\n<p>For enkelte kunder i Bogen var det et h\u00e5p om at de fleste skulle f\u00e5 str\u00f8mmen tilbake ved 21-tiden da ei pr\u00f8vekobling ble gjort etter at feil var koblet bort og tr\u00e6r fjernet fra linja. Litt f\u00f8r klokka 22 var fortsatt 15 kunder str\u00f8ml\u00f8se. Noranett kunne ikke gi svar p\u00e5 n\u00e5r disse har str\u00f8mmen tilbake, men h\u00e5per den er p\u00e5 plass s\u00f8ndag morgen. I tillegg oppsto p\u00e5 kvelden en ny ukjent feil s\u00f8r for Bogen, som ber\u00f8rer 142 kunder.<\/p>\n<p>P\u00e5 generelt grunnlag informerer Noranett at reparasjoner skjer s\u00e5 fort v\u00e6ret tillater og i f\u00f8lgende prioriterte rekkef\u00f8lge:<\/p>\n<ul class=\"List\">\n<li>\n<p>1. Ved str\u00f8mbrudd i store omr\u00e5der med mange kunder<\/p>\n<\/li>\n<li>\n<p>2. Samfunnskritiske funksjoner<\/p>\n<\/li>\n<li>\n<p>3. Mindre feil som skaper farlige situasjoner<\/p>\n<\/li>\n<li>\n<p>4. Feil som rammer f\u00e5 kunder<\/p>\n<\/li>\n<li>\n<p>5. Enkeltkunder<\/p>\n<\/li>\n<\/ul>\n<p>\u2013 Dette betyr at enkeltkunder m\u00e5 belage seg p\u00e5 litt mer ventetid. Disse starter vi retting av i morgen, skriver Noranett l\u00f8rdag.<\/p>\n","protected":false},"excerpt":{"rendered":"Str\u00f8mstanskartet til Noranett viser at det fortsatt var utfordringer knyttet til Kv\u00e6fjord, Evenes og Tjeldsund ved midnatt. Det&hellip;\n","protected":false},"author":2,"featured_media":123170,"comment_status":"","ping_status":"","sticky":false,"template":"","format":"standard","meta":{"footnotes":""},"categories":[5],"tags":[20,21,9382,24,25,370,15,19,2705,22,23,17,18,13,30,28,29,14,16,2245,4353,26,27],"class_list":{"0":"post-123169","1":"post","2":"type-post","3":"status-publish","4":"format-standard","5":"has-post-thumbnail","7":"category-overskrifter","8":"tag-breaking-news","9":"tag-breakingnews","10":"tag-evenes","11":"tag-featured-news","12":"tag-featurednews","13":"tag-harstad","14":"tag-headlines","15":"tag-hovedoppslag","16":"tag-kvaefjord","17":"tag-latest-news","18":"tag-latestnews","19":"tag-main-news","20":"tag-mainnews","21":"tag-news","22":"tag-no","23":"tag-norge","24":"tag-norway","25":"tag-nyheter","26":"tag-overskrifter","27":"tag-strombrudd","28":"tag-tjeldsund","29":"tag-top-stories","30":"tag-topstories"},"share_on_mastodon":{"url":"https:\/\/pubeurope.com\/@no\/115794810171718508","error":""},"_links":{"self":[{"href":"https:\/\/www.europesays.com\/no\/wp-json\/wp\/v2\/posts\/123169","targetHints":{"allow":["GET"]}}],"collection":[{"href":"https:\/\/www.europesays.com\/no\/wp-json\/wp\/v2\/posts"}],"about":[{"href":"https:\/\/www.europesays.com\/no\/wp-json\/wp\/v2\/types\/post"}],"author":[{"embeddable":true,"href":"https:\/\/www.europesays.com\/no\/wp-json\/wp\/v2\/users\/2"}],"replies":[{"embeddable":true,"href":"https:\/\/www.europesays.com\/no\/wp-json\/wp\/v2\/comments?post=123169"}],"version-history":[{"count":0,"href":"https:\/\/www.europesays.com\/no\/wp-json\/wp\/v2\/posts\/123169\/revisions"}],"wp:featuredmedia":[{"embeddable":true,"href":"https:\/\/www.europesays.com\/no\/wp-json\/wp\/v2\/media\/123170"}],"wp:attachment":[{"href":"https:\/\/www.europesays.com\/no\/wp-json\/wp\/v2\/media?parent=123169"}],"wp:term":[{"taxonomy":"category","embeddable":true,"href":"https:\/\/www.europesays.com\/no\/wp-json\/wp\/v2\/categories?post=123169"},{"taxonomy":"post_tag","embeddable":true,"href":"https:\/\/www.europesays.com\/no\/wp-json\/wp\/v2\/tags?post=123169"}],"curies":[{"name":"wp","href":"https:\/\/api.w.org\/{rel}","templated":true}]}}