{"id":123171,"date":"2025-12-28T02:28:13","date_gmt":"2025-12-28T02:28:13","guid":{"rendered":"https:\/\/www.europesays.com\/no\/123171\/"},"modified":"2025-12-28T02:28:13","modified_gmt":"2025-12-28T02:28:13","slug":"ingen-kunnskap-om-hoydemasker","status":"publish","type":"post","link":"https:\/\/www.europesays.com\/no\/123171\/","title":{"rendered":"\u2013 Ingen kunnskap om h\u00f8ydemasker"},"content":{"rendered":"\n<p class=\"_lead_o9xde_2 _lead_xtcu6_50 layout-component text-serif-m layout-normal text-serif-l layout-component layout-wide layout-padded _wide_17hqh_1 layout-padded\">Langrenns\u00admilj\u00f8et er i sjokk etter d\u00f8ds\u00adfallet til skiskytter Sivert Guttorm Bakken. De forteller at de har liten eller ingen kunnskap om h\u00f8yde\u00admasker.<\/p>\n<p><img alt=\" Foto: MAXIM THORE \/ Bildbyr\u00e5n\" class=\"_image_qp4xg_65 layout-component layout-wide\" data-fullscreen- data-track-element-type=\"Article image fullscreen\" data-track-name=\"ImageFullscreen\" fetchpriority=\"high\" decoding=\"sync\" loading=\"eager\" height=\"4000\" itemprop=\"image\"  src=\"https:\/\/www.europesays.com\/no\/wp-content\/uploads\/2025\/12\/35836268-0074-445f-8e4b-dd07c5b9fe72\"  style=\"object-position:0% 0%\" width=\"6000\"\/> Foto: MAXIM THORE \/ Bildbyr\u00e5nToblach og Oslo Oppdatert l\u00f8rdag 27. desember kl. 22:29    <\/p>\n<ul class=\"_list_o9xde_3 _list_64s2r_85 _unordered_o9xde_106 text-sans-m\">\n<li class=\"_item_o9xde_30\">Langrennsmilj\u00f8et er sjokkert etter skiskytter Sivert Guttorm Bakkens d\u00f8dsfall.<\/li>\n<li class=\"_item_o9xde_30\">Flere landslagsut\u00f8vere og trenere kjenner ikke til bruk av h\u00f8ydemasker i sporten.<\/li>\n<li class=\"_item_o9xde_30\">Det er ukjent om det er en sammenheng mellom h\u00f8ydemasken og d\u00f8dsfallet.<\/li>\n<li class=\"_item_o9xde_30\">Olympiatoppen midlertidig frar\u00e5der bruk av simulert h\u00f8yde inntil mer fakta er kjent.<\/li>\n<\/ul>\n<p>Vis mer <\/p>\n<p class=\"_paragraph_o9xde_4 _paragraph_xtcu6_10 layout-component text-serif-m layout-normal text-serif-m layout-padded\">\u2013 Jeg har ikke mye meninger om det, annet at jeg aldri har h\u00f8rt om det eller brukt det selv, sier Johannes H\u00f8sflot Kl\u00e6bo til VG.<\/p>\n<p class=\"_paragraph_o9xde_4 _paragraph_xtcu6_10 layout-component text-serif-m layout-normal text-serif-m layout-padded\">Han sier at bruken av maskene er en debatt noen f\u00e5r ta, men at han selv ikke kommer ikke til \u00e5 bruke tid p\u00e5 det n\u00e5 \u2013 n\u00e5r Tour de Ski st\u00e5r for tur fra s\u00f8ndag <\/p>\n<p class=\"_paragraph_o9xde_4 _paragraph_xtcu6_10 layout-component text-serif-m layout-normal text-serif-m layout-padded\"><strong class=\"_strong_o9xde_25\">Kl\u00e6bo sier at han kan ingenting om det.<\/strong><\/p>\n<p class=\"_paragraph_o9xde_4 _paragraph_xtcu6_10 layout-component text-serif-m layout-normal text-serif-m layout-padded\"><a href=\"https:\/\/www.vg.no\/tag\/per-elias-kalfoss?utm_source=vg-article&amp;utm_medium=auto-tagger&amp;utm_campaign=2pGjav\" class=\"_link_o9xde_39\" rel=\"nofollow noopener\" target=\"_blank\">Per Elias Kalfoss<\/a>, som er landslagssjef i langrenn, sier han aldri har h\u00f8rt om bruk av h\u00f8ydemaske i langrenn, hverken av Norge eller andre nasjoner.<\/p>\n<p><img decoding=\"async\" alt=\"Bilde av Per Elias Kalfoss\" class=\"_image_ygndg_42\" height=\"27\" itemprop=\"image\" loading=\"lazy\"  src=\"https:\/\/www.europesays.com\/no\/wp-content\/uploads\/2025\/12\/cba35105-6d81-4e51-b2f7-ecf834d58f86\"  width=\"40\"\/><strong class=\"_name_ygndg_51 title-serif-xs\">Per Elias Kalfoss<\/strong><\/p>\n<p class=\"_paragraph_o9xde_4 text-sans-m _description_ygndg_56\">Landslagssjef i langrenn for Norge<\/p>\n<p class=\"_paragraph_o9xde_4 _paragraph_xtcu6_10 layout-component text-serif-m layout-normal text-serif-m layout-padded\">Han har hatt ulike roller i Norges Skiforbund helt siden 1998, og han har ogs\u00e5 v\u00e6rt spesialr\u00e5dgiver i Antidoping Norge.<\/p>\n<p><img alt=\"Sivert Guttorm Bakken i aksjon i verdenscupen 7. desember i \u00d6stersund. han ble funnet d\u00f8d i Lavaze lille julaften.  Foto: MATHIAS BERGELD \/ Bildbyr\u00e5n\" class=\"_image_qp4xg_65 layout-component layout-normal\" data-fullscreen- data-track-element-type=\"Article image fullscreen\" data-track-name=\"ImageFullscreen\" decoding=\"async\" loading=\"lazy\" height=\"4000\" itemprop=\"image\"  src=\"https:\/\/www.europesays.com\/no\/wp-content\/uploads\/2025\/12\/a81277a4-81f7-4f91-9617-a9d239940ff8\"  style=\"object-position:0% 0%\" width=\"6000\"\/>Sivert Guttorm Bakken i aksjon i verdenscupen 7. desember i \u00d6stersund. han ble funnet d\u00f8d i Lavaze lille julaften.  Foto: MATHIAS BERGELD \/ Bildbyr\u00e5n<\/p>\n<p class=\"_paragraph_o9xde_4 _paragraph_xtcu6_10 layout-component text-serif-m layout-normal text-serif-m layout-padded\"><a href=\"https:\/\/www.vg.no\/tag\/sivert-guttorm-bakken?utm_source=vg-article&amp;utm_medium=auto-tagger&amp;utm_campaign=8pmOEr\" class=\"_link_o9xde_39\" rel=\"nofollow noopener\" target=\"_blank\">Sivert Guttorm Bakken<\/a>\u00a0(27) hadde h\u00f8ydemaske p\u00e5 seg da han ble funnet d\u00f8d p\u00e5 sitt hotellrom i Lavaze i Nord-Italia lille julaften.<\/p>\n<p class=\"_paragraph_o9xde_4 _paragraph_xtcu6_10 layout-component text-serif-m layout-normal text-serif-m layout-padded\">Detaljene rundt Bakkens bortgang er ukjente. Det er helt ukjent om det er en sammenheng mellom d\u00f8dsfallet og h\u00f8ydemasken. Bakken skal if\u00f8lge forbundet obduseres i Italia i l\u00f8pet av romjulen.<\/p>\n<p class=\"_paragraph_o9xde_4 _paragraph_xtcu6_10 layout-component text-serif-m layout-normal text-serif-m layout-padded\">Bruk av simulert h\u00f8yde er tillatt, men anbefales kun for toppidrettsut\u00f8vere og under faglig oppf\u00f8lging.<\/p>\n<p class=\"_paragraph_o9xde_4 _paragraph_xtcu6_10 layout-component text-serif-m layout-normal text-serif-m layout-padded\">\u2013 Det er f\u00f8rst og fremst utrolig trist. Tankene g\u00e5r til de som sitter igjen. Langrenn og skiskyting er ikke s\u00e5 stort, s\u00e5 jeg f\u00f8ler det g\u00e5r veldig innp\u00e5 veldig mange og det rammer mange. Det er en god skiskytter og bra mann som har g\u00e5tt bort, sier Kl\u00e6bo.<\/p>\n<p>Hva er en h\u00f8ydemaske?<\/p>\n<p class=\"_paragraph_o9xde_4 _paragraph_xtcu6_10 _paragraph_16v91_10 layout-component text-serif-m layout-normal text-sans-m layout-padded\">En h\u00f8ydemaske er et teknisk hjelpemiddel som brukes for \u00e5\u00a0simulere h\u00f8yde, og som er lovlig \u00e5 bruke. Masken er koblet til en generator som reduserer mengden oksygen i luften som pustes inn.<\/p>\n<p class=\"_paragraph_o9xde_4 _paragraph_xtcu6_10 _paragraph_16v91_10 layout-component text-serif-m layout-normal text-sans-m layout-padded\">Ved \u00e5 puste luft med lavere oksygeninnhold fors\u00f8ker man \u00e5 etterligne forholdene i h\u00f8yden. Dette kan p\u00e5virke kroppens respons p\u00e5 belastning. H\u00f8ydemaske brukes b\u00e5de under trening og i perioder med hvile.<\/p>\n<p class=\"_paragraph_o9xde_4 _paragraph_xtcu6_10 _paragraph_16v91_10 layout-component text-serif-m layout-normal text-sans-m layout-padded\">Bruk av simulert h\u00f8yde er tillatt i Norge, men anbefales kun for eliteut\u00f8vere og under faglig oppf\u00f8lging.<\/p>\n<p class=\"_paragraph_o9xde_4 _paragraph_xtcu6_10 _paragraph_16v91_10 layout-component text-serif-m layout-normal text-sans-m layout-padded\"><strong class=\"_strong_o9xde_25\">H\u00f8ydetrening<\/strong><\/p>\n<p class=\"_paragraph_o9xde_4 _paragraph_xtcu6_10 _paragraph_16v91_10 layout-component text-serif-m layout-normal text-sans-m layout-padded\">Normal trening i h\u00f8yden rundt 1800 meter over havet er en sv\u00e6rt vanlig metode i utholdenhetsidretter.<\/p>\n<p class=\"_paragraph_o9xde_4 _paragraph_xtcu6_10 _paragraph_16v91_10 layout-component text-serif-m layout-normal text-sans-m layout-padded\">M\u00e5let med h\u00f8ydetrening er enkelt forklart \u00e5 \u00f8ke kapasiteten. P\u00e5 grunn av den tynne luften i h\u00f8yden stimuleres kroppen til \u00e5 produsere flere r\u00f8de blodceller og \u00f8ke oksygentransporten i blodet.<\/p>\n<p>Vis mer<\/p>\n<p class=\"_paragraph_o9xde_4 _paragraph_xtcu6_10 layout-component text-serif-m layout-normal text-serif-m layout-padded\">Sportskommentator Otto Ulseth og tidligere idrettstopp Bj\u00f8rge Stensb\u00f8l mener d\u00f8dsfallet til Sivert Bakken<a href=\"https:\/\/www.vg.no\/sport\/i\/gk74X0\/krever-full-granskning-av-norsk-idrett-etter-skiskytterdoedsfall\" data-track-element-type=\"Link\" data-track-id=\"link:gk74X0\" class=\"_link_o9xde_39\" rel=\"nofollow noopener\" target=\"_blank\"> m\u00e5 f\u00f8re til en uavhengig gransking av norsk idrett<\/a>.<\/p>\n<p><img decoding=\"async\" alt=\"Bilde av Harald \u00d8stberg Amundsen\" class=\"_image_ygndg_42\" height=\"27\" itemprop=\"image\" loading=\"lazy\"  src=\"https:\/\/www.europesays.com\/no\/wp-content\/uploads\/2025\/12\/7571eeaf-572d-4ee2-87eb-462bd36f35c2\"  width=\"40\"\/><strong class=\"_name_ygndg_51 title-serif-xs\">Harald \u00d8stberg Amundsen<\/strong><\/p>\n<p class=\"_paragraph_o9xde_4 text-sans-m _description_ygndg_56\">Langrennsl\u00f8per, Norge<\/p>\n<p class=\"_paragraph_o9xde_4 _paragraph_xtcu6_10 layout-component text-serif-m layout-normal text-serif-m layout-padded\">\u2013 Det kommer sikkert en debatt, men jeg synes man kan vente med det til vi vet hva som har skjedd, sier Harald \u00d8stberg Amundsen til VG.<\/p>\n<p class=\"_paragraph_o9xde_4 _paragraph_xtcu6_10 layout-component text-serif-m layout-normal text-serif-m layout-padded\">Han sier at langrenns\u00adlandslaget ikke har noe erfaring med h\u00f8ydemasker, og at de ikke har noe innsikt i hvordan det fungerer. Selv er han ikke fan av \u00e5 simulere ulike effekter, sier han.<\/p>\n<p class=\"_paragraph_o9xde_4 _paragraph_xtcu6_10 layout-component text-serif-m layout-normal text-serif-m layout-padded\">\u2013 Vi har aldri pratet om det i laget eller p\u00e5 samling, sier Amundsen.<\/p>\n<p><img alt=\"Frida Karlsson m\u00f8tte VG og andre medier i Toblach l\u00f8rdag.  Foto: Mikal Aaserud\" class=\"_image_qp4xg_65 layout-component layout-normal\" data-fullscreen- data-track-element-type=\"Article image fullscreen\" data-track-name=\"ImageFullscreen\" decoding=\"async\" loading=\"lazy\" height=\"2886\" itemprop=\"image\"  src=\"https:\/\/www.europesays.com\/no\/wp-content\/uploads\/2025\/12\/c012a4c5-abb7-4cbb-95fb-2227389fcd71\"  style=\"object-position:0% 0%\" width=\"3783\"\/>Frida Karlsson m\u00f8tte VG og andre medier i Toblach l\u00f8rdag.  Foto: Mikal Aaserud<\/p>\n<p class=\"_paragraph_o9xde_4 _paragraph_xtcu6_10 layout-component text-serif-m layout-normal text-serif-m layout-padded\">Den svenske langrennsprofilen Frida Karlsson er ogs\u00e5 klar for Tour de Ski. Hun kaller d\u00f8dsfallet en tragedie.<\/p>\n<p class=\"_paragraph_o9xde_4 _paragraph_xtcu6_10 layout-component text-serif-m layout-normal text-serif-m layout-padded\">Karlsson sier at hun ikke kjenner noen som bruker h\u00f8ydemaske.<\/p>\n<p class=\"_paragraph_o9xde_4 _paragraph_xtcu6_10 layout-component text-serif-m layout-normal text-serif-m layout-padded\">\u2013 Skal jeg v\u00e6re helt \u00e6rlig, s\u00e5 visste jeg knapt at det fantes, sier hun til VG.<\/p>\n<p><img decoding=\"async\" alt=\"Bilde av Emilie Nordskar\" class=\"_image_ygndg_42\" height=\"27\" itemprop=\"image\" loading=\"lazy\"  src=\"https:\/\/www.europesays.com\/no\/wp-content\/uploads\/2025\/12\/364fa626-e8a9-4a95-a37e-377b475e2275\"  width=\"40\"\/><strong class=\"_name_ygndg_51 title-serif-xs\">Emilie Nordskar<\/strong><\/p>\n<p class=\"_paragraph_o9xde_4 text-sans-m _description_ygndg_56\">Generalsekret\u00e6r i Norges Skiskytterforbund<\/p>\n<p class=\"_paragraph_o9xde_4 _paragraph_xtcu6_10 layout-component text-serif-m layout-normal text-serif-m layout-padded\">Norges Skiskytterforbund bekreftet 2. juledag at de <a href=\"https:\/\/www.vg.no\/sport\/i\/8pmOEr\/forbundet-kjent-med-bruk-av-hoeydemasker-ikke-i-organiserte-treningstilbud\" data-track-element-type=\"Link\" data-track-id=\"link:8pmOEr\" class=\"_link_o9xde_39\" rel=\"nofollow noopener\" target=\"_blank\">visste at enkelte ut\u00f8vere skaffet seg h\u00f8ydesimuleringsutstyr.<\/a><\/p>\n<p class=\"_paragraph_o9xde_4 _paragraph_xtcu6_10 layout-component text-serif-m layout-normal text-serif-m layout-padded\">\u2013 Det er reist en rekke sp\u00f8rsm\u00e5l knyttet til bruk av h\u00f8ydetelt og h\u00f8ydemasker blant v\u00e5re ut\u00f8vere. Bruken av slikt utstyr inng\u00e5r ikke i Norges Skiskytterforbunds organiserte treningstilbud. Vi er likevel kjent med at noen f\u00e5 enkeltut\u00f8vere har skaffet seg slikt utstyr, uttalte konstituert generalsekret\u00e6r i skiskytterforbundet, Emilie Nordskar.<\/p>\n<p class=\"_paragraph_o9xde_4 _paragraph_xtcu6_10 layout-component text-serif-m layout-normal text-serif-m layout-padded\">P\u00e5 sp\u00f8rsm\u00e5l om hva han tenker om bruken av h\u00f8ydemasker, svarer landslagssjef Kalfoss at han f\u00f8rst og fremst har v\u00e6rt mest opptatt av \u00e5 ha en god dialog med ut\u00f8verne etter at han fikk den triste beskjeden fra Per Arne BotnanPer Arne Botnanlandslagssjefen i skiskyting.<\/p>\n<p class=\"_paragraph_o9xde_4 _paragraph_xtcu6_10 layout-component text-serif-m layout-normal text-serif-m layout-padded\">\u2013 Utover det har jeg ikke reflektert s\u00e5 mye over det, bortsett fra at vi sjekker jo selvf\u00f8lgelig v\u00e5re egne systemer. Hvordan vi f\u00f8lger opp bruk av kosttilskudd eller andre ting. Og der har vi en tydelig praksis med v\u00e5re ut\u00f8vere om at de m\u00e5 rapportere, og avklare med oss eller det medisinske st\u00f8tteapparatet om alt de vil bruke. <\/p>\n<p class=\"_paragraph_o9xde_4 _paragraph_xtcu6_10 layout-component text-serif-m layout-normal text-serif-m layout-padded\"><strong class=\"_strong_o9xde_25\">\u2013 Og vi har som sagt ingen kunnskap om h\u00f8ydemasker og bruk av dem.<\/strong><\/p>\n<p class=\"_paragraph_o9xde_4 _paragraph_xtcu6_10 layout-component text-serif-m layout-normal text-serif-m layout-padded\">Han synes det er p\u00e5 sin plass at bruken av h\u00f8ydesimulering n\u00e5 blir debattert \u2013 og han viser til at <a href=\"https:\/\/www.vg.no\/sport\/i\/7p0By8\/olympiatoppen-fraraader-midlertidig-bruk-av-simulert-hoeyde\" data-track-element-type=\"Link\" data-track-id=\"link:7p0By8\" class=\"_link_o9xde_39\" rel=\"nofollow noopener\" target=\"_blank\">Olympiatoppen 2. juledag gikk ut og midlertidig frar\u00e5det bruk av simulert h\u00f8yde<\/a> etter det tragiske d\u00f8dsfallet.<\/p>\n<p class=\"_paragraph_o9xde_4 _paragraph_xtcu6_10 layout-component text-serif-m layout-normal text-serif-m layout-padded\">Frar\u00e5dingen gjelder frem til mer fakta foreligger i saken.<\/p>\n<p class=\"_paragraph_o9xde_4 _paragraph_xtcu6_10 layout-component text-serif-m layout-normal text-serif-m layout-padded\">\u2013 Som sagt, dette er veldig nytt for meg, s\u00e5 jeg har egentlig ikke f\u00e5tt gjort meg opp noen god mening rundt det. Det har jeg ikke, sier Kalfoss.<\/p>\n<p><img decoding=\"async\" alt=\"Bilde av Arild Monsen\" class=\"_image_ygndg_42\" height=\"27\" itemprop=\"image\" loading=\"lazy\"  src=\"https:\/\/www.europesays.com\/no\/wp-content\/uploads\/2025\/12\/b4cf5147-ccd1-40e9-a75f-5b7241aca6e3\"  width=\"40\"\/><strong class=\"_name_ygndg_51 title-serif-xs\">Arild Monsen<\/strong><\/p>\n<p class=\"_paragraph_o9xde_4 text-sans-m _description_ygndg_56\">Landslagstrener, langrenn<\/p>\n<p class=\"_paragraph_o9xde_4 _paragraph_xtcu6_10 layout-component text-serif-m layout-normal text-serif-m layout-padded\">Landslagstrener Arild Monsen beskriver d\u00f8dsfallet som trist og tragisk. Han \u00f8nsker \u00e5 v\u00e6re veldig forsiktig med \u00e5 g\u00e5 inn i en debatt om h\u00f8ydesimulering \u2013 spesielt f\u00f8r man vet hva som har skjedd.<\/p>\n<p class=\"_paragraph_o9xde_4 _paragraph_xtcu6_10 layout-component text-serif-m layout-normal text-serif-m layout-padded\">H\u00f8ydemasker vet han sv\u00e6rt lite om, forteller han.<\/p>\n<p class=\"_paragraph_o9xde_4 _paragraph_xtcu6_10 layout-component text-serif-m layout-normal text-serif-m layout-padded\">\u2013 I alle disse \u00e5rene jeg har v\u00e6rt med, s\u00e5 har det ikke v\u00e6rt kjent for meg i det hele tatt. Jeg har bare h\u00f8rt om at det finnes, men har aldri h\u00f8rt eller sett at noen har praktisert det.<\/p>\n","protected":false},"excerpt":{"rendered":"Langrenns\u00admilj\u00f8et er i sjokk etter d\u00f8ds\u00adfallet til skiskytter Sivert Guttorm Bakken. De forteller at de har liten eller&hellip;\n","protected":false},"author":2,"featured_media":123172,"comment_status":"","ping_status":"","sticky":false,"template":"","format":"standard","meta":{"footnotes":""},"categories":[5],"tags":[20,21,24,25,712,15,19,711,398,22,23,17,18,13,30,28,29,14,16,6877,13042,769,26,27],"class_list":{"0":"post-123171","1":"post","2":"type-post","3":"status-publish","4":"format-standard","5":"has-post-thumbnail","7":"category-overskrifter","8":"tag-breaking-news","9":"tag-breakingnews","10":"tag-featured-news","11":"tag-featurednews","12":"tag-harald-ostberg-amundsen","13":"tag-headlines","14":"tag-hovedoppslag","15":"tag-johannes-hosflot-klaebo","16":"tag-langrenn","17":"tag-latest-news","18":"tag-latestnews","19":"tag-main-news","20":"tag-mainnews","21":"tag-news","22":"tag-no","23":"tag-norge","24":"tag-norway","25":"tag-nyheter","26":"tag-overskrifter","27":"tag-per-elias-kalfoss","28":"tag-sivert-guttorm-bakken","29":"tag-skiskyting","30":"tag-top-stories","31":"tag-topstories"},"share_on_mastodon":{"url":"https:\/\/pubeurope.com\/@no\/115794838742780275","error":""},"_links":{"self":[{"href":"https:\/\/www.europesays.com\/no\/wp-json\/wp\/v2\/posts\/123171","targetHints":{"allow":["GET"]}}],"collection":[{"href":"https:\/\/www.europesays.com\/no\/wp-json\/wp\/v2\/posts"}],"about":[{"href":"https:\/\/www.europesays.com\/no\/wp-json\/wp\/v2\/types\/post"}],"author":[{"embeddable":true,"href":"https:\/\/www.europesays.com\/no\/wp-json\/wp\/v2\/users\/2"}],"replies":[{"embeddable":true,"href":"https:\/\/www.europesays.com\/no\/wp-json\/wp\/v2\/comments?post=123171"}],"version-history":[{"count":0,"href":"https:\/\/www.europesays.com\/no\/wp-json\/wp\/v2\/posts\/123171\/revisions"}],"wp:featuredmedia":[{"embeddable":true,"href":"https:\/\/www.europesays.com\/no\/wp-json\/wp\/v2\/media\/123172"}],"wp:attachment":[{"href":"https:\/\/www.europesays.com\/no\/wp-json\/wp\/v2\/media?parent=123171"}],"wp:term":[{"taxonomy":"category","embeddable":true,"href":"https:\/\/www.europesays.com\/no\/wp-json\/wp\/v2\/categories?post=123171"},{"taxonomy":"post_tag","embeddable":true,"href":"https:\/\/www.europesays.com\/no\/wp-json\/wp\/v2\/tags?post=123171"}],"curies":[{"name":"wp","href":"https:\/\/api.w.org\/{rel}","templated":true}]}}