{"id":123175,"date":"2025-12-28T03:39:12","date_gmt":"2025-12-28T03:39:12","guid":{"rendered":"https:\/\/www.europesays.com\/no\/123175\/"},"modified":"2025-12-28T03:39:12","modified_gmt":"2025-12-28T03:39:12","slug":"vi-andre-ma-gjore-noe-na","status":"publish","type":"post","link":"https:\/\/www.europesays.com\/no\/123175\/","title":{"rendered":"\u2013 Vi andre m\u00e5 gj\u00f8re noe n\u00e5"},"content":{"rendered":"\n<p class=\"_lead_o9xde_2 _lead_xtcu6_50 layout-component text-serif-m layout-normal text-serif-l layout-component layout-wide layout-padded _wide_17hqh_1 layout-padded\">Inn i \u00e5rets Tour de Ski er britenes store langrennsprofil, Andrew Musgrave (35), bekymret.<\/p>\n<p><img alt=\"Harald \u00d8stberg Amundsen, Einar Hedegart og Mattis Stenshagen farget pallen r\u00f8d, hvit og bl\u00e5 under sist verdenscuprenn i Davos i midten av desember. Foto: MAXIM THORE \/ BILDBYR\u00c5N\" class=\"_image_qp4xg_65 layout-component layout-wide\" data-fullscreen- data-track-element-type=\"Article image fullscreen\" data-track-name=\"ImageFullscreen\" fetchpriority=\"high\" decoding=\"sync\" loading=\"eager\" height=\"4000\" itemprop=\"image\"  src=\"https:\/\/www.europesays.com\/no\/wp-content\/uploads\/2025\/12\/fa9e5710-1b26-426a-a05d-e90cdab738d3\"  style=\"object-position:0% 0%\" width=\"6000\"\/>Harald \u00d8stberg Amundsen, Einar Hedegart og Mattis Stenshagen farget pallen r\u00f8d, hvit og bl\u00e5 under sist verdenscuprenn i Davos i midten av desember. Foto: MAXIM THORE \/ BILDBYR\u00c5N<\/p>\n<ul aria-hidden=\"true\" class=\"_images_ntbth_112\">\n<li><a class=\"_link_ntbth_117\" href=\"https:\/\/www.vg.no\/forfatter\/mikal-aaserud\" style=\"z-index:1\" title=\"Mikal Emil Aaserud\" rel=\"nofollow noopener\" target=\"_blank\"><img alt=\"Bilde av Mikal Emil Aaserud\" class=\"_image_ntbth_93\" fetchpriority=\"low\" loading=\"lazy\" decoding=\"async\" itemprop=\"image\"  src=\"https:\/\/www.europesays.com\/no\/wp-content\/uploads\/2025\/12\/1766893150_522_1f4bb18c-b7b1-46ba-9b49-79ae6afd7bbd\"  width=\"480\"\/><\/a><\/li>\n<\/ul>\n<p>Toblach, Italia Oppdatert s\u00f8ndag 28. desember kl. 03:56    <\/p>\n<ul class=\"_list_o9xde_3 _list_64s2r_85 _unordered_o9xde_106 text-sans-m\">\n<li class=\"_item_o9xde_30\">Andrew Musgrave er bekymret over dominansen til norske langrennsl\u00f8pere.<\/li>\n<li class=\"_item_o9xde_30\">Musgrave mener niv\u00e5et p\u00e5 ut\u00f8verne utenfor Norges grenser er flaut svakt.<\/li>\n<li class=\"_item_o9xde_30\">Emil Iversen synes andre langrennsl\u00f8pere b\u00f8r kontakte Norge for treningsr\u00e5d.<\/li>\n<li class=\"_item_o9xde_30\">Erik Valnes p\u00e5peker at norske ut\u00f8vere er i form fra f\u00f8rste stavtak p\u00e5 grunn av kvalifiseringsrenn til OL.<\/li>\n<\/ul>\n<p>Vis mer <\/p>\n<p class=\"_paragraph_o9xde_4 _paragraph_xtcu6_10 layout-component text-serif-m layout-normal text-serif-m layout-padded\">Han liker nemlig d\u00e5rlig den norske dominansen som igjen p\u00e5g\u00e5r i verdenscupsirkuset.<\/p>\n<p class=\"_paragraph_o9xde_4 _paragraph_xtcu6_10 layout-component text-serif-m layout-normal text-serif-m layout-padded\">\u2013 Vi andre m\u00e5 gj\u00f8re noe n\u00e5. Det er for d\u00e5rlig, det er flaut. Det er norgescupnorgescupNorgescup er det \u00f8verste niv\u00e5et for nasjonale konkurranser i langrenn. hvert eneste renn vi g\u00e5r, sier <a href=\"https:\/\/www.vg.no\/tag\/andrew-musgrave?utm_source=vg-article&amp;utm_medium=auto-tagger&amp;utm_campaign=RjRaaA\" class=\"_link_o9xde_39\" rel=\"nofollow noopener\" target=\"_blank\">Andrew Musgrave<\/a> til VG.<\/p>\n<p class=\"_paragraph_o9xde_4 _paragraph_xtcu6_10 layout-component text-serif-m layout-normal text-serif-m layout-padded\">Musgrave \u2013 som har bodd i Norge i en \u00e5rrekke \u2013 g\u00e5r for Storbritannia og leverte et sjeldent lyspunkt for egen del sist verdenscuprenn.<\/p>\n<p><img decoding=\"async\" alt=\"Bilde av Andrew Musgrave\" class=\"_image_ygndg_42\" height=\"27\" itemprop=\"image\" loading=\"lazy\"  src=\"https:\/\/www.europesays.com\/no\/wp-content\/uploads\/2025\/12\/3761d007-37c5-4fe4-b5de-247d41d2dd83\"  width=\"40\"\/><strong class=\"_name_ygndg_51 title-serif-xs\">Andrew Musgrave<\/strong><\/p>\n<p class=\"_paragraph_o9xde_4 _paragraph_xtcu6_10 layout-component text-serif-m layout-normal text-serif-m layout-padded\">Da ble han nummer seks p\u00e5 10 kilometer fristil, og hindret at det ble syvdobbelt norsk p\u00e5 en distanse som med \u00e5rene har blitt en parademarsj sett med norske \u00f8yne.<\/p>\n<p class=\"_paragraph_o9xde_4 _paragraph_xtcu6_10 layout-component text-serif-m layout-normal text-serif-m layout-padded\">Men Musgrave er ikke med p\u00e5 at det kun er stor norsk dominans p\u00e5 OL-\u00f8velsen 10 kilometer fristil.<\/p>\n<p class=\"_paragraph_o9xde_4 _paragraph_xtcu6_10 layout-component text-serif-m layout-normal text-serif-m layout-padded\">\u2013 Det er alt av distanserenn. De er overlegne p\u00e5 alt de gj\u00f8r, sier Musgrave og sukker.<\/p>\n<p class=\"_paragraph_o9xde_4 _paragraph_xtcu6_10 layout-component text-serif-m layout-normal text-serif-m layout-padded\">Like f\u00f8r Tour de Ski starter 28. desember, er det i internasjonal herrelangrenn f\u00e5 lyspunkter for dem som ikke har norsk pass.<\/p>\n<p class=\"_paragraph_o9xde_4 _paragraph_xtcu6_10 layout-component text-serif-m layout-normal text-serif-m layout-padded\">Etter tre verdenscuphelger er tallenes tale brutal lesing.<\/p>\n<p class=\"_paragraph_o9xde_4 _paragraph_xtcu6_10 layout-component text-serif-m layout-normal text-serif-m layout-padded\">Norge har tatt 19 av totalt 24 mulige pallplasserpallplasser1.-3. plass i individuelle renn.<\/p>\n<p>Pallplasser og norske plasseringer i verdenscupen:Ruka:<\/p>\n<ul class=\"_list_o9xde_3 _list_xtcu6_9 _list_16v91_9 _unordered_o9xde_106 layout-component text-serif-m layout-normal text-sans-m layout-padded\" itemprop=\"text\">\n<li class=\"_item_o9xde_30\">Pallen p\u00e5 10 km klassisk: Martin L\u00f8wstr\u00f8m Nyenget, Johannes H\u00f8sflot Kl\u00e6bo, Mika Vermeulen (\u00d8sterrike). Seks nordmenn blant de \u00e5tte beste.<\/li>\n<li class=\"_item_o9xde_30\">Pallen p\u00e5 sprint klassisk: Johannes H\u00f8sflot Kl\u00e6bo, Erik Valnes, Ansgar Evensen. Seks nordmenn blant de 12 beste (de 12 beste er de som har f\u00e5tt g\u00e5 semifinale).<\/li>\n<li class=\"_item_o9xde_30\">Pallen p\u00e5 20 km fristil fellesstart: Harald \u00d8stberg Amundsen, Einar Hedegart, Edvin Anger. Fire nordmenn blant de ti beste.<\/li>\n<\/ul>\n<p>Trondheim:<\/p>\n<ul class=\"_list_o9xde_3 _list_xtcu6_9 _list_16v91_9 _unordered_o9xde_106 layout-component text-serif-m layout-normal text-sans-m layout-padded\" itemprop=\"text\">\n<li class=\"_item_o9xde_30\">Pallen p\u00e5 sprint klassisk: Johannes H\u00f8sflot Kl\u00e6bo, Oskar Opstad Vike, Alvar Myhlback. Syv nordmenn blant de 12 beste.<\/li>\n<li class=\"_item_o9xde_30\">Pallen p\u00e5 20 kilometer med skibytte: Johannes H\u00f8sflot Kl\u00e6bo, Harald \u00d8stberg Amundsen, Emil Iversen. Ni nordmenn blant de ti beste.<\/li>\n<li class=\"_item_o9xde_30\">Pallen p\u00e5 10 kilometer fristil: Einar Hedegart, Andreas Fjorden Ree, Martin L\u00f8wstr\u00f8m Nyenget. Syv nordmenn blant de ti beste.<\/li>\n<\/ul>\n<p>Davos:<\/p>\n<ul class=\"_list_o9xde_3 _list_xtcu6_9 _list_16v91_9 _unordered_o9xde_106 layout-component text-serif-m layout-normal text-sans-m layout-padded\" itemprop=\"text\">\n<li class=\"_item_o9xde_30\">Pallen p\u00e5 sprint fristil: Lucas Chanavat, Federico Pellegrino, Oskar Opstad Vike. Fire nordmenn blant de 12 beste.<\/li>\n<li class=\"_item_o9xde_30\">Pallen p\u00e5 10 kilometer fristil: Einar Hedegart, Harald \u00d8stberg Amundsen, Mattis Stenshagen. Syv nordmenn blant de ti beste.<\/li>\n<\/ul>\n<p class=\"_paragraph_o9xde_4 _paragraph_xtcu6_10 layout-component text-serif-m layout-normal text-serif-m layout-padded\">Med noen f\u00e5 unntak har det norske flagget ogs\u00e5 dominert resten av resultatlisten som viser de ti beste.<\/p>\n<p class=\"_paragraph_o9xde_4 _paragraph_xtcu6_10 layout-component text-serif-m layout-normal text-serif-m layout-padded\">\u2013 Konfrontert med Musgraves utspill, svarer Tour de Ski-klare Emil Iversen slik:<\/p>\n<p><img decoding=\"async\" alt=\"Bilde av Emil Iversen\" class=\"_image_ygndg_42\" height=\"27\" itemprop=\"image\" loading=\"lazy\"  src=\"https:\/\/www.europesays.com\/no\/wp-content\/uploads\/2025\/12\/41f19ff3-c623-4157-9b56-92460159fe3c\"  width=\"40\"\/><strong class=\"_name_ygndg_51 title-serif-xs\">Emil Iversen<\/strong><\/p>\n<p class=\"_paragraph_o9xde_4 _paragraph_xtcu6_10 layout-component text-serif-m layout-normal text-serif-m layout-padded\">\u2013 Jeg synes det er flaut, jeg ogs\u00e5. Det er flaut at de andre ikke blir bedre. Jeg er ikke s\u00e5 god, s\u00e5 det er overraskende. Jeg vet ikke hvor d\u00e5rlig de trener, men det er flaut av de andre. Hvorfor ikke ringe Norge og bare sp\u00f8rre oss, sier tr\u00f8nderen.<\/p>\n<p class=\"_paragraph_o9xde_4 _paragraph_xtcu6_10 layout-component text-serif-m layout-normal text-serif-m layout-padded\">Han fortsetter:<\/p>\n<p class=\"_paragraph_o9xde_4 _paragraph_xtcu6_10 layout-component text-serif-m layout-normal text-serif-m layout-padded\">\u2013 Jeg vet s\u00e5 utrolig godt hvor skoen trykker. De er ikke i n\u00e6rheten av \u00e5 trene bra nok. De g\u00e5r rundt og soser og snakker om OL\u2026<\/p>\n<p class=\"_paragraph_o9xde_4 _paragraph_xtcu6_10 layout-component text-serif-m layout-normal text-serif-m layout-padded\">\u2013 De burde nesten ikke hatt plasser i OL. Jeg er en oppfordring til dem: De m\u00e5 skjerpe seg, trene mer, trene hardere, spise sunt og legge seg tidlig. Det er ikke noe hokus-pokus, sier Iversen.<\/p>\n<p class=\"_paragraph_o9xde_4 _paragraph_xtcu6_10 layout-component text-serif-m layout-normal text-serif-m layout-padded\">Erik Valnes er allerede klar for OL, men p\u00e5peker at de norske ut\u00f8verne har en kniv p\u00e5 strupen fra f\u00f8rste stavtak n\u00e5r verdenscupen begynner.<\/p>\n<p class=\"_paragraph_o9xde_4 _paragraph_xtcu6_10 layout-component text-serif-m layout-normal text-serif-m layout-padded\">Han, resten av det norske landslaget og flere norske ut\u00f8vere p\u00e5 privatlag, kjemper en knallhard kamp om \u00e5tte plasser.<\/p>\n<p><img decoding=\"async\" alt=\"Bilde av Erik Valnes\" class=\"_image_ygndg_42\" height=\"27\" itemprop=\"image\" loading=\"lazy\"  src=\"https:\/\/www.europesays.com\/no\/wp-content\/uploads\/2025\/12\/c8fc83f5-e898-4850-b5e8-730760c6fc2a\"  width=\"40\"\/><strong class=\"_name_ygndg_51 title-serif-xs\">Erik Valnes<\/strong><\/p>\n<p class=\"_paragraph_o9xde_4 _paragraph_xtcu6_10 layout-component text-serif-m layout-normal text-serif-m layout-padded\">De kan nesten ikke g\u00e5 et d\u00e5rlig skirenn, sier Valnes.<\/p>\n<p class=\"_paragraph_o9xde_4 _paragraph_xtcu6_10 layout-component text-serif-m layout-normal text-serif-m layout-padded\">\u2013 Det er s\u00e5 mange sultne nordmenn. Det merker man. Det er mange folk som har v\u00e6rt p\u00e5 pallen som man ikke finner plass til. Det blir s\u00e5 tett kamp om plassene p\u00e5 de distansene at det sikkert er merkelig \u00e5 v\u00e6re utlending, sier Valnes og smiler.<\/p>\n<p>Tour de Ski-programmet:<\/p>\n<ul class=\"_list_o9xde_3 _list_xtcu6_9 _list_16v91_9 _unordered_o9xde_106 layout-component text-serif-m layout-normal text-sans-m layout-padded\">\n<li class=\"_item_o9xde_30\">S\u00f8ndag 28. desember: Sprint fristil. Prologstart 11.45. Finalene starter klokken 14.15.<\/li>\n<li class=\"_item_o9xde_30\">Mandag 29. desember: 10 km klassisk. Herrene starter 11.45. Damene klokken 14.45.<\/li>\n<li class=\"_item_o9xde_30\">Onsdag 31. desember: 5 kilometer heat fellesstart i fristil. Herrene starter 11.30. Damene klokken 14.30.<\/li>\n<li class=\"_item_o9xde_30\">Torsdag 1. januar: 20 kilometer jaktstart i klassisk. Herrene starter klokken 10.30. Damene klokken 12.30.<\/li>\n<li class=\"_item_o9xde_30\">L\u00f8rdag 3. januar: Sprint klassisk. Prologstart klokken 12.15. Finalene starter klokken 14.45.<\/li>\n<li class=\"_item_o9xde_30\">S\u00f8ndag 4. januar: 10 kilometer fellesstart og klatring opp \u00abmonsterbakken\u00bb. Herrene starter klokken 11.30. Damene starter klokken 15.30.<\/li>\n<\/ul>\n<p class=\"_paragraph_o9xde_4 _paragraph_xtcu6_10 _paragraph_16v91_10 layout-component text-serif-m layout-normal text-sans-m layout-padded\">Alt kan du se p\u00e5 VSport1 og Viaplay.<\/p>\n<p>Vis mer       <\/p>\n","protected":false},"excerpt":{"rendered":"Inn i \u00e5rets Tour de Ski er britenes store langrennsprofil, Andrew Musgrave (35), bekymret. Harald \u00d8stberg Amundsen, Einar&hellip;\n","protected":false},"author":2,"featured_media":123176,"comment_status":"","ping_status":"","sticky":false,"template":"","format":"standard","meta":{"footnotes":""},"categories":[59],"tags":[14593,3647,398,30,28,29,83,82,399],"class_list":{"0":"post-123175","1":"post","2":"type-post","3":"status-publish","4":"format-standard","5":"has-post-thumbnail","7":"category-sport","8":"tag-andrew-musgrave","9":"tag-emil-iversen","10":"tag-langrenn","11":"tag-no","12":"tag-norge","13":"tag-norway","14":"tag-sport","15":"tag-sports","16":"tag-vintersport"},"share_on_mastodon":{"url":"https:\/\/pubeurope.com\/@no\/115795117041610491","error":""},"_links":{"self":[{"href":"https:\/\/www.europesays.com\/no\/wp-json\/wp\/v2\/posts\/123175","targetHints":{"allow":["GET"]}}],"collection":[{"href":"https:\/\/www.europesays.com\/no\/wp-json\/wp\/v2\/posts"}],"about":[{"href":"https:\/\/www.europesays.com\/no\/wp-json\/wp\/v2\/types\/post"}],"author":[{"embeddable":true,"href":"https:\/\/www.europesays.com\/no\/wp-json\/wp\/v2\/users\/2"}],"replies":[{"embeddable":true,"href":"https:\/\/www.europesays.com\/no\/wp-json\/wp\/v2\/comments?post=123175"}],"version-history":[{"count":0,"href":"https:\/\/www.europesays.com\/no\/wp-json\/wp\/v2\/posts\/123175\/revisions"}],"wp:featuredmedia":[{"embeddable":true,"href":"https:\/\/www.europesays.com\/no\/wp-json\/wp\/v2\/media\/123176"}],"wp:attachment":[{"href":"https:\/\/www.europesays.com\/no\/wp-json\/wp\/v2\/media?parent=123175"}],"wp:term":[{"taxonomy":"category","embeddable":true,"href":"https:\/\/www.europesays.com\/no\/wp-json\/wp\/v2\/categories?post=123175"},{"taxonomy":"post_tag","embeddable":true,"href":"https:\/\/www.europesays.com\/no\/wp-json\/wp\/v2\/tags?post=123175"}],"curies":[{"name":"wp","href":"https:\/\/api.w.org\/{rel}","templated":true}]}}