{"id":123177,"date":"2025-12-28T03:45:21","date_gmt":"2025-12-28T03:45:21","guid":{"rendered":"https:\/\/www.europesays.com\/no\/123177\/"},"modified":"2025-12-28T03:45:21","modified_gmt":"2025-12-28T03:45:21","slug":"hadde-ikke-noe-med-dette-a-gjore","status":"publish","type":"post","link":"https:\/\/www.europesays.com\/no\/123177\/","title":{"rendered":"\u2013 Hadde ikke noe med dette \u00e5 gj\u00f8re"},"content":{"rendered":"\n<p class=\"_lead_o9xde_2 _lead_xtcu6_50 layout-component text-serif-m layout-normal text-serif-l layout-component layout-wide layout-padded _wide_17hqh_1 layout-padded\">I L\u00f8renskog skal to biler l\u00f8rdag kveld ha kappkj\u00f8rt, if\u00f8lge politiet. Mens den ene skal ha klart \u00e5 stikke av, kj\u00f8rte den andre p\u00e5 en uskyldig bil. <\/p>\n<ul aria-hidden=\"true\" class=\"_images_ntbth_112\">\n<li><a class=\"_link_ntbth_117\" href=\"https:\/\/www.vg.no\/forfatter\/harpreet-kaur-nijjer\" style=\"z-index:1\" title=\"Harpreet Kaur Nijjer\" rel=\"nofollow noopener\" target=\"_blank\"><img alt=\"Bilde av Harpreet Kaur Nijjer\" class=\"_image_ntbth_93\" fetchpriority=\"low\" loading=\"lazy\" decoding=\"async\" itemprop=\"image\"  src=\"https:\/\/www.europesays.com\/no\/wp-content\/uploads\/2025\/12\/1766893520_252_9915841b-33cb-470f-8ab4-1d1650cff10e\"  width=\"480\"\/><\/a><\/li>\n<\/ul>\n<p> Oppdatert l\u00f8rdag 27. desember kl. 19:59     <\/p>\n<p class=\"_paragraph_o9xde_4 _paragraph_xtcu6_10 layout-component text-serif-m layout-normal text-serif-m layout-padded\">\u2013 Det er store materielle skader p\u00e5 bilene, opplyste politiet klokken 18.44, kort tid etter ulykken p\u00e5 riksvei 159 Str\u00f8msveien retning Oslo.<\/p>\n<p class=\"_paragraph_o9xde_4 _paragraph_xtcu6_10 layout-component text-serif-m layout-normal text-serif-m layout-padded\">Totalt skal seks personer ha v\u00e6rt involvert i ulykken, men ingen skal ha blitt skadet. <\/p>\n<p class=\"_paragraph_o9xde_4 _paragraph_xtcu6_10 layout-component text-serif-m layout-normal text-serif-m layout-padded\">Operasjonsleder P\u00e5l Bjelland i <a href=\"https:\/\/www.vg.no\/tag\/oest-politidistrikt?utm_source=vg-article&amp;utm_medium=auto-tagger&amp;utm_campaign=OkpaW1\" class=\"_link_o9xde_39\" rel=\"nofollow noopener\" target=\"_blank\">\u00d8st politidistrikt<\/a>, sier til VG at observasjoner tyder p\u00e5 at en kappkj\u00f8rende Tesla kolliderte med en annen.<\/p>\n<p class=\"_paragraph_o9xde_4 _paragraph_xtcu6_10 layout-component text-serif-m layout-normal text-serif-m layout-padded\">\u2013 Den som ble p\u00e5kj\u00f8rt hadde ikke noe med dette \u00e5 gj\u00f8re, understreker operasjonslederen. <\/p>\n<p class=\"_paragraph_o9xde_4 _paragraph_xtcu6_10 layout-component text-serif-m layout-normal text-serif-m layout-padded\"><strong class=\"_strong_o9xde_25\">\u2013 Vi pr\u00f8ver \u00e5 finne ut hvor den andre bilen som kappkj\u00f8rte er, men vi har ikke kontroll p\u00e5 den n\u00e5, legger han til. <\/strong><\/p>\n<p class=\"_paragraph_o9xde_4 _paragraph_xtcu6_10 layout-component text-serif-m layout-normal text-serif-m layout-padded\">Veien var stengt i omtrent en time, f\u00f8r politiet \u00e5pnet den rundt klokken 19.40.<\/p>\n<p class=\"_paragraph_o9xde_4 _paragraph_xtcu6_10 layout-component text-serif-m layout-normal text-serif-m layout-padded\">Bjelland \u00f8nsker ikke \u00e5 kommentere hvem de mistenkte er eller om de er kjent med politiet fra f\u00f8r av. <\/p>\n<p class=\"_paragraph_o9xde_4 _paragraph_xtcu6_10 layout-component text-serif-m layout-normal text-serif-m layout-padded\">\u2013 To personer tas med til avh\u00f8r, s\u00e5 vidt jeg vet. <\/p>\n<p>    <img decoding=\"async\" alt=\"Tips oss illustrasjon\" src=\"https:\/\/www.europesays.com\/no\/wp-content\/uploads\/2025\/10\/pssst-small.webp.webp\"\/>    <\/p>\n<p class=\"title-serif-s\">Har du tips?<\/p>\n<p class=\"text-sans-m\">Send oss informasjon, bilder eller video.<\/p>\n<p>  <a href=\"https:\/\/www.vg.no\/tips-oss\" rel=\"nofollow noopener\" target=\"_blank\"> Tips oss <\/a>      <\/p>\n","protected":false},"excerpt":{"rendered":"I L\u00f8renskog skal to biler l\u00f8rdag kveld ha kappkj\u00f8rt, if\u00f8lge politiet. Mens den ene skal ha klart \u00e5&hellip;\n","protected":false},"author":2,"featured_media":123178,"comment_status":"","ping_status":"","sticky":false,"template":"","format":"standard","meta":{"footnotes":""},"categories":[5],"tags":[31,20,21,24,25,15,19,22,23,2692,17,18,13,30,28,29,14,16,415,26,27,224,51],"class_list":{"0":"post-123177","1":"post","2":"type-post","3":"status-publish","4":"format-standard","5":"has-post-thumbnail","7":"category-overskrifter","8":"tag-breaking","9":"tag-breaking-news","10":"tag-breakingnews","11":"tag-featured-news","12":"tag-featurednews","13":"tag-headlines","14":"tag-hovedoppslag","15":"tag-latest-news","16":"tag-latestnews","17":"tag-lorenskog","18":"tag-main-news","19":"tag-mainnews","20":"tag-news","21":"tag-no","22":"tag-norge","23":"tag-norway","24":"tag-nyheter","25":"tag-overskrifter","26":"tag-ost-politidistrikt","27":"tag-top-stories","28":"tag-topstories","29":"tag-trafikk","30":"tag-ulykke"},"share_on_mastodon":{"url":"https:\/\/pubeurope.com\/@no\/115795140660271805","error":""},"_links":{"self":[{"href":"https:\/\/www.europesays.com\/no\/wp-json\/wp\/v2\/posts\/123177","targetHints":{"allow":["GET"]}}],"collection":[{"href":"https:\/\/www.europesays.com\/no\/wp-json\/wp\/v2\/posts"}],"about":[{"href":"https:\/\/www.europesays.com\/no\/wp-json\/wp\/v2\/types\/post"}],"author":[{"embeddable":true,"href":"https:\/\/www.europesays.com\/no\/wp-json\/wp\/v2\/users\/2"}],"replies":[{"embeddable":true,"href":"https:\/\/www.europesays.com\/no\/wp-json\/wp\/v2\/comments?post=123177"}],"version-history":[{"count":0,"href":"https:\/\/www.europesays.com\/no\/wp-json\/wp\/v2\/posts\/123177\/revisions"}],"wp:featuredmedia":[{"embeddable":true,"href":"https:\/\/www.europesays.com\/no\/wp-json\/wp\/v2\/media\/123178"}],"wp:attachment":[{"href":"https:\/\/www.europesays.com\/no\/wp-json\/wp\/v2\/media?parent=123177"}],"wp:term":[{"taxonomy":"category","embeddable":true,"href":"https:\/\/www.europesays.com\/no\/wp-json\/wp\/v2\/categories?post=123177"},{"taxonomy":"post_tag","embeddable":true,"href":"https:\/\/www.europesays.com\/no\/wp-json\/wp\/v2\/tags?post=123177"}],"curies":[{"name":"wp","href":"https:\/\/api.w.org\/{rel}","templated":true}]}}