{"id":123180,"date":"2025-12-28T03:59:16","date_gmt":"2025-12-28T03:59:16","guid":{"rendered":"https:\/\/www.europesays.com\/no\/123180\/"},"modified":"2025-12-28T03:59:16","modified_gmt":"2025-12-28T03:59:16","slug":"linea-strombrudd-ny-status-fra-linea-vi-har-stor-forstaelse-for-frustrasjonen-mange-foler-nar-strommen-er-borte-over-tid","status":"publish","type":"post","link":"https:\/\/www.europesays.com\/no\/123180\/","title":{"rendered":"Linea, Str\u00f8mbrudd | Ny status fra Linea: \u2013 Vi har stor forst\u00e5else for frustrasjonen mange f\u00f8ler n\u00e5r str\u00f8mmen er borte over tid"},"content":{"rendered":"\n<p>Linea jobber fortsatt for fullt med \u00e5 gjenopprette str\u00f8mforsyningen p\u00e5 Helgeland etter det kraftige uv\u00e6ret som har rammet regionen. Per kl. 17:30 er om lag 4 700 kunder fortsatt uten str\u00f8mforsyning, en betydelig reduksjon fra tidligere i dag.<\/p>\n<p>\u2013 Vi ser heldigvis at innsatsen gir resultater, og at stadig flere kunder f\u00e5r str\u00f8mmen tilbake. Samtidig er situasjonen fortsatt krevende, og det gjenst\u00e5r en del arbeid f\u00f8r alle er tilbake i normal drift, sier Frode Dorp, leder kommunikasjon i Linea i en pressemelding.<\/p>\n<p>Gjennom dagen har Linea hatt store ressurser i sving, b\u00e5de ute i felt og i st\u00f8ttefunksjoner. Feilretting p\u00e5g\u00e5r kontinuerlig, og str\u00f8mnettet seksjoneres for \u00e5 kunne forsyne flest mulig kunder s\u00e5 raskt som mulig.<\/p>\n<p>\u2013 N\u00e5r vi retter \u00e9n feil, kan det dukke opp nye feil i samme omr\u00e5de. Det gj\u00f8r arbeidet tidkrevende og gj\u00f8r det vanskelig \u00e5 gi presise tidsanslag for n\u00e5r str\u00f8mmen er tilbake, forklarer Dorp.<\/p>\n<p>Samtidig opplever selskapet en del ut\u00e5lmodige kundehenvendelser.<\/p>\n<p>\u2013 Vi har stor forst\u00e5else for frustrasjonen mange f\u00f8ler n\u00e5r str\u00f8mmen er borte over tid. Samtidig ber vi om forst\u00e5else for at dette er en kompleks og krevende situasjon, der sikkerheten til v\u00e5re mannskaper alltid m\u00e5 komme f\u00f8rst, sier Dorp.<\/p>\n<p>   <img decoding=\"async\" width=\"2000\" height=\"1500\" fetchpriority=\"low\"  loading=\"lazy\"  src=\"https:\/\/www.europesays.com\/no\/wp-content\/uploads\/2025\/12\/20251227_120113.jpg\" alt=\"\" class=\"brick-c-cFOWSL\" style=\"--brick-image-ratio: 2000 \/ 1500;\"\/><\/p>\n<p>      Feilretting p\u00e5g\u00e5r kontinuerlig, og str\u00f8mnettet seksjoneres for \u00e5 kunne forsyne flest mulig kunder s\u00e5 raskt som mulig.<br \/>\n      Foto: Linea\n    <\/p>\n<p>Arbeidet vil fortsette utover kvelden, men Linea er forberedt p\u00e5 at ikke alle kunder vil f\u00e5 str\u00f8mmen tilbake i kveld.<\/p>\n<p>\u2013 Vi har fortsatt noen timer igjen med arbeid, og forventer at mange hundre kunder vil f\u00e5 str\u00f8mmen tilbake i l\u00f8pet av ettermiddagen og kvelden. Samtidig m\u00e5 vi v\u00e6re \u00e6rlige p\u00e5 at enkelte kan bli uten str\u00f8m til i morgen, sier Dorp.<\/p>\n<p>Linea har allerede startet planleggingen av morgendagens innsats, og har mobilisert b\u00e5de interne ressurser og ansatte som avbryter ferie for \u00e5 bidra i arbeidet videre.<\/p>\n<p>  <a href=\"https:\/\/www.ranablad.no\/5-42-1538214\" class=\"related-teaser has-image default-story-teaser article--c-eRUmMG article--c-eRUmMG-jKCPdD-design-default\" rel=\"nofollow noopener\" target=\"_blank\"><\/p>\n<p>    <img decoding=\"async\" loading=\"lazy\"  src=\"https:\/\/www.europesays.com\/no\/wp-content\/uploads\/2025\/12\/IMG_3236+%281%29.JPG\" alt=\"\" class=\"brick-c-cFOWSL\" style=\"\"\/><\/p>\n<p>\n            Les ogs\u00e5<\/p>\n<p>              M\u00e5 stenge l\u00f8yper etter uv\u00e6rets \u00f8deleggelser: \u2013 For \u00e5 sikre at ingen skader seg\n        <\/p>\n<p>  <\/a><\/p>\n<p>  <a href=\"https:\/\/www.ranablad.no\/5-42-1538193\" class=\"related-teaser default-story-teaser article--c-eRUmMG article--c-eRUmMG-jKCPdD-design-default article--c-eRUmMG-kpKLOW-cv\" rel=\"nofollow noopener\" target=\"_blank\"><\/p>\n<p>\n            Les ogs\u00e5<\/p>\n<p>              Forbedring p\u00e5 kysten, men fortsatt er mange uten str\u00f8m: \u2013 Bekymringsmeldinger fra b\u00f8nder som ikke har f\u00e5tt melket kyrne sine\n        <\/p>\n<p>  <\/a><\/p>\n<p>  <a href=\"https:\/\/www.ranablad.no\/5-42-1538066\" class=\"related-teaser default-story-teaser article--c-eRUmMG article--c-eRUmMG-jKCPdD-design-default article--c-eRUmMG-kpKLOW-cv\" rel=\"nofollow noopener\" target=\"_blank\"><\/p>\n<p>\n            Les ogs\u00e5<\/p>\n<p>              Linea henter inn\u00a0ytterligere mannskaper. Situasjonen kan bli langvarig. Har f\u00e5tt gjenopprettet str\u00f8mforsyningen i Korgen\n        <\/p>\n<p>  <\/a><\/p>\n","protected":false},"excerpt":{"rendered":"Linea jobber fortsatt for fullt med \u00e5 gjenopprette str\u00f8mforsyningen p\u00e5 Helgeland etter det kraftige uv\u00e6ret som har rammet&hellip;\n","protected":false},"author":2,"featured_media":123181,"comment_status":"","ping_status":"","sticky":false,"template":"","format":"standard","meta":{"footnotes":""},"categories":[5],"tags":[36,20,21,24,25,15,19,22,23,8188,17,18,13,30,28,29,14,16,1510,2245,26,27,3230],"class_list":{"0":"post-123180","1":"post","2":"type-post","3":"status-publish","4":"format-standard","5":"has-post-thumbnail","7":"category-overskrifter","8":"tag-art","9":"tag-breaking-news","10":"tag-breakingnews","11":"tag-featured-news","12":"tag-featurednews","13":"tag-headlines","14":"tag-hovedoppslag","15":"tag-latest-news","16":"tag-latestnews","17":"tag-linea","18":"tag-main-news","19":"tag-mainnews","20":"tag-news","21":"tag-no","22":"tag-norge","23":"tag-norway","24":"tag-nyheter","25":"tag-overskrifter","26":"tag-story","27":"tag-strombrudd","28":"tag-top-stories","29":"tag-topstories","30":"tag-uvaer"},"share_on_mastodon":{"url":"https:\/\/pubeurope.com\/@no\/115795195899900317","error":""},"_links":{"self":[{"href":"https:\/\/www.europesays.com\/no\/wp-json\/wp\/v2\/posts\/123180","targetHints":{"allow":["GET"]}}],"collection":[{"href":"https:\/\/www.europesays.com\/no\/wp-json\/wp\/v2\/posts"}],"about":[{"href":"https:\/\/www.europesays.com\/no\/wp-json\/wp\/v2\/types\/post"}],"author":[{"embeddable":true,"href":"https:\/\/www.europesays.com\/no\/wp-json\/wp\/v2\/users\/2"}],"replies":[{"embeddable":true,"href":"https:\/\/www.europesays.com\/no\/wp-json\/wp\/v2\/comments?post=123180"}],"version-history":[{"count":0,"href":"https:\/\/www.europesays.com\/no\/wp-json\/wp\/v2\/posts\/123180\/revisions"}],"wp:featuredmedia":[{"embeddable":true,"href":"https:\/\/www.europesays.com\/no\/wp-json\/wp\/v2\/media\/123181"}],"wp:attachment":[{"href":"https:\/\/www.europesays.com\/no\/wp-json\/wp\/v2\/media?parent=123180"}],"wp:term":[{"taxonomy":"category","embeddable":true,"href":"https:\/\/www.europesays.com\/no\/wp-json\/wp\/v2\/categories?post=123180"},{"taxonomy":"post_tag","embeddable":true,"href":"https:\/\/www.europesays.com\/no\/wp-json\/wp\/v2\/tags?post=123180"}],"curies":[{"name":"wp","href":"https:\/\/api.w.org\/{rel}","templated":true}]}}