{"id":123182,"date":"2025-12-28T04:06:16","date_gmt":"2025-12-28T04:06:16","guid":{"rendered":"https:\/\/www.europesays.com\/no\/123182\/"},"modified":"2025-12-28T04:06:16","modified_gmt":"2025-12-28T04:06:16","slug":"uvaer-nyheter-tove-63-har-ikke-opplevd-lignende-pa-25-ar-det-ser-ut-som-en-krigssone-avisa-nordland","status":"publish","type":"post","link":"https:\/\/www.europesays.com\/no\/123182\/","title":{"rendered":"Uv\u00e6r, Nyheter | Tove (63) har ikke opplevd lignende p\u00e5 25 \u00e5r: \u2013 Det ser ut som en krigssone &#8211; Avisa Nordland"},"content":{"rendered":"<ol>\n<li><a href=\"https:\/\/news.google.com\/rss\/articles\/CBMipAFBVV95cUxPbXdwY1pVYVNJNldhRlhTMDY3bE9MWGFBaU9fRHp0dFdkTV9tb2E1TUM5dklBWDB6cmhwcDMxbUFIQ2RpR2V0NlVjc1hWd0U5d1NkVkNFUGdxclQyTnJVSUZkakFzeE9vVk1wSlVWRDN3RzZuR3pBQTlpVjh6cDgxOTVKSk1kbGtNM05xMEtkQWdaWVFiR1p1cmpub19FbUYxRkZNLQ?oc=5\" target=\"_blank\" rel=\"nofollow noopener\">Uv\u00e6r, Nyheter | Tove (63) har ikke opplevd lignende p\u00e5 25 \u00e5r: \u2013 Det ser ut som en krigssone<\/a>&nbsp;&nbsp;Avisa Nordland<\/li>\n<li><a href=\"https:\/\/news.google.com\/rss\/articles\/CBMiZ0FVX3lxTE9rbmNfaTVqWE1zby12TUhuZHJIX0REQVFWTFlWdmlnSFRZRlE0WVdNSTdqc25qd2lhMk93UEVwdEdPVzZBajZuVnZjR3FqM3QzREVmbV90WlN6OENpa3JZVVdWMWlUSk0?oc=5\" target=\"_blank\" rel=\"nofollow noopener\">S\u00e5 taket l\u00f8sne<\/a>&nbsp;&nbsp;Dagbladet<\/li>\n<li><a href=\"https:\/\/news.google.com\/rss\/articles\/CBMiyAFBVV95cUxNRW1tdE12dVFRWnNNRkJzSEEzMHEybGVZN0dnam1ORjdkZmhodWZUWlRCN1U0bXdVZXVhWWVTblhDYjEwRDhpWXAza2xuRE5qZlFGamxUV0Y5TVNlM1FGM0lIVWkxSjBGbndEUl9QVTIyVzQ2ZElNcjRNamYwZkx3RG51RkUzYklUOUlVMjd2YlFMcGlwSHBESWZXWXRfaktIcVlrdy11RkZPVE40d0FfQ1dnMjZRRVVKLU5xcVV0elFqdnFib1VOQw?oc=5\" target=\"_blank\" rel=\"nofollow noopener\">\u2013 Aldri opplevd makan!<\/a>&nbsp;&nbsp;Gudbrandsd\u00f8len Dagningen<\/li>\n<li><a href=\"https:\/\/news.google.com\/rss\/articles\/CBMiZkFVX3lxTFB4c3ZtSzBtLThIUUJQa1hqaFhPSFNBN2ExZmhULUtEQ2FfMGQzd3JvNEh4TTRMZG1kVXBaeEFHOGk0SWdQUDl4QmNjTTVSZ0dvTlR5NWxzbEVZVXRYOThWMy1fRldtQQ?oc=5\" target=\"_blank\" rel=\"nofollow noopener\">V\u00e6r, St\u00f8ver | Evakuerer sameie i Bod\u00f8: \u2013 Handler om \u00e5 f\u00e5 folk i sikkerhet<\/a>&nbsp;&nbsp;Avisa Nordland<\/li>\n<li><a href=\"https:\/\/news.google.com\/rss\/articles\/CBMif0FVX3lxTFBkR1BaWWxXQ3gxWElOX2xKWWo1TFczZjcxeVE1dTkyOVE4dUpSZExlVE82a2tqYU9fS0MyMk5GVVNnRUdrRGJqVXN1WjFuTUliai15cXR1VkRoalFGUjVnbWhtZlVoM0g2dHJxcDVFaWE1a0QxSTBNY00yUUs4eG8?oc=5\" target=\"_blank\" rel=\"nofollow noopener\">(+) \u2013 Han har v\u00e6rt trollsterk, rett og slett<\/a>&nbsp;&nbsp;vol.no<\/li>\n<\/ol>\n","protected":false},"excerpt":{"rendered":"Uv\u00e6r, Nyheter | Tove (63) har ikke opplevd lignende p\u00e5 25 \u00e5r: \u2013 Det ser ut som en&hellip;\n","protected":false},"author":2,"featured_media":123183,"comment_status":"","ping_status":"","sticky":false,"template":"","format":"standard","meta":{"footnotes":""},"categories":[5],"tags":[20,21,24,25,15,19,22,23,17,18,13,30,28,29,14,16,26,27],"class_list":{"0":"post-123182","1":"post","2":"type-post","3":"status-publish","4":"format-standard","5":"has-post-thumbnail","7":"category-overskrifter","8":"tag-breaking-news","9":"tag-breakingnews","10":"tag-featured-news","11":"tag-featurednews","12":"tag-headlines","13":"tag-hovedoppslag","14":"tag-latest-news","15":"tag-latestnews","16":"tag-main-news","17":"tag-mainnews","18":"tag-news","19":"tag-no","20":"tag-norge","21":"tag-norway","22":"tag-nyheter","23":"tag-overskrifter","24":"tag-top-stories","25":"tag-topstories"},"share_on_mastodon":{"url":"https:\/\/pubeurope.com\/@no\/115795223087229708","error":""},"_links":{"self":[{"href":"https:\/\/www.europesays.com\/no\/wp-json\/wp\/v2\/posts\/123182","targetHints":{"allow":["GET"]}}],"collection":[{"href":"https:\/\/www.europesays.com\/no\/wp-json\/wp\/v2\/posts"}],"about":[{"href":"https:\/\/www.europesays.com\/no\/wp-json\/wp\/v2\/types\/post"}],"author":[{"embeddable":true,"href":"https:\/\/www.europesays.com\/no\/wp-json\/wp\/v2\/users\/2"}],"replies":[{"embeddable":true,"href":"https:\/\/www.europesays.com\/no\/wp-json\/wp\/v2\/comments?post=123182"}],"version-history":[{"count":0,"href":"https:\/\/www.europesays.com\/no\/wp-json\/wp\/v2\/posts\/123182\/revisions"}],"wp:featuredmedia":[{"embeddable":true,"href":"https:\/\/www.europesays.com\/no\/wp-json\/wp\/v2\/media\/123183"}],"wp:attachment":[{"href":"https:\/\/www.europesays.com\/no\/wp-json\/wp\/v2\/media?parent=123182"}],"wp:term":[{"taxonomy":"category","embeddable":true,"href":"https:\/\/www.europesays.com\/no\/wp-json\/wp\/v2\/categories?post=123182"},{"taxonomy":"post_tag","embeddable":true,"href":"https:\/\/www.europesays.com\/no\/wp-json\/wp\/v2\/tags?post=123182"}],"curies":[{"name":"wp","href":"https:\/\/api.w.org\/{rel}","templated":true}]}}