{"id":123184,"date":"2025-12-28T04:20:17","date_gmt":"2025-12-28T04:20:17","guid":{"rendered":"https:\/\/www.europesays.com\/no\/123184\/"},"modified":"2025-12-28T04:20:17","modified_gmt":"2025-12-28T04:20:17","slug":"nar-skal-jula-ut-juleeksperten-liker-ikke-utviklingen-adressa-no","status":"publish","type":"post","link":"https:\/\/www.europesays.com\/no\/123184\/","title":{"rendered":"N\u00e5r skal jula ut? Juleeksperten liker ikke utviklingen &#8211; adressa.no"},"content":{"rendered":"<ol>\n<li><a href=\"https:\/\/news.google.com\/rss\/articles\/CBMioAFBVV95cUxQUlduNW1uZmF6T1Vwd1BSbHBfaVBSYUx4V21CTXBpUUpXdHc1cWctMEQ3VWNWQWNzYlJiV3FvR2ZodXV4Y191SnBZZWFMazlpOF9naFlfMmxTUGxiZF9SeWx4T19GVVplZ1FUWlZPaUsyRWFSRWdOSGttaW00LTgzR0JnOUFXU093ZWNtUnhKOXdUWi1Bb2N4OXBJRndkQzl2?oc=5\" target=\"_blank\" rel=\"nofollow noopener\">N\u00e5r skal jula ut? Juleeksperten liker ikke utviklingen<\/a>&nbsp;&nbsp;adressa.no<\/li>\n<li><a href=\"https:\/\/news.google.com\/rss\/articles\/CBMipAFBVV95cUxPZ01XSDZhWUJ2Tmpabl9hNThudkVQcHVIMHo3RHUwRy13eUlsbmR6SjhKOFRhb2N3bDZTZWNKZTRWdElGai1qMzRxTkhtVmhGNlJDanJOQW1ZcUFVRnRQbFpPMXNpQlNiZHA2RUtMMHRLd2ZWdGpDRUNkTHNKWnp6a3dUcDFtMU5HV29fckpHa1FmV005b1g2c1JDQVRkVEhLeW42ZA?oc=5\" target=\"_blank\" rel=\"nofollow noopener\">Julaften markerer slutten p\u00e5 julen for mange. Hva skjedde?<\/a>&nbsp;&nbsp;Aftenposten<\/li>\n<li><a href=\"https:\/\/news.google.com\/rss\/articles\/CBMiggFBVV95cUxOTEZ3d1d6UG16NTlKN2x2dDYxXzdCZy1qczYtZlJiaVUyOWlVbXhZZTF3N2lfdkxzSDRrbmdWTjFJOXZvQ2gwS0ZQXzVNdVBhMXJkaEw1R1BnOUhFU05JQjhzcVNaM2IweE9aWGI1MEhob2NDX2U5ay1SZ1h6QThxN0JB?oc=5\" target=\"_blank\" rel=\"nofollow noopener\">Jul, Julefeiring | \u2013 I min oppvekst begynte jul med julaften<\/a>&nbsp;&nbsp;Haugesunds Avis<\/li>\n<li><a href=\"https:\/\/news.google.com\/rss\/articles\/CBMibEFVX3lxTE1ncDFhdkxQTm9PYXRkcm50SWp1RjgwTjg1aWhvYVlXdUJPM0xPTjlDcnpCLUlZUWZsRTJ6R0JFNml1UHM4RTRiMFpyTEdDTTJWekZWcy1OOXVLLVVVanE0VGlhOTNpYlc4cUJRRg?oc=5\" target=\"_blank\" rel=\"nofollow noopener\">(+) N\u00e5r skal julepynten ned?<\/a>&nbsp;&nbsp;vol.no<\/li>\n<li><a href=\"https:\/\/news.google.com\/rss\/articles\/CBMivgFBVV95cUxNODhNQlBvRXo0eWFlLV81Y2UxVGpZakhLVEtVMFRDNHY3c1pUd05fS2lLaXM1djJIX0N5SEV5SFBkQVBRNWpwRExwMWIxcHhVQW5VTi1kU25TU0F2R0REc1RLaTFPTVM4T0hiOGN3SFZPTWRfbmNITHJMNjBoME4tdWpQQVNocS0yaEE0YndOUkV5aDhVWUctanNZZDNPcUE0MHdiSkV5M2FMc1lpZFV2d0xmTHdydWJjdElwVHBn?oc=5\" target=\"_blank\" rel=\"nofollow noopener\">Juletradisjon, Kjendis | Det r\u00e5der uenighet om n\u00e5r dette skal gj\u00f8res: \u2013 Vil s\u00e5 gjerne nyte synet av det noen dager<\/a>&nbsp;&nbsp;Hamar Arbeiderblad<\/li>\n<\/ol>\n","protected":false},"excerpt":{"rendered":"N\u00e5r skal jula ut? Juleeksperten liker ikke utviklingen&nbsp;&nbsp;adressa.no Julaften markerer slutten p\u00e5 julen for mange. Hva skjedde?&nbsp;&nbsp;Aftenposten Jul,&hellip;\n","protected":false},"author":2,"featured_media":123185,"comment_status":"","ping_status":"","sticky":false,"template":"","format":"standard","meta":{"footnotes":""},"categories":[5],"tags":[20,21,24,25,15,19,5593,13202,12267,22,23,17,18,13,30,28,29,14,16,26,27],"class_list":{"0":"post-123184","1":"post","2":"type-post","3":"status-publish","4":"format-standard","5":"has-post-thumbnail","7":"category-overskrifter","8":"tag-breaking-news","9":"tag-breakingnews","10":"tag-featured-news","11":"tag-featurednews","12":"tag-headlines","13":"tag-hovedoppslag","14":"tag-jul","15":"tag-julepynt","16":"tag-julestemning","17":"tag-latest-news","18":"tag-latestnews","19":"tag-main-news","20":"tag-mainnews","21":"tag-news","22":"tag-no","23":"tag-norge","24":"tag-norway","25":"tag-nyheter","26":"tag-overskrifter","27":"tag-top-stories","28":"tag-topstories"},"share_on_mastodon":{"url":"https:\/\/pubeurope.com\/@no\/115795278124352268","error":""},"_links":{"self":[{"href":"https:\/\/www.europesays.com\/no\/wp-json\/wp\/v2\/posts\/123184","targetHints":{"allow":["GET"]}}],"collection":[{"href":"https:\/\/www.europesays.com\/no\/wp-json\/wp\/v2\/posts"}],"about":[{"href":"https:\/\/www.europesays.com\/no\/wp-json\/wp\/v2\/types\/post"}],"author":[{"embeddable":true,"href":"https:\/\/www.europesays.com\/no\/wp-json\/wp\/v2\/users\/2"}],"replies":[{"embeddable":true,"href":"https:\/\/www.europesays.com\/no\/wp-json\/wp\/v2\/comments?post=123184"}],"version-history":[{"count":0,"href":"https:\/\/www.europesays.com\/no\/wp-json\/wp\/v2\/posts\/123184\/revisions"}],"wp:featuredmedia":[{"embeddable":true,"href":"https:\/\/www.europesays.com\/no\/wp-json\/wp\/v2\/media\/123185"}],"wp:attachment":[{"href":"https:\/\/www.europesays.com\/no\/wp-json\/wp\/v2\/media?parent=123184"}],"wp:term":[{"taxonomy":"category","embeddable":true,"href":"https:\/\/www.europesays.com\/no\/wp-json\/wp\/v2\/categories?post=123184"},{"taxonomy":"post_tag","embeddable":true,"href":"https:\/\/www.europesays.com\/no\/wp-json\/wp\/v2\/tags?post=123184"}],"curies":[{"name":"wp","href":"https:\/\/api.w.org\/{rel}","templated":true}]}}